{"id":5738,"date":"2022-05-23T04:24:38","date_gmt":"2022-05-23T04:24:38","guid":{"rendered":"https:\/\/tribunavm.com.ar\/?p=5738"},"modified":"2022-05-23T04:24:38","modified_gmt":"2022-05-23T04:24:38","slug":"paros-por-aumento-salarial","status":"publish","type":"post","link":"https:\/\/tribunavm.com.ar\/index.php\/2022\/05\/23\/paros-por-aumento-salarial\/","title":{"rendered":"Paros por aumento salarial"},"content":{"rendered":"<div class=\"row clearfix\">\n<div class=\"col-md-8\">\n<p><span style=\"color: #212121; font-size: 1.5em; letter-spacing: -0.01em;\">La semana pasada choferes de colectivo, trabajadores del neum\u00e1tico y obreros mar\u00edtimos lanzaron reclamos por mejoras salariales y la \u201csoberan\u00eda nacional\u201d.\u00a0<\/span><\/p>\n<p><span style=\"color: #ff9900;\"><b><span class=\"dropcap \" style=\"background-color: #ffffff; color: #dd9933; border-color: #ffffff;\">C<\/span>hoferes de colectivo<\/b><\/span><\/p>\n<p><span style=\"font-weight: 400;\">El pasado martes el titular de la Uni\u00f3n Tranviaria Automotor (UTA), Roberto Fern\u00e1ndez, confirm\u00f3 una huelga de 72 horas por la \u201cdesigualdad del pago de sueldos de los trabajadores del transporte entre el interior del pa\u00eds y los del \u00c1rea Metropolitana de Buenos Aires (AMBA)\u201d.<\/span><\/p>\n<p><span style=\"font-weight: 400;\">Luego, el paro qued\u00f3 suspendido ante una nueva propuesta ofrecida desde la Federaci\u00f3n Argentina de Transportadores por Automotor de Pasajeros (Fatap).<\/span><\/p>\n<p><span style=\"font-weight: 400;\">En un comunicado, la UTA solicit\u00f3 a las autoridades del Ministerio de Trabajo una audiencia para &#8220;la ratificaci\u00f3n de las posiciones en torno a las cuales se ha alcanzado este acuerdo&#8221;.<\/span><\/p>\n<p><span style=\"color: #ff9900;\"><b>Trabajadores del neum\u00e1tico<\/b><\/span><\/p>\n<p><span style=\"font-weight: 400;\">Por su parte, los trabajadores del neum\u00e1tico realizaron un paro de cuatro horas en las plantas de Pirelli, Bridgestone, y Fate el martes pasado.<\/span><\/p>\n<p><span style=\"font-weight: 400;\">A trav\u00e9s de un comunicado, el Sindicato \u00danico de Trabajadores del Neum\u00e1tico (SUTNA), hab\u00eda expresado que \u201cla propuesta de incremento salarial, si se mantiene la inflaci\u00f3n de los \u00faltimos meses, no cubrir\u00eda siquiera la inflaci\u00f3n del periodo a acordar\u201d.<\/span><\/p>\n<p><span style=\"font-weight: 400;\">&#8220;El costo de mano de obra por cubierta es de solo $1000 \u00a1s\u00ed $1000!, mientras en los principales diarios salen notas diciendo que \u2018comprar cuatro neum\u00e1ticos nuevos, del modelo m\u00e1s vendido en Argentina cuesta entre $230.000 y $237.000\u2032\u201d, exclamaron en un comunicado.<\/span><\/p>\n<p><span style=\"font-weight: 400;\">Las empresas buscan condicionar a los trabajadores a \u201cno poder cubrir con sus necesidades b\u00e1sicas y obligarlo de esta manera a realizar horas extras y todo otro tipo de pedido por fuera de sus obligaciones contractuales&#8221;, expresaron.<\/span><\/p>\n<p><span style=\"color: #ff9900;\"><b>Obreros Mar\u00edtimos<\/b><\/span><\/p>\n<p><span style=\"font-weight: 400;\">Los trabajadores mar\u00edtimos y portuarios se movilizaron el jueves hacia la Casa Rosada donde entregaron un petitorio al presidente Alberto Fern\u00e1ndez para reclamar la reactivaci\u00f3n de la marina mercante nacional.<\/span><\/p>\n<p><img loading=\"lazy\" decoding=\"async\" class=\"aligncenter size-full wp-image-5740\" src=\"https:\/\/tribunavm.com.ar\/wp-content\/uploads\/2022\/05\/interpomar.jpg\" alt=\"\" width=\"2016\" height=\"1134\" srcset=\"https:\/\/tribunavm.com.ar\/wp-content\/uploads\/2022\/05\/interpomar.jpg 2016w, https:\/\/tribunavm.com.ar\/wp-content\/uploads\/2022\/05\/interpomar-300x169.jpg 300w, https:\/\/tribunavm.com.ar\/wp-content\/uploads\/2022\/05\/interpomar-1024x576.jpg 1024w, https:\/\/tribunavm.com.ar\/wp-content\/uploads\/2022\/05\/interpomar-768x432.jpg 768w, https:\/\/tribunavm.com.ar\/wp-content\/uploads\/2022\/05\/interpomar-1536x864.jpg 1536w, https:\/\/tribunavm.com.ar\/wp-content\/uploads\/2022\/05\/interpomar-750x422.jpg 750w, https:\/\/tribunavm.com.ar\/wp-content\/uploads\/2022\/05\/interpomar-1140x641.jpg 1140w\" sizes=\"(max-width: 2016px) 100vw, 2016px\" \/><\/p>\n<p><span style=\"font-weight: 400;\">&#8220;Poseemos casi el 50% de este corredor fluvial (por el Paran\u00e1-Paraguay) y resulta que ya no poseemos buques de bandera argentina que naveguen y exportan nuestros productos del pa\u00eds siendo que todos los a\u00f1os se generan nuevos r\u00e9cords de exportaci\u00f3n. La contrataci\u00f3n de fletes extranjeros se traduce en p\u00e9rdida de divisas para el pa\u00eds, de fuentes de trabajo y principalmente de soberan\u00eda\u201d, sostuvieron.<\/span><\/p>\n<p><span style=\"font-weight: 400;\">En el Sindicato de Obreros Mar\u00edtimos Unidos &#8220;todos los compa\u00f1eros y compa\u00f1eras tienen despierto su esp\u00edritu de lucha, los trabajadores organizados no vamos a claudicar ni a entregar la soberan\u00eda de nuestro pa\u00eds&#8221;, finalizaron.<\/span><\/p>\n<\/div>\n<\/div>\n","protected":false},"excerpt":{"rendered":"<p>La semana pasada choferes de colectivo, trabajadores del neum\u00e1tico y obreros mar\u00edtimos lanzaron reclamos por mejoras salariales y la \u201csoberan\u00eda nacional\u201d.\u00a0 Choferes de colectivo El pasado martes el titular de la Uni\u00f3n Tranviaria Automotor (UTA), Roberto Fern\u00e1ndez, confirm\u00f3 una huelga de 72 horas por la \u201cdesigualdad del pago de sueldos de los trabajadores del transporte [&hellip;]<\/p>\n","protected":false},"author":2,"featured_media":5739,"comment_status":"open","ping_status":"open","sticky":false,"template":"","format":"standard","meta":{"_exactmetrics_skip_tracking":false,"_exactmetrics_sitenote_active":false,"_exactmetrics_sitenote_note":"","_exactmetrics_sitenote_category":0,"jnews-multi-image_gallery":[],"jnews_single_post":{"source_name":"","source_url":"","via_name":"","via_url":"","override_template":"0","override":[{"template":"1","single_blog_custom":"","parallax":"1","fullscreen":"1","layout":"right-sidebar","sidebar":"default-sidebar","second_sidebar":"default-sidebar","sticky_sidebar":"1","share_position":"top","share_float_style":"share-monocrhome","show_share_counter":"1","show_view_counter":"1","show_featured":"1","show_post_meta":"1","show_post_author":"1","show_post_author_image":"1","show_post_date":"1","post_date_format":"default","post_date_format_custom":"Y\/m\/d","show_post_category":"1","show_post_reading_time":"0","post_reading_time_wpm":"300","show_zoom_button":"0","zoom_button_out_step":"2","zoom_button_in_step":"3","show_post_tag":"1","show_prev_next_post":"1","show_popup_post":"1","number_popup_post":"1","show_author_box":"0","show_post_related":"0","show_inline_post_related":"0"}],"override_image_size":"0","image_override":[{"single_post_thumbnail_size":"crop-500","single_post_gallery_size":"crop-500"}],"trending_post":"0","trending_post_position":"meta","trending_post_label":"Trending","sponsored_post":"0","sponsored_post_label":"Sponsored by","sponsored_post_name":"","sponsored_post_url":"","sponsored_post_logo_enable":"0","sponsored_post_logo":"","sponsored_post_desc":""},"jnews_primary_category":{"id":"22"},"jnews_social_meta":{"fb_title":"","fb_description":"","fb_image":"","twitter_title":"","twitter_description":"","twitter_image":""},"jnews_override_counter":{"override_view_counter":"0","view_counter_number":"0","override_share_counter":"0","share_counter_number":"0","override_like_counter":"0","like_counter_number":"0","override_dislike_counter":"0","dislike_counter_number":"0"},"_joinchat":[],"footnotes":""},"categories":[22],"tags":[183,249,192,35],"class_list":["post-5738","post","type-post","status-publish","format-standard","has-post-thumbnail","hentry","category-actualidad","tag-condiciones-de-trabajo","tag-edicion-89","tag-movimiento","tag-trabajadores"],"_links":{"self":[{"href":"https:\/\/tribunavm.com.ar\/index.php\/wp-json\/wp\/v2\/posts\/5738"}],"collection":[{"href":"https:\/\/tribunavm.com.ar\/index.php\/wp-json\/wp\/v2\/posts"}],"about":[{"href":"https:\/\/tribunavm.com.ar\/index.php\/wp-json\/wp\/v2\/types\/post"}],"author":[{"embeddable":true,"href":"https:\/\/tribunavm.com.ar\/index.php\/wp-json\/wp\/v2\/users\/2"}],"replies":[{"embeddable":true,"href":"https:\/\/tribunavm.com.ar\/index.php\/wp-json\/wp\/v2\/comments?post=5738"}],"version-history":[{"count":1,"href":"https:\/\/tribunavm.com.ar\/index.php\/wp-json\/wp\/v2\/posts\/5738\/revisions"}],"predecessor-version":[{"id":5741,"href":"https:\/\/tribunavm.com.ar\/index.php\/wp-json\/wp\/v2\/posts\/5738\/revisions\/5741"}],"wp:featuredmedia":[{"embeddable":true,"href":"https:\/\/tribunavm.com.ar\/index.php\/wp-json\/wp\/v2\/media\/5739"}],"wp:attachment":[{"href":"https:\/\/tribunavm.com.ar\/index.php\/wp-json\/wp\/v2\/media?parent=5738"}],"wp:term":[{"taxonomy":"category","embeddable":true,"href":"https:\/\/tribunavm.com.ar\/index.php\/wp-json\/wp\/v2\/categories?post=5738"},{"taxonomy":"post_tag","embeddable":true,"href":"https:\/\/tribunavm.com.ar\/index.php\/wp-json\/wp\/v2\/tags?post=5738"}],"curies":[{"name":"wp","href":"https:\/\/api.w.org\/{rel}","templated":true}]}}