{"id":5747,"date":"2022-05-23T05:00:06","date_gmt":"2022-05-23T05:00:06","guid":{"rendered":"https:\/\/tribunavm.com.ar\/?p=5747"},"modified":"2022-05-23T05:03:18","modified_gmt":"2022-05-23T05:03:18","slug":"reunion-del-consejo-federal-hidrovia","status":"publish","type":"post","link":"https:\/\/tribunavm.com.ar\/index.php\/2022\/05\/23\/reunion-del-consejo-federal-hidrovia\/","title":{"rendered":"Reuni\u00f3n del Consejo Federal Hidrov\u00eda"},"content":{"rendered":"<div class=\"row clearfix\">\n<div class=\"col-md-8\">\n<div class=\"intro-text\">\n<p><span style=\"font-weight: 400;\">Con la presencia de funcionarios y gobernadores se reuni\u00f3 el ente encargado de licitar la V\u00eda Navegable Paran\u00e1-Paraguay.<\/span><\/p>\n<\/div>\n<p><span style=\"font-weight: 400;\"><span class=\"dropcap \" style=\"background-color: #ffffff; color: #dd9933; border-color: #ffffff;\">E<\/span>l viernes 13 de mayo, en la ciudad de Rosario, se realiz\u00f3 una reuni\u00f3n del Consejo Federal Hidrov\u00eda donde se puso en funcionamiento el Consejo Directivo del Ente Nacional de Control y Gesti\u00f3n que llevar\u00e1 adelante el proceso licitatorio de la V\u00eda Navegable Paran\u00e1-Paraguay.<\/span><\/p>\n<p><span style=\"font-weight: 400;\">El Consejo fue creado a trav\u00e9s de la <\/span><span style=\"color: #ff9900;\"><a style=\"color: #ff9900;\" href=\"https:\/\/www.boletinoficial.gob.ar\/detalleAviso\/primera\/238926\/20201221\"><span style=\"font-weight: 400;\">resoluci\u00f3n del Ministerio de Transporte 307\/2020<\/span><\/a><\/span><span style=\"font-weight: 400;\">, presidido por el titular del Ministerio de Transporte e integrado por representantes de diferentes ministerios y gobernadores de las provincias involucradas.<\/span><\/p>\n<p><span style=\"font-weight: 400;\">Alexis Guerrera, titular de la cartera, expres\u00f3 durante la reuni\u00f3n que \u201cesta v\u00eda navegable finaliza su concesi\u00f3n tras 26 a\u00f1os. Hab\u00eda sido pensada con otros puertos, con otro nivel de producci\u00f3n y embarcaciones, por eso estamos obligados a actualizarnos\u201d. Adem\u00e1s, las modificaciones de la log\u00edstica deben realizarse \u201ccombinando lo terrestre, con el ferrocarril y con el transporte automotor, para bajar costos de la log\u00edstica que es uno de los mayores problemas que tenemos como pa\u00eds exportador\u201d.<\/span><\/p>\n<p><img loading=\"lazy\" decoding=\"async\" class=\"aligncenter size-full wp-image-5749\" src=\"https:\/\/tribunavm.com.ar\/wp-content\/uploads\/2022\/05\/HIDROVIA-ADENTRO.jpg\" alt=\"\" width=\"1620\" height=\"1080\" srcset=\"https:\/\/tribunavm.com.ar\/wp-content\/uploads\/2022\/05\/HIDROVIA-ADENTRO.jpg 1620w, https:\/\/tribunavm.com.ar\/wp-content\/uploads\/2022\/05\/HIDROVIA-ADENTRO-300x200.jpg 300w, https:\/\/tribunavm.com.ar\/wp-content\/uploads\/2022\/05\/HIDROVIA-ADENTRO-1024x683.jpg 1024w, https:\/\/tribunavm.com.ar\/wp-content\/uploads\/2022\/05\/HIDROVIA-ADENTRO-768x512.jpg 768w, https:\/\/tribunavm.com.ar\/wp-content\/uploads\/2022\/05\/HIDROVIA-ADENTRO-1536x1024.jpg 1536w, https:\/\/tribunavm.com.ar\/wp-content\/uploads\/2022\/05\/HIDROVIA-ADENTRO-750x500.jpg 750w, https:\/\/tribunavm.com.ar\/wp-content\/uploads\/2022\/05\/HIDROVIA-ADENTRO-1140x760.jpg 1140w\" sizes=\"(max-width: 1620px) 100vw, 1620px\" \/><\/p>\n<p><span style=\"font-weight: 400;\">Del encuentro participaron el ministro de Transporte, Alexis Guerrera, el gobernador de Santa Fe, Omar Perotti; de Buenos Aires, Axel Kicillof; de Chaco, Jorge Capitanich; de Formosa, Gildo Insfr\u00e1n; la vicegobernadora de Entre R\u00edos, Mar\u00eda Laura Stratta; el presidente del Ente Nacional de Control y Gesti\u00f3n de la V\u00eda Navegable, Ariel Sujarchuk; el secretario de Gesti\u00f3n de Transporte, Diego Giuliano; entre otros.<\/span><\/p>\n<p><span style=\"color: #ff9900;\"><b>Importancia estrat\u00e9gica<\/b><\/span><\/p>\n<p><span style=\"font-weight: 400;\">Seg\u00fan la Armada Argentina, la hidrov\u00eda \u201cconstituye una de las reservas h\u00eddricas m\u00e1s importantes del globo, no s\u00f3lo por el caudal de los r\u00edos que desaguan en \u00e9l, sino por la diversidad biol\u00f3gica del \u00e1rea y por la riqueza de los territorios que aquellos ba\u00f1an. Por su extensi\u00f3n, es la segunda despu\u00e9s de la amaz\u00f3nica en esta parte del continente, y constituye el \u00e1rea donde se concentra una importante actividad econ\u00f3mica y la mayor densidad de poblaci\u00f3n\u201d.<\/span><\/p>\n<p>&nbsp;<\/p>\n<\/div>\n<\/div>\n","protected":false},"excerpt":{"rendered":"<p>Con la presencia de funcionarios y gobernadores se reuni\u00f3 el ente encargado de licitar la V\u00eda Navegable Paran\u00e1-Paraguay. El viernes 13 de mayo, en la ciudad de Rosario, se realiz\u00f3 una reuni\u00f3n del Consejo Federal Hidrov\u00eda donde se puso en funcionamiento el Consejo Directivo del Ente Nacional de Control y Gesti\u00f3n que llevar\u00e1 adelante el [&hellip;]<\/p>\n","protected":false},"author":2,"featured_media":5748,"comment_status":"open","ping_status":"open","sticky":false,"template":"","format":"standard","meta":{"_exactmetrics_skip_tracking":false,"_exactmetrics_sitenote_active":false,"_exactmetrics_sitenote_note":"","_exactmetrics_sitenote_category":0,"jnews-multi-image_gallery":[],"jnews_single_post":{"source_name":"","source_url":"","via_name":"","via_url":"","override_template":"0","override":[{"template":"1","single_blog_custom":"","parallax":"1","fullscreen":"1","layout":"right-sidebar","sidebar":"default-sidebar","second_sidebar":"default-sidebar","sticky_sidebar":"1","share_position":"top","share_float_style":"share-monocrhome","show_share_counter":"1","show_view_counter":"1","show_featured":"1","show_post_meta":"1","show_post_author":"1","show_post_author_image":"1","show_post_date":"1","post_date_format":"default","post_date_format_custom":"Y\/m\/d","show_post_category":"1","show_post_reading_time":"0","post_reading_time_wpm":"300","show_zoom_button":"0","zoom_button_out_step":"2","zoom_button_in_step":"3","show_post_tag":"1","show_prev_next_post":"1","show_popup_post":"1","number_popup_post":"1","show_author_box":"0","show_post_related":"0","show_inline_post_related":"0"}],"override_image_size":"0","image_override":[{"single_post_thumbnail_size":"crop-500","single_post_gallery_size":"crop-500"}],"trending_post":"0","trending_post_position":"meta","trending_post_label":"Trending","sponsored_post":"0","sponsored_post_label":"Sponsored by","sponsored_post_name":"","sponsored_post_url":"","sponsored_post_logo_enable":"0","sponsored_post_logo":"","sponsored_post_desc":""},"jnews_primary_category":{"id":"22"},"jnews_social_meta":{"fb_title":"","fb_description":"","fb_image":"","twitter_title":"","twitter_description":"","twitter_image":""},"jnews_override_counter":{"override_view_counter":"0","view_counter_number":"0","override_share_counter":"0","share_counter_number":"0","override_like_counter":"0","like_counter_number":"0","override_dislike_counter":"0","dislike_counter_number":"0"},"_joinchat":[],"footnotes":""},"categories":[22],"tags":[249,46,39],"class_list":["post-5747","post","type-post","status-publish","format-standard","has-post-thumbnail","hentry","category-actualidad","tag-edicion-89","tag-energia","tag-gobierno"],"_links":{"self":[{"href":"https:\/\/tribunavm.com.ar\/index.php\/wp-json\/wp\/v2\/posts\/5747"}],"collection":[{"href":"https:\/\/tribunavm.com.ar\/index.php\/wp-json\/wp\/v2\/posts"}],"about":[{"href":"https:\/\/tribunavm.com.ar\/index.php\/wp-json\/wp\/v2\/types\/post"}],"author":[{"embeddable":true,"href":"https:\/\/tribunavm.com.ar\/index.php\/wp-json\/wp\/v2\/users\/2"}],"replies":[{"embeddable":true,"href":"https:\/\/tribunavm.com.ar\/index.php\/wp-json\/wp\/v2\/comments?post=5747"}],"version-history":[{"count":1,"href":"https:\/\/tribunavm.com.ar\/index.php\/wp-json\/wp\/v2\/posts\/5747\/revisions"}],"predecessor-version":[{"id":5750,"href":"https:\/\/tribunavm.com.ar\/index.php\/wp-json\/wp\/v2\/posts\/5747\/revisions\/5750"}],"wp:featuredmedia":[{"embeddable":true,"href":"https:\/\/tribunavm.com.ar\/index.php\/wp-json\/wp\/v2\/media\/5748"}],"wp:attachment":[{"href":"https:\/\/tribunavm.com.ar\/index.php\/wp-json\/wp\/v2\/media?parent=5747"}],"wp:term":[{"taxonomy":"category","embeddable":true,"href":"https:\/\/tribunavm.com.ar\/index.php\/wp-json\/wp\/v2\/categories?post=5747"},{"taxonomy":"post_tag","embeddable":true,"href":"https:\/\/tribunavm.com.ar\/index.php\/wp-json\/wp\/v2\/tags?post=5747"}],"curies":[{"name":"wp","href":"https:\/\/api.w.org\/{rel}","templated":true}]}}