{"id":5760,"date":"2022-05-23T05:34:16","date_gmt":"2022-05-23T05:34:16","guid":{"rendered":"https:\/\/tribunavm.com.ar\/?p=5760"},"modified":"2022-05-23T05:34:16","modified_gmt":"2022-05-23T05:34:16","slug":"nuevo-aumento-de-combustibles","status":"publish","type":"post","link":"https:\/\/tribunavm.com.ar\/index.php\/2022\/05\/23\/nuevo-aumento-de-combustibles\/","title":{"rendered":"Nuevo aumento de combustibles"},"content":{"rendered":"<div class=\"row clearfix\">\n<div class=\"col-md-8\">\n<p><span style=\"color: #212121; font-size: 1.5em; letter-spacing: -0.01em;\">Las firmas privadas tomaron la iniciativa y se adelantaron a YPF como referencia en las alzas.<\/span><\/p>\n<p><span style=\"font-weight: 400;\"><span class=\"dropcap \" style=\"background-color: #ffffff; color: #dd9933; border-color: #ffffff;\">L<\/span>as refinadoras de petr\u00f3leo Axion, propiedad de Pan American Energy (PAE), y Ra\u00edzen, que comercializa el sello de Shell, subieron los precios en sus combustibles entre un 10,5% y un 12% el domingo 8 de mayo.\u00a0<\/span><\/p>\n<p><span style=\"font-weight: 400;\">En lo que fue el tercer aumento en lo que va del a\u00f1o, la empresa estatal YPF se acopl\u00f3 posteriormente a las privadas, constituyendo a su vez un movimiento at\u00edpico, ya que suele ser est\u00e1 la primera en modificar los valores y ser tomada como referencia.<\/span><\/p>\n<p><span style=\"font-weight: 400;\">Los argumentos que esgrimieron Axion y Ra\u00edzen para justificar los incrementos giraron en torno a la inestabilidad de los precios internacionales, la creciente inflaci\u00f3n y problemas vinculados al abastecimiento.<\/span><\/p>\n<p><span style=\"font-weight: 400;\">La firma estatal, adem\u00e1s de coincidir sobre la situaci\u00f3n de los precios internacionales, asoci\u00f3 las alzas a los costos de la refinaci\u00f3n y comercializaci\u00f3n, y los aumentos de los valores locales de biocombustibles.\u00a0<\/span><\/p>\n<p><span style=\"font-weight: 400;\">En un comunicado, afirm\u00f3 que fue la compa\u00f1\u00eda que m\u00e1s esfuerzos hizo durante el mes de abril para garantizar la oferta \u201cdiferenci\u00e1ndose as\u00ed claramente de otras comercializadoras que incluso redujeron su oferta de productos al mercado durante el mismo per\u00edodo\u201d.<\/span><\/p>\n<\/div>\n<\/div>\n","protected":false},"excerpt":{"rendered":"<p>Las firmas privadas tomaron la iniciativa y se adelantaron a YPF como referencia en las alzas. Las refinadoras de petr\u00f3leo Axion, propiedad de Pan American Energy (PAE), y Ra\u00edzen, que comercializa el sello de Shell, subieron los precios en sus combustibles entre un 10,5% y un 12% el domingo 8 de mayo.\u00a0 En lo que [&hellip;]<\/p>\n","protected":false},"author":2,"featured_media":5761,"comment_status":"open","ping_status":"open","sticky":false,"template":"","format":"standard","meta":{"_exactmetrics_skip_tracking":false,"_exactmetrics_sitenote_active":false,"_exactmetrics_sitenote_note":"","_exactmetrics_sitenote_category":0,"jnews-multi-image_gallery":[],"jnews_single_post":{"source_name":"","source_url":"","via_name":"","via_url":"","override_template":"0","override":[{"template":"1","single_blog_custom":"","parallax":"1","fullscreen":"1","layout":"right-sidebar","sidebar":"default-sidebar","second_sidebar":"default-sidebar","sticky_sidebar":"1","share_position":"top","share_float_style":"share-monocrhome","show_share_counter":"1","show_view_counter":"1","show_featured":"1","show_post_meta":"1","show_post_author":"1","show_post_author_image":"1","show_post_date":"1","post_date_format":"default","post_date_format_custom":"Y\/m\/d","show_post_category":"1","show_post_reading_time":"0","post_reading_time_wpm":"300","show_zoom_button":"0","zoom_button_out_step":"2","zoom_button_in_step":"3","show_post_tag":"1","show_prev_next_post":"1","show_popup_post":"1","number_popup_post":"1","show_author_box":"0","show_post_related":"0","show_inline_post_related":"0"}],"override_image_size":"0","image_override":[{"single_post_thumbnail_size":"crop-500","single_post_gallery_size":"crop-500"}],"trending_post":"0","trending_post_position":"meta","trending_post_label":"Trending","sponsored_post":"0","sponsored_post_label":"Sponsored by","sponsored_post_name":"","sponsored_post_url":"","sponsored_post_logo_enable":"0","sponsored_post_logo":"","sponsored_post_desc":""},"jnews_primary_category":{"id":"22"},"jnews_social_meta":{"fb_title":"","fb_description":"","fb_image":"","twitter_title":"","twitter_description":"","twitter_image":""},"jnews_override_counter":{"override_view_counter":"0","view_counter_number":"0","override_share_counter":"0","share_counter_number":"0","override_like_counter":"0","like_counter_number":"0","override_dislike_counter":"0","dislike_counter_number":"0"},"_joinchat":[],"footnotes":""},"categories":[22],"tags":[249,46],"class_list":["post-5760","post","type-post","status-publish","format-standard","has-post-thumbnail","hentry","category-actualidad","tag-edicion-89","tag-energia"],"_links":{"self":[{"href":"https:\/\/tribunavm.com.ar\/index.php\/wp-json\/wp\/v2\/posts\/5760"}],"collection":[{"href":"https:\/\/tribunavm.com.ar\/index.php\/wp-json\/wp\/v2\/posts"}],"about":[{"href":"https:\/\/tribunavm.com.ar\/index.php\/wp-json\/wp\/v2\/types\/post"}],"author":[{"embeddable":true,"href":"https:\/\/tribunavm.com.ar\/index.php\/wp-json\/wp\/v2\/users\/2"}],"replies":[{"embeddable":true,"href":"https:\/\/tribunavm.com.ar\/index.php\/wp-json\/wp\/v2\/comments?post=5760"}],"version-history":[{"count":1,"href":"https:\/\/tribunavm.com.ar\/index.php\/wp-json\/wp\/v2\/posts\/5760\/revisions"}],"predecessor-version":[{"id":5762,"href":"https:\/\/tribunavm.com.ar\/index.php\/wp-json\/wp\/v2\/posts\/5760\/revisions\/5762"}],"wp:featuredmedia":[{"embeddable":true,"href":"https:\/\/tribunavm.com.ar\/index.php\/wp-json\/wp\/v2\/media\/5761"}],"wp:attachment":[{"href":"https:\/\/tribunavm.com.ar\/index.php\/wp-json\/wp\/v2\/media?parent=5760"}],"wp:term":[{"taxonomy":"category","embeddable":true,"href":"https:\/\/tribunavm.com.ar\/index.php\/wp-json\/wp\/v2\/categories?post=5760"},{"taxonomy":"post_tag","embeddable":true,"href":"https:\/\/tribunavm.com.ar\/index.php\/wp-json\/wp\/v2\/tags?post=5760"}],"curies":[{"name":"wp","href":"https:\/\/api.w.org\/{rel}","templated":true}]}}