{"id":5789,"date":"2022-05-25T01:34:40","date_gmt":"2022-05-25T01:34:40","guid":{"rendered":"https:\/\/tribunavm.com.ar\/?p=5789"},"modified":"2022-05-25T01:48:33","modified_gmt":"2022-05-25T01:48:33","slug":"movilizacion-de-trabajadores-en-todo-el-pais","status":"publish","type":"post","link":"https:\/\/tribunavm.com.ar\/index.php\/2022\/05\/25\/movilizacion-de-trabajadores-en-todo-el-pais\/","title":{"rendered":"Movilizaci\u00f3n contra la deuda y por salarios dignos"},"content":{"rendered":"<div class=\"row clearfix\">\n<div class=\"col-md-8\">\n<div class=\"intro-text\">\n<p><span style=\"font-weight: 400;\">Con el lema \u201clas deudas no se pagan\u201d, trabajadores nucleados en la central sindical CTA-A realizaron una movilizaci\u00f3n en contra del Fondo Monetario Internacional.\u00a0<\/span><\/p>\n<\/div>\n<p><span style=\"font-weight: 400;\"><span class=\"dropcap \" style=\"background-color: #ffffff; color: #dd9933; border-color: #ffffff;\">L<\/span>a CTA Aut\u00f3noma junto a otras organizaciones sociales y pol\u00edticas llevaron a cabo hoy una jornada de lucha en todo el pa\u00eds en contra del acuerdo con el FMI.<br \/>\n<\/span><\/p>\n<p><span style=\"font-weight: 400;\">La convocatoria bajo la consigna \u201clas deudas no se pagan\u201d se dio en el marco de los debates en comisiones que llevan adelante diputados nacionales y la visita del organismo al pa\u00eds.\u00a0<\/span><\/p>\n<p><span style=\"font-weight: 400;\">En Buenos Aires, Ricardo Peidro, Secretario General de la CTA Aut\u00f3noma remarc\u00f3 que el acuerdo \u201cva a traer consecuencias directas sobre la calidad de vida y los salarios de las y los trabajadores\u201d. Tras el anuncio agreg\u00f3 que \u201cle entregamos al Gobierno y al Congreso nuestra propuesta que es revisar este acuerdo\u201d.<\/span><\/p>\n<p><span style=\"font-weight: 400;\">A su vez, el secretario adjunto de la CTA Aut\u00f3noma, Hugo \u00abCachorro\u00bb Godoy, dijo \u201csomos absolutamente conscientes de la gravedad por la que est\u00e1 pasando nuestro pueblo. La movilizaci\u00f3n popular es la mejor arma para derrotar al FMI\u201d.<\/span><\/p>\n<p><span style=\"color: #ff9900;\"><b>Movilizaci\u00f3n local<\/b><\/span><\/p>\n<p><span style=\"font-weight: 400;\">En la ciudad de Villa Mar\u00eda, la marcha fue convocada por la Asociaci\u00f3n de Trabajadores del Estado (ATE) y la Central de Trabajadores de la Argentina Aut\u00f3noma (CTA-A). La misma comenz\u00f3 alrededor de las 10 de la ma\u00f1ana desde el Bv Sarmiento e Hip\u00f3lito Yrigoyen, y se dirigi\u00f3 hacia la plaza Centenario con la participaci\u00f3n de aproximadamente 350 personas.<\/span><\/p>\n<p><img loading=\"lazy\" decoding=\"async\" class=\"aligncenter size-jnews750x536 wp-image-5794\" src=\"https:\/\/tribunavm.com.ar\/wp-content\/uploads\/2022\/05\/WhatsApp-Image-2022-05-24-at-10.32.08-PM.jpeg\" alt=\"\" width=\"508\" height=\"451\" srcset=\"https:\/\/tribunavm.com.ar\/wp-content\/uploads\/2022\/05\/WhatsApp-Image-2022-05-24-at-10.32.08-PM.jpeg 508w, https:\/\/tribunavm.com.ar\/wp-content\/uploads\/2022\/05\/WhatsApp-Image-2022-05-24-at-10.32.08-PM-300x266.jpeg 300w\" sizes=\"(max-width: 508px) 100vw, 508px\" \/><\/p>\n<p><span style=\"font-weight: 400;\">Los trabajadores remarcaron en un folleto que \u201cel Fondo Monetario Internacional y los Fondos Comunes de Inversi\u00f3n utilizan la deuda para robar el fruto de nuestro trabajo, mientras nos sumergen en una vida de necesidades y pobreza\u201d. Por eso pidieron \u201cdestinar los recursos de la deuda a las necesidades populares: trabajo digno, educaci\u00f3n, salud y viviendas\u201d.\u00a0<\/span><\/p>\n<p><span style=\"font-weight: 400;\">En la plaza se realiz\u00f3 un acto donde intervinieron algunos participantes. Fernando \u201cOso\u201d Mercado, Secretario General de la Asociaci\u00f3n de Trabajadores del Estado (ATE) dijo que \u201clas deudas se pagan, las estafas no. Por eso, hay que poner lo que hay que poner para el beneficio del pueblo y no a espaldas para perjudicar a los trabajadores\u201d.\u00a0<\/span><\/p>\n<p><img loading=\"lazy\" decoding=\"async\" class=\"aligncenter size-full wp-image-5793\" src=\"https:\/\/tribunavm.com.ar\/wp-content\/uploads\/2022\/05\/WhatsApp-Image-2022-05-24-at-10.31.25-PM.jpeg\" alt=\"\" width=\"581\" height=\"448\" srcset=\"https:\/\/tribunavm.com.ar\/wp-content\/uploads\/2022\/05\/WhatsApp-Image-2022-05-24-at-10.31.25-PM.jpeg 581w, https:\/\/tribunavm.com.ar\/wp-content\/uploads\/2022\/05\/WhatsApp-Image-2022-05-24-at-10.31.25-PM-300x231.jpeg 300w\" sizes=\"(max-width: 581px) 100vw, 581px\" \/><\/p>\n<p><span style=\"font-weight: 400;\">\u201cSi no es con di\u00e1logo ser\u00e1 con paro. Los trabajadores no conocemos otra forma de conseguir las cosas si no es a trav\u00e9s de medidas de fuerza\u201d,\u00a0 remarc\u00f3 el dirigente.<\/span><\/p>\n<p><span style=\"font-weight: 400;\">\u201cPatria s\u00ed, colonia no. Un d\u00eda se sabr\u00e1 que esta patria fue liberada por los pobres y la clase trabajadora\u201d, concluy\u00f3.<\/span><\/p>\n<p><span style=\"font-weight: 400;\">Desde la Central de Trabajadores de Argentina Aut\u00f3noma (CTA-A) Villa Mar\u00eda apoyaron la movilizaci\u00f3n y publicaron un comunicado que reproducimos a continuaci\u00f3n:\u00a0<\/span><\/p>\n<p><img loading=\"lazy\" decoding=\"async\" class=\"aligncenter size-full wp-image-5795\" src=\"https:\/\/tribunavm.com.ar\/wp-content\/uploads\/2022\/05\/WhatsApp-Image-2022-05-24-at-10.31.50-PM.jpeg\" alt=\"\" width=\"679\" height=\"448\" srcset=\"https:\/\/tribunavm.com.ar\/wp-content\/uploads\/2022\/05\/WhatsApp-Image-2022-05-24-at-10.31.50-PM.jpeg 679w, https:\/\/tribunavm.com.ar\/wp-content\/uploads\/2022\/05\/WhatsApp-Image-2022-05-24-at-10.31.50-PM-300x198.jpeg 300w\" sizes=\"(max-width: 679px) 100vw, 679px\" \/><\/p>\n<p><i><span style=\"font-weight: 400;\">El proyecto popular y soberano que pretendemos los trabajadores no puede esperar el visto bueno de las clases dominantes para definir la pol\u00edtica del Estado para con la poblaci\u00f3n.\u00a0<\/span><\/i><\/p>\n<p><i><span style=\"font-weight: 400;\">El plan de las finanzas globales busca imponerse bajo una careta humanista y de progreso, cuando en realidad nos somete pol\u00edtica y econ\u00f3micamente a los poderes de la aristocracia financiera, representada por los Grandes Fondos de inversi\u00f3n, los organismos internacionales como la ONU, el G20, y custodiados por sus brazos armados como la OTAN que hoy contin\u00faa su proyecto de injerencia con bases militares y de inteligencia en nuestro pa\u00eds y toda Latinoam\u00e9rica.<\/span><\/i><\/p>\n<p><i><span style=\"font-weight: 400;\">Los organismos internacionales de cr\u00e9dito s\u00f3lo han tra\u00eddo miseria y hambre a nuestro pueblo a lo largo de la historia, seg\u00fan ellos &#8220;buscando lo mejor&#8221; para nosotros.<\/span><\/i><\/p>\n<p><i><span style=\"font-weight: 400;\">Su ejecuci\u00f3n es posible s\u00f3lo a costa de la dominaci\u00f3n de todo el pueblo. \u00bfCu\u00e1nto m\u00e1s vamos a soportar la miseria de millones de familias trabajadoras? \u00bfCuanto m\u00e1s vamos a aguantar el hambre de nuestros hijos? \u00bfCu\u00e1nto m\u00e1s vamos a resistir el enorme peso de trabajar 10, 12, 14 horas para s\u00f3lo sobrevivir?<\/span><\/i><\/p>\n<p><i><span style=\"font-weight: 400;\">Debemos romper las cadenas de la deuda, y ello solo va a ser posible con la m\u00e1s f\u00e9rrea oposici\u00f3n de todos los obreros en unidad con el pueblo, estudiantes, desocupados y trabajadores en general.<\/span><\/i><\/p>\n<p><i><span style=\"font-weight: 400;\">Hoy es m\u00e1s necesario que nunca la organizaci\u00f3n colectiva de nuestros reclamos, pelear por mejores condiciones de vida es la tarea urgente e inmediata que debemos emprender. Superar este r\u00e9gimen de explotaci\u00f3n es nuestro horizonte, por lo que debemos luchar todos unidos.<\/span><\/i><\/p>\n<p><i><span style=\"font-weight: 400;\">Llamamos a las organizaciones del pueblo a emprenderse en esta lucha, con nuestras diferencias y dificultades, pero con el objetivo bien claro de forjar desde y para el pueblo un proyecto verdaderamente soberano.<\/span><\/i><\/p>\n<p><i><span style=\"font-weight: 400;\">\u00a1ARRIBA LA LUCHA DE LOS TRABAJADORES, FUERA EL FMI DE LATINOAM\u00c9RICA!<\/span><\/i><\/p>\n<\/div>\n<\/div>\n","protected":false},"excerpt":{"rendered":"<p>Con el lema \u201clas deudas no se pagan\u201d, trabajadores nucleados en la central sindical CTA-A realizaron una movilizaci\u00f3n en contra del Fondo Monetario Internacional.\u00a0 La CTA Aut\u00f3noma junto a otras organizaciones sociales y pol\u00edticas llevaron a cabo hoy una jornada de lucha en todo el pa\u00eds en contra del acuerdo con el FMI. La convocatoria [&hellip;]<\/p>\n","protected":false},"author":2,"featured_media":5796,"comment_status":"open","ping_status":"open","sticky":false,"template":"","format":"standard","meta":{"_exactmetrics_skip_tracking":false,"_exactmetrics_sitenote_active":false,"_exactmetrics_sitenote_note":"","_exactmetrics_sitenote_category":0,"jnews-multi-image_gallery":[],"jnews_single_post":{"source_name":"","source_url":"","via_name":"","via_url":"","override_template":"0","override":[{"template":"1","single_blog_custom":"","parallax":"1","fullscreen":"1","layout":"right-sidebar","sidebar":"default-sidebar","second_sidebar":"default-sidebar","sticky_sidebar":"1","share_position":"top","share_float_style":"share-monocrhome","show_share_counter":"1","show_view_counter":"1","show_featured":"1","show_post_meta":"1","show_post_author":"1","show_post_author_image":"1","show_post_date":"1","post_date_format":"default","post_date_format_custom":"Y\/m\/d","show_post_category":"1","show_post_reading_time":"0","post_reading_time_wpm":"300","show_zoom_button":"0","zoom_button_out_step":"2","zoom_button_in_step":"3","show_post_tag":"1","show_prev_next_post":"1","show_popup_post":"1","number_popup_post":"1","show_author_box":"0","show_post_related":"0","show_inline_post_related":"0"}],"override_image_size":"0","image_override":[{"single_post_thumbnail_size":"crop-500","single_post_gallery_size":"crop-500"}],"trending_post":"0","trending_post_position":"meta","trending_post_label":"Trending","sponsored_post":"0","sponsored_post_label":"Sponsored by","sponsored_post_name":"","sponsored_post_url":"","sponsored_post_logo_enable":"0","sponsored_post_logo":"","sponsored_post_desc":""},"jnews_primary_category":{"id":"22"},"jnews_social_meta":{"fb_title":"","fb_description":"","fb_image":"","twitter_title":"","twitter_description":"","twitter_image":""},"jnews_override_counter":{"override_view_counter":"0","view_counter_number":"0","override_share_counter":"0","share_counter_number":"0","override_like_counter":"0","like_counter_number":"0","override_dislike_counter":"0","dislike_counter_number":"0"},"_joinchat":[],"footnotes":""},"categories":[22],"tags":[80,250,179,35],"class_list":["post-5789","post","type-post","status-publish","format-standard","has-post-thumbnail","hentry","category-actualidad","tag-deuda","tag-edicion-90","tag-fmi","tag-trabajadores"],"_links":{"self":[{"href":"https:\/\/tribunavm.com.ar\/index.php\/wp-json\/wp\/v2\/posts\/5789"}],"collection":[{"href":"https:\/\/tribunavm.com.ar\/index.php\/wp-json\/wp\/v2\/posts"}],"about":[{"href":"https:\/\/tribunavm.com.ar\/index.php\/wp-json\/wp\/v2\/types\/post"}],"author":[{"embeddable":true,"href":"https:\/\/tribunavm.com.ar\/index.php\/wp-json\/wp\/v2\/users\/2"}],"replies":[{"embeddable":true,"href":"https:\/\/tribunavm.com.ar\/index.php\/wp-json\/wp\/v2\/comments?post=5789"}],"version-history":[{"count":6,"href":"https:\/\/tribunavm.com.ar\/index.php\/wp-json\/wp\/v2\/posts\/5789\/revisions"}],"predecessor-version":[{"id":5802,"href":"https:\/\/tribunavm.com.ar\/index.php\/wp-json\/wp\/v2\/posts\/5789\/revisions\/5802"}],"wp:featuredmedia":[{"embeddable":true,"href":"https:\/\/tribunavm.com.ar\/index.php\/wp-json\/wp\/v2\/media\/5796"}],"wp:attachment":[{"href":"https:\/\/tribunavm.com.ar\/index.php\/wp-json\/wp\/v2\/media?parent=5789"}],"wp:term":[{"taxonomy":"category","embeddable":true,"href":"https:\/\/tribunavm.com.ar\/index.php\/wp-json\/wp\/v2\/categories?post=5789"},{"taxonomy":"post_tag","embeddable":true,"href":"https:\/\/tribunavm.com.ar\/index.php\/wp-json\/wp\/v2\/tags?post=5789"}],"curies":[{"name":"wp","href":"https:\/\/api.w.org\/{rel}","templated":true}]}}