{"id":5811,"date":"2022-06-06T02:57:55","date_gmt":"2022-06-06T02:57:55","guid":{"rendered":"https:\/\/tribunavm.com.ar\/?p=5811"},"modified":"2022-06-06T02:57:55","modified_gmt":"2022-06-06T02:57:55","slug":"chile-accede-a-nuevo-prestamo-del-fmi","status":"publish","type":"post","link":"https:\/\/tribunavm.com.ar\/index.php\/2022\/06\/06\/chile-accede-a-nuevo-prestamo-del-fmi\/","title":{"rendered":"Chile accede a nuevo pr\u00e9stamo del FMI"},"content":{"rendered":"<div class=\"row clearfix\">\n<div class=\"col-md-8\">\n<p><span style=\"font-weight: 400;\"><span class=\"dropcap \" style=\"background-color: #ffffff; color: #dd9933; border-color: #ffffff;\">E<\/span>l Fondo Monetario Internacional (FMI) aprob\u00f3 un nuevo pr\u00e9stamo para Chile de 3.500 millones de d\u00f3lares a devolverse en un a\u00f1o, a trav\u00e9s de un instrumento creado en 2020 llamado l\u00ednea de Liquidez de Corto Plazo (LLCP) que prev\u00e9 un respaldo rotatorio y renovable a pa\u00edses miembros que respeten algunas condiciones de \u201csolidez econ\u00f3mica\u201d.<\/span><\/p>\n<p><span style=\"font-weight: 400;\">Por su parte, el organismo multilateral explic\u00f3 en un comunicado que la l\u00ednea &#8220;respaldar\u00e1 la resiliencia econ\u00f3mica de Chile al proporcionar un respaldo para las necesidades de liquidez potenciales moderadas a corto plazo&#8221;.<\/span><\/p>\n<p><span style=\"font-weight: 400;\">Cabe resaltar que Chile anunci\u00f3 el mes pasado la salida del acuerdo de la L\u00ednea de Cr\u00e9dito Flexible (LCF) que hab\u00eda obtenido en 2020, por un monto de alrededor de 23.930 millones de d\u00f3lares.<\/span><\/p>\n<p><span style=\"font-weight: 400;\">Seg\u00fan el Banco Central de Chile, en su <\/span><span style=\"color: #ff9900;\"><a style=\"color: #ff9900;\" href=\"https:\/\/www.bcentral.cl\/documents\/33528\/3266764\/BDP_PII_DE_primer_trimestre_2022.pdf\/e530db3f-a8c5-bb4b-7bb5-7de5c00268b4?t=1652836655630\"><span style=\"font-weight: 400;\">informe sobre la balanza de pagos<\/span><\/a><\/span><span style=\"font-weight: 400;\">, la deuda externa en marzo de este a\u00f1o \u201ccreci\u00f3 en US$4.512 millones respecto del cierre del a\u00f1o anterior, totalizando US$243.513 millones, cifra equivalente a 76,8% del PIB\u201d. El mayor responsable de dicho aumento fue \u201cel Gobierno, cuya deuda aument\u00f3 US$3.441 millones, debido a las emisiones de bonos realizadas en el trimestre\u201d.<\/span><\/p>\n<p><span style=\"font-weight: 400;\">El informe indica que el 81% de la deuda se encuentra en d\u00f3lares estadounidenses, el 7,2%, en euros y s\u00f3lo el 7,0%, en pesos chilenos. Desde que asumi\u00f3 Gabriel Boric como presidente la deuda p\u00fablica creci\u00f3 por m\u00e1s de 7.000 millones de d\u00f3lares.<\/span><\/p>\n<\/div>\n<\/div>\n","protected":false},"excerpt":{"rendered":"<p>El Fondo Monetario Internacional (FMI) aprob\u00f3 un nuevo pr\u00e9stamo para Chile de 3.500 millones de d\u00f3lares a devolverse en un a\u00f1o, a trav\u00e9s de un instrumento creado en 2020 llamado l\u00ednea de Liquidez de Corto Plazo (LLCP) que prev\u00e9 un respaldo rotatorio y renovable a pa\u00edses miembros que respeten algunas condiciones de \u201csolidez econ\u00f3mica\u201d. Por [&hellip;]<\/p>\n","protected":false},"author":2,"featured_media":5813,"comment_status":"open","ping_status":"open","sticky":false,"template":"","format":"standard","meta":{"_exactmetrics_skip_tracking":false,"_exactmetrics_sitenote_active":false,"_exactmetrics_sitenote_note":"","_exactmetrics_sitenote_category":0,"jnews-multi-image_gallery":[],"jnews_single_post":{"source_name":"","source_url":"","via_name":"","via_url":"","override_template":"0","override":[{"template":"1","single_blog_custom":"","parallax":"1","fullscreen":"1","layout":"right-sidebar","sidebar":"default-sidebar","second_sidebar":"default-sidebar","sticky_sidebar":"1","share_position":"top","share_float_style":"share-monocrhome","show_share_counter":"1","show_view_counter":"1","show_featured":"1","show_post_meta":"1","show_post_author":"1","show_post_author_image":"1","show_post_date":"1","post_date_format":"default","post_date_format_custom":"Y\/m\/d","show_post_category":"1","show_post_reading_time":"0","post_reading_time_wpm":"300","show_zoom_button":"0","zoom_button_out_step":"2","zoom_button_in_step":"3","show_post_tag":"1","show_prev_next_post":"1","show_popup_post":"1","number_popup_post":"1","show_author_box":"0","show_post_related":"0","show_inline_post_related":"0"}],"override_image_size":"0","image_override":[{"single_post_thumbnail_size":"crop-500","single_post_gallery_size":"crop-500"}],"trending_post":"0","trending_post_position":"meta","trending_post_label":"Trending","sponsored_post":"0","sponsored_post_label":"Sponsored by","sponsored_post_name":"","sponsored_post_url":"","sponsored_post_logo_enable":"0","sponsored_post_logo":"","sponsored_post_desc":""},"jnews_primary_category":{"id":"22"},"jnews_social_meta":{"fb_title":"","fb_description":"","fb_image":"","twitter_title":"","twitter_description":"","twitter_image":""},"jnews_override_counter":{"override_view_counter":"0","view_counter_number":"0","override_share_counter":"0","share_counter_number":"0","override_like_counter":"0","like_counter_number":"0","override_dislike_counter":"0","dislike_counter_number":"0"},"_joinchat":[],"footnotes":""},"categories":[22],"tags":[80,250,179,39,69],"class_list":["post-5811","post","type-post","status-publish","format-standard","has-post-thumbnail","hentry","category-actualidad","tag-deuda","tag-edicion-90","tag-fmi","tag-gobierno","tag-latinoamerica"],"_links":{"self":[{"href":"https:\/\/tribunavm.com.ar\/index.php\/wp-json\/wp\/v2\/posts\/5811"}],"collection":[{"href":"https:\/\/tribunavm.com.ar\/index.php\/wp-json\/wp\/v2\/posts"}],"about":[{"href":"https:\/\/tribunavm.com.ar\/index.php\/wp-json\/wp\/v2\/types\/post"}],"author":[{"embeddable":true,"href":"https:\/\/tribunavm.com.ar\/index.php\/wp-json\/wp\/v2\/users\/2"}],"replies":[{"embeddable":true,"href":"https:\/\/tribunavm.com.ar\/index.php\/wp-json\/wp\/v2\/comments?post=5811"}],"version-history":[{"count":1,"href":"https:\/\/tribunavm.com.ar\/index.php\/wp-json\/wp\/v2\/posts\/5811\/revisions"}],"predecessor-version":[{"id":5814,"href":"https:\/\/tribunavm.com.ar\/index.php\/wp-json\/wp\/v2\/posts\/5811\/revisions\/5814"}],"wp:featuredmedia":[{"embeddable":true,"href":"https:\/\/tribunavm.com.ar\/index.php\/wp-json\/wp\/v2\/media\/5813"}],"wp:attachment":[{"href":"https:\/\/tribunavm.com.ar\/index.php\/wp-json\/wp\/v2\/media?parent=5811"}],"wp:term":[{"taxonomy":"category","embeddable":true,"href":"https:\/\/tribunavm.com.ar\/index.php\/wp-json\/wp\/v2\/categories?post=5811"},{"taxonomy":"post_tag","embeddable":true,"href":"https:\/\/tribunavm.com.ar\/index.php\/wp-json\/wp\/v2\/tags?post=5811"}],"curies":[{"name":"wp","href":"https:\/\/api.w.org\/{rel}","templated":true}]}}