{"id":5824,"date":"2022-06-06T03:23:35","date_gmt":"2022-06-06T03:23:35","guid":{"rendered":"https:\/\/tribunavm.com.ar\/?p=5824"},"modified":"2022-06-06T03:23:35","modified_gmt":"2022-06-06T03:23:35","slug":"uruguay-despidos-y-protestas-de-portuarios","status":"publish","type":"post","link":"https:\/\/tribunavm.com.ar\/index.php\/2022\/06\/06\/uruguay-despidos-y-protestas-de-portuarios\/","title":{"rendered":"Uruguay: despidos y protestas de portuarios"},"content":{"rendered":"<div class=\"row clearfix\">\n<div class=\"col-md-8\">\n<div class=\"intro-text\">\n<p><span style=\"font-weight: 400;\">La firma Montecon despidi\u00f3 150 trabajadores\u00a0 provocando el inicio de paros y marchas por parte de los sindicatos.<\/span><\/p>\n<\/div>\n<p><span style=\"font-weight: 400;\"><span class=\"dropcap \" style=\"background-color: #ffffff; color: #dd9933; border-color: #ffffff;\">E<\/span>l Sindicato \u00danico Portuario y Ramas Afines (Supra) y el Sindicato de Trabajadores de Montecon, una de las dos que operan en la principal terminal portuaria de Montevideo, realizaron una movilizaci\u00f3n y un paro de actividades en contra de 150 despidos y una rebaja salarial que realiz\u00f3 la firma.\u00a0<\/span><\/p>\n<p><span style=\"font-weight: 400;\">A principios de mayo, Montecon rebaj\u00f3 el salario un 50% para los 245 empleados que permanecer\u00e1n en plantilla. La empresa justifica las medidas al denunciar como un \u201cataque a la libre competencia\u201d el contrato firmado por el gobierno de Luis Lacalle Pou con la Terminal Cuenca del Plata (TCP), quedando a cargo de las principales operaciones del puerto de Montevideo hasta el a\u00f1o 2081.<\/span><\/p>\n<p><span style=\"font-weight: 400;\">Supra exigi\u00f3 al Ministerio que los trabajadores no asuman el costo del acuerdo de concesi\u00f3n monop\u00f3lica de la terminal a la multinacional Katoen Natie, propietaria de TCP.<\/span><\/p>\n<\/div>\n<\/div>\n","protected":false},"excerpt":{"rendered":"<p>La firma Montecon despidi\u00f3 150 trabajadores\u00a0 provocando el inicio de paros y marchas por parte de los sindicatos. El Sindicato \u00danico Portuario y Ramas Afines (Supra) y el Sindicato de Trabajadores de Montecon, una de las dos que operan en la principal terminal portuaria de Montevideo, realizaron una movilizaci\u00f3n y un paro de actividades en [&hellip;]<\/p>\n","protected":false},"author":2,"featured_media":5825,"comment_status":"open","ping_status":"open","sticky":false,"template":"","format":"standard","meta":{"_exactmetrics_skip_tracking":false,"_exactmetrics_sitenote_active":false,"_exactmetrics_sitenote_note":"","_exactmetrics_sitenote_category":0,"jnews-multi-image_gallery":[],"jnews_single_post":{"source_name":"","source_url":"","via_name":"","via_url":"","override_template":"0","override":[{"template":"1","single_blog_custom":"","parallax":"1","fullscreen":"1","layout":"right-sidebar","sidebar":"default-sidebar","second_sidebar":"default-sidebar","sticky_sidebar":"1","share_position":"top","share_float_style":"share-monocrhome","show_share_counter":"1","show_view_counter":"1","show_featured":"1","show_post_meta":"1","show_post_author":"1","show_post_author_image":"1","show_post_date":"1","post_date_format":"default","post_date_format_custom":"Y\/m\/d","show_post_category":"1","show_post_reading_time":"0","post_reading_time_wpm":"300","show_zoom_button":"0","zoom_button_out_step":"2","zoom_button_in_step":"3","show_post_tag":"1","show_prev_next_post":"1","show_popup_post":"1","number_popup_post":"1","show_author_box":"0","show_post_related":"0","show_inline_post_related":"0"}],"override_image_size":"0","image_override":[{"single_post_thumbnail_size":"crop-500","single_post_gallery_size":"crop-500"}],"trending_post":"0","trending_post_position":"meta","trending_post_label":"Trending","sponsored_post":"0","sponsored_post_label":"Sponsored by","sponsored_post_name":"","sponsored_post_url":"","sponsored_post_logo_enable":"0","sponsored_post_logo":"","sponsored_post_desc":""},"jnews_primary_category":{"id":"22"},"jnews_social_meta":{"fb_title":"","fb_description":"","fb_image":"","twitter_title":"","twitter_description":"","twitter_image":""},"jnews_override_counter":{"override_view_counter":"0","view_counter_number":"0","override_share_counter":"0","share_counter_number":"0","override_like_counter":"0","like_counter_number":"0","override_dislike_counter":"0","dislike_counter_number":"0"},"_joinchat":[],"footnotes":""},"categories":[22],"tags":[250,69,35],"class_list":["post-5824","post","type-post","status-publish","format-standard","has-post-thumbnail","hentry","category-actualidad","tag-edicion-90","tag-latinoamerica","tag-trabajadores"],"_links":{"self":[{"href":"https:\/\/tribunavm.com.ar\/index.php\/wp-json\/wp\/v2\/posts\/5824"}],"collection":[{"href":"https:\/\/tribunavm.com.ar\/index.php\/wp-json\/wp\/v2\/posts"}],"about":[{"href":"https:\/\/tribunavm.com.ar\/index.php\/wp-json\/wp\/v2\/types\/post"}],"author":[{"embeddable":true,"href":"https:\/\/tribunavm.com.ar\/index.php\/wp-json\/wp\/v2\/users\/2"}],"replies":[{"embeddable":true,"href":"https:\/\/tribunavm.com.ar\/index.php\/wp-json\/wp\/v2\/comments?post=5824"}],"version-history":[{"count":1,"href":"https:\/\/tribunavm.com.ar\/index.php\/wp-json\/wp\/v2\/posts\/5824\/revisions"}],"predecessor-version":[{"id":5826,"href":"https:\/\/tribunavm.com.ar\/index.php\/wp-json\/wp\/v2\/posts\/5824\/revisions\/5826"}],"wp:featuredmedia":[{"embeddable":true,"href":"https:\/\/tribunavm.com.ar\/index.php\/wp-json\/wp\/v2\/media\/5825"}],"wp:attachment":[{"href":"https:\/\/tribunavm.com.ar\/index.php\/wp-json\/wp\/v2\/media?parent=5824"}],"wp:term":[{"taxonomy":"category","embeddable":true,"href":"https:\/\/tribunavm.com.ar\/index.php\/wp-json\/wp\/v2\/categories?post=5824"},{"taxonomy":"post_tag","embeddable":true,"href":"https:\/\/tribunavm.com.ar\/index.php\/wp-json\/wp\/v2\/tags?post=5824"}],"curies":[{"name":"wp","href":"https:\/\/api.w.org\/{rel}","templated":true}]}}