{"id":5850,"date":"2022-06-06T04:10:14","date_gmt":"2022-06-06T04:10:14","guid":{"rendered":"https:\/\/tribunavm.com.ar\/?p=5850"},"modified":"2022-06-06T04:10:14","modified_gmt":"2022-06-06T04:10:14","slug":"plenario-y-normalizacion-de-la-cgt-local","status":"publish","type":"post","link":"https:\/\/tribunavm.com.ar\/index.php\/2022\/06\/06\/plenario-y-normalizacion-de-la-cgt-local\/","title":{"rendered":"Plenario y normalizaci\u00f3n de la CGT local"},"content":{"rendered":"<div class=\"row clearfix\">\n<div class=\"col-md-8\">\n<div class=\"intro-text\">\n<p><span style=\"font-weight: 400;\">Luego de 35 a\u00f1os, y con la adhesi\u00f3n de 41 sindicatos, eligieron a sus autoridades para los pr\u00f3ximos 4 a\u00f1os. \u201cUn hecho hist\u00f3rico\u201d, manifestaron desde la Central.<\/span><\/p>\n<\/div>\n<p><span style=\"font-weight: 400;\"><span class=\"dropcap \" style=\"background-color: #ffffff; color: #dd9933; border-color: #ffffff;\">E<\/span>l d\u00eda mi\u00e9rcoles 1 de junio se llev\u00f3 a cabo en la sede de la Uni\u00f3n Obrera Metal\u00fargica (UOM) el plenario ordinario de la Confederaci\u00f3n General del Trabajo (CGT) Delegaci\u00f3n Rregional de Villa Mar\u00eda, donde se formaliz\u00f3 bajo los estatutos de la organizaci\u00f3n nacional.<\/span><\/p>\n<p><span style=\"font-weight: 400;\">Alrededor de 300 personas se hicieron presentes: delegados, miembros de comisiones directivas y delegaciones de otras ciudades de los distintos sindicatos participantes.<\/span><\/p>\n<p><span style=\"font-weight: 400;\">Adem\u00e1s, estuvo presente Horacio Otero, responsable de la Secretar\u00eda del Interior de la CGT nacional. Luego de su intervenci\u00f3n, se realiz\u00f3 la elecci\u00f3n de autoridades quedando electa por votaci\u00f3n un\u00e1nime la Lista 1 Blanca \u201cUnidad de los trabajadores\u201d.<\/span><\/p>\n<p><span style=\"font-weight: 400;\">Edgardo Garmendia, del gremio de AOITA, fue elegido como secretario general. En el acto de cierre dijo que \u201cvenimos a decir presentes, a mostrar que cada territorio tiene su impronta. La lucha genuina de los trabajadores con la que debemos empujar en unidad es por viviendas, salud y trabajo digno&#8221;.<\/span><\/p>\n<p><span style=\"font-weight: 400;\">Conformaron la lista de la comisi\u00f3n directiva miembros del Sindicato de Empleados P\u00fablicos (SEP), Camioneros, UTEDyC (Entidades Civiles), Sindicato Regional de Luz y Fuerza, docentes de SADOP (privados), UEPC (provincia) y ADIUVIM (universitarios), UOCRA (constructores), la Bancaria, entre otros.\u00a0<\/span><\/p>\n<\/div>\n<\/div>\n","protected":false},"excerpt":{"rendered":"<p>Luego de 35 a\u00f1os, y con la adhesi\u00f3n de 41 sindicatos, eligieron a sus autoridades para los pr\u00f3ximos 4 a\u00f1os. \u201cUn hecho hist\u00f3rico\u201d, manifestaron desde la Central. El d\u00eda mi\u00e9rcoles 1 de junio se llev\u00f3 a cabo en la sede de la Uni\u00f3n Obrera Metal\u00fargica (UOM) el plenario ordinario de la Confederaci\u00f3n General del Trabajo [&hellip;]<\/p>\n","protected":false},"author":2,"featured_media":5851,"comment_status":"open","ping_status":"open","sticky":false,"template":"","format":"standard","meta":{"_exactmetrics_skip_tracking":false,"_exactmetrics_sitenote_active":false,"_exactmetrics_sitenote_note":"","_exactmetrics_sitenote_category":0,"jnews-multi-image_gallery":[],"jnews_single_post":{"source_name":"","source_url":"","via_name":"","via_url":"","override_template":"0","override":[{"template":"1","single_blog_custom":"","parallax":"1","fullscreen":"1","layout":"right-sidebar","sidebar":"default-sidebar","second_sidebar":"default-sidebar","sticky_sidebar":"1","share_position":"top","share_float_style":"share-monocrhome","show_share_counter":"1","show_view_counter":"1","show_featured":"1","show_post_meta":"1","show_post_author":"1","show_post_author_image":"1","show_post_date":"1","post_date_format":"default","post_date_format_custom":"Y\/m\/d","show_post_category":"1","show_post_reading_time":"0","post_reading_time_wpm":"300","show_zoom_button":"0","zoom_button_out_step":"2","zoom_button_in_step":"3","show_post_tag":"1","show_prev_next_post":"1","show_popup_post":"1","number_popup_post":"1","show_author_box":"0","show_post_related":"0","show_inline_post_related":"0"}],"override_image_size":"0","image_override":[{"single_post_thumbnail_size":"crop-500","single_post_gallery_size":"crop-500"}],"trending_post":"0","trending_post_position":"meta","trending_post_label":"Trending","sponsored_post":"0","sponsored_post_label":"Sponsored by","sponsored_post_name":"","sponsored_post_url":"","sponsored_post_logo_enable":"0","sponsored_post_logo":"","sponsored_post_desc":""},"jnews_primary_category":{"id":"22"},"jnews_social_meta":{"fb_title":"","fb_description":"","fb_image":"","twitter_title":"","twitter_description":"","twitter_image":""},"jnews_override_counter":{"override_view_counter":"0","view_counter_number":"0","override_share_counter":"0","share_counter_number":"0","override_like_counter":"0","like_counter_number":"0","override_dislike_counter":"0","dislike_counter_number":"0"},"_joinchat":[],"footnotes":""},"categories":[22],"tags":[250,210,35],"class_list":["post-5850","post","type-post","status-publish","format-standard","has-post-thumbnail","hentry","category-actualidad","tag-edicion-90","tag-local","tag-trabajadores"],"_links":{"self":[{"href":"https:\/\/tribunavm.com.ar\/index.php\/wp-json\/wp\/v2\/posts\/5850"}],"collection":[{"href":"https:\/\/tribunavm.com.ar\/index.php\/wp-json\/wp\/v2\/posts"}],"about":[{"href":"https:\/\/tribunavm.com.ar\/index.php\/wp-json\/wp\/v2\/types\/post"}],"author":[{"embeddable":true,"href":"https:\/\/tribunavm.com.ar\/index.php\/wp-json\/wp\/v2\/users\/2"}],"replies":[{"embeddable":true,"href":"https:\/\/tribunavm.com.ar\/index.php\/wp-json\/wp\/v2\/comments?post=5850"}],"version-history":[{"count":1,"href":"https:\/\/tribunavm.com.ar\/index.php\/wp-json\/wp\/v2\/posts\/5850\/revisions"}],"predecessor-version":[{"id":5852,"href":"https:\/\/tribunavm.com.ar\/index.php\/wp-json\/wp\/v2\/posts\/5850\/revisions\/5852"}],"wp:featuredmedia":[{"embeddable":true,"href":"https:\/\/tribunavm.com.ar\/index.php\/wp-json\/wp\/v2\/media\/5851"}],"wp:attachment":[{"href":"https:\/\/tribunavm.com.ar\/index.php\/wp-json\/wp\/v2\/media?parent=5850"}],"wp:term":[{"taxonomy":"category","embeddable":true,"href":"https:\/\/tribunavm.com.ar\/index.php\/wp-json\/wp\/v2\/categories?post=5850"},{"taxonomy":"post_tag","embeddable":true,"href":"https:\/\/tribunavm.com.ar\/index.php\/wp-json\/wp\/v2\/tags?post=5850"}],"curies":[{"name":"wp","href":"https:\/\/api.w.org\/{rel}","templated":true}]}}