{"id":586,"date":"2019-08-22T14:53:01","date_gmt":"2019-08-22T14:53:01","guid":{"rendered":"https:\/\/tribunavm.com.ar\/?p=586"},"modified":"2019-10-22T15:09:35","modified_gmt":"2019-10-22T15:09:35","slug":"la-esperanza-del-mundo","status":"publish","type":"post","link":"https:\/\/tribunavm.com.ar\/index.php\/2019\/08\/22\/la-esperanza-del-mundo\/","title":{"rendered":"La esperanza del mundo"},"content":{"rendered":"<div class=\"row clearfix\">\n<div class=\"col-md-8\">\n<div class=\"intro-text\">\n<p><span style=\"font-weight: 400;\">Los peques fueron los protagonistas. Comedores y merenderos de la ciudad organizaron actividades por el d\u00eda del ni\u00f1o.<\/span><\/p>\n<\/div>\n<p><span style=\"font-weight: 400;\"><span class=\"dropcap \" style=\"background-color: #ffffff; color: #dd9933; border-color: #ffffff;\">O<\/span>riginalmente el d\u00eda se celebra el 20 de noviembre por la Declaraci\u00f3n de los derechos del Ni\u00f1o en 1959 aprobada por las Naciones Unidas (ONU). El documento busca fomentar la fraternidad entre los ni\u00f1os del mundo y promover su bienestar, cuyo cumplimiento es obligatorio para todos los pa\u00edses firmantes.<\/span><\/p>\n<p><span style=\"font-weight: 400;\">En Argentina se festeja desde 1960 y actualmente se realiza el tercer domingo del mes de agosto.<\/span><\/p>\n<p><span style=\"color: #ff6600;\"><strong>En la ciudad de Villa Mar\u00eda organizaciones sociales realizaron actividades en distintos barrios<\/strong><\/span><\/p>\n<p><span style=\"font-weight: 400;\">Por un lado, el d\u00eda viernes en la Biblioteca Popular Eva Per\u00f3n, del barrio Los Olmos, proyectaron una pel\u00edcula para cerca de 60 ni\u00f1os, donde adem\u00e1s hubo sorpresas, juegos y comida.<\/span><\/p>\n<p><img loading=\"lazy\" decoding=\"async\" class=\"size-medium wp-image-594 alignleft\" src=\"https:\/\/tribunavm.com.ar\/wp-content\/uploads\/2019\/10\/los-olmos-1-300x169.jpg\" alt=\"\" width=\"300\" height=\"169\" srcset=\"https:\/\/tribunavm.com.ar\/wp-content\/uploads\/2019\/10\/los-olmos-1-300x169.jpg 300w, https:\/\/tribunavm.com.ar\/wp-content\/uploads\/2019\/10\/los-olmos-1-768x432.jpg 768w, https:\/\/tribunavm.com.ar\/wp-content\/uploads\/2019\/10\/los-olmos-1-750x422.jpg 750w, https:\/\/tribunavm.com.ar\/wp-content\/uploads\/2019\/10\/los-olmos-1.jpg 960w\" sizes=\"(max-width: 300px) 100vw, 300px\" \/> <img loading=\"lazy\" decoding=\"async\" class=\" wp-image-593 alignnone\" src=\"https:\/\/tribunavm.com.ar\/wp-content\/uploads\/2019\/10\/los-olmos-3-300x199.jpg\" alt=\"\" width=\"255\" height=\"169\" srcset=\"https:\/\/tribunavm.com.ar\/wp-content\/uploads\/2019\/10\/los-olmos-3-300x199.jpg 300w, https:\/\/tribunavm.com.ar\/wp-content\/uploads\/2019\/10\/los-olmos-3.jpg 540w\" sizes=\"(max-width: 255px) 100vw, 255px\" \/> <img loading=\"lazy\" decoding=\"async\" class=\"size-medium wp-image-592 alignleft\" src=\"https:\/\/tribunavm.com.ar\/wp-content\/uploads\/2019\/10\/los-olmos-300x169.jpg\" alt=\"\" width=\"300\" height=\"169\" srcset=\"https:\/\/tribunavm.com.ar\/wp-content\/uploads\/2019\/10\/los-olmos-300x169.jpg 300w, https:\/\/tribunavm.com.ar\/wp-content\/uploads\/2019\/10\/los-olmos-768x432.jpg 768w, https:\/\/tribunavm.com.ar\/wp-content\/uploads\/2019\/10\/los-olmos-750x422.jpg 750w, https:\/\/tribunavm.com.ar\/wp-content\/uploads\/2019\/10\/los-olmos.jpg 960w\" sizes=\"(max-width: 300px) 100vw, 300px\" \/> <img loading=\"lazy\" decoding=\"async\" class=\"size-medium wp-image-591 alignnone\" src=\"https:\/\/tribunavm.com.ar\/wp-content\/uploads\/2019\/10\/los-olmos-2-300x169.jpg\" alt=\"\" width=\"300\" height=\"169\" srcset=\"https:\/\/tribunavm.com.ar\/wp-content\/uploads\/2019\/10\/los-olmos-2-300x169.jpg 300w, https:\/\/tribunavm.com.ar\/wp-content\/uploads\/2019\/10\/los-olmos-2-768x432.jpg 768w, https:\/\/tribunavm.com.ar\/wp-content\/uploads\/2019\/10\/los-olmos-2-750x422.jpg 750w, https:\/\/tribunavm.com.ar\/wp-content\/uploads\/2019\/10\/los-olmos-2.jpg 960w\" sizes=\"(max-width: 300px) 100vw, 300px\" \/><\/p>\n<p><span style=\"font-weight: 400;\">Al d\u00eda siguiente en el Nicol\u00e1s Avellaneda realizaron un almuerzo para 150 ni\u00f1os. Luego pasaron a una instancia de juegos deportivos, espacios de pintura, sorpresas y estuvieron presentes payasos para animar la tarde. Organizaron la instancia los comedores Lugar de Amparo y La Esperanza, estudiantes de la Universidad Nacional y de Ed. F\u00edsica, la Casita Popular Eduardo Requena y j\u00f3venes del Consejo de Profesionales de Ciencias Econ\u00f3micas.<\/span><\/p>\n<p><img loading=\"lazy\" decoding=\"async\" class=\" wp-image-604 alignleft\" src=\"https:\/\/tribunavm.com.ar\/wp-content\/uploads\/2019\/10\/Foto-de-Tomas-del-Corro-300x225.jpg\" alt=\"\" width=\"330\" height=\"248\" srcset=\"https:\/\/tribunavm.com.ar\/wp-content\/uploads\/2019\/10\/Foto-de-Tomas-del-Corro-300x225.jpg 300w, https:\/\/tribunavm.com.ar\/wp-content\/uploads\/2019\/10\/Foto-de-Tomas-del-Corro-768x576.jpg 768w, https:\/\/tribunavm.com.ar\/wp-content\/uploads\/2019\/10\/Foto-de-Tomas-del-Corro-1024x768.jpg 1024w, https:\/\/tribunavm.com.ar\/wp-content\/uploads\/2019\/10\/Foto-de-Tomas-del-Corro-750x563.jpg 750w, https:\/\/tribunavm.com.ar\/wp-content\/uploads\/2019\/10\/Foto-de-Tomas-del-Corro-1140x855.jpg 1140w, https:\/\/tribunavm.com.ar\/wp-content\/uploads\/2019\/10\/Foto-de-Tomas-del-Corro.jpg 1280w\" sizes=\"(max-width: 330px) 100vw, 330px\" \/><\/p>\n<p><span style=\"font-weight: 400;\">Yamila Salgueiro, una de las organizadoras, dijo a Tribuna que \u201cse sum\u00f3 la gente del barrio, las familias, y hubo m\u00e1s de 40 colaboradores\u201d.<\/span><\/p>\n<p><span style=\"font-weight: 400;\">El domingo los festejos tuvieron lugar en el barrio Las Acacias. Entre payasos, chocolate y comida cerca de 50 peques tuvieron una gran jornada organizada por el Potrerito Malvinas.<\/span><\/p>\n<p><span style=\"font-weight: 400;\">Siguiendo con los festejos, el merendero Rayitos de Sol del barrio Las Playas, invita este viernes 23 de agosto a las 18:00hs en el Club San Lorenzo (Arturo M. Bas 54) a \u201c<\/span><span style=\"font-weight: 400;\">festejar el dia del ni\u00f1o, con muchos juegos, merienda y regalos. Vamos a pasar una tarde diferente<\/span><span style=\"font-weight: 400;\">.\u201d<\/span><\/p>\n<\/div>\n<\/div>\n","protected":false},"excerpt":{"rendered":"<p>Los peques fueron los protagonistas. Comedores y merenderos de la ciudad organizaron actividades por el d\u00eda del ni\u00f1o. Originalmente el d\u00eda se celebra el 20 de noviembre por la Declaraci\u00f3n de los derechos del Ni\u00f1o en 1959 aprobada por las Naciones Unidas (ONU). El documento busca fomentar la fraternidad entre los ni\u00f1os del mundo y [&hellip;]<\/p>\n","protected":false},"author":2,"featured_media":604,"comment_status":"open","ping_status":"open","sticky":false,"template":"","format":"standard","meta":{"_exactmetrics_skip_tracking":false,"_exactmetrics_sitenote_active":false,"_exactmetrics_sitenote_note":"","_exactmetrics_sitenote_category":0,"jnews-multi-image_gallery":[],"jnews_single_post":{"source_name":"","source_url":"","via_name":"","via_url":"","override_template":"0","override":[{"template":"1","single_blog_custom":"","parallax":"1","fullscreen":"0","layout":"right-sidebar","sidebar":"default-sidebar","second_sidebar":"default-sidebar","sticky_sidebar":"1","share_position":"top","share_float_style":"share-monocrhome","show_share_counter":"1","show_view_counter":"1","show_featured":"1","show_post_meta":"1","show_post_author":"1","show_post_author_image":"1","show_post_date":"1","post_date_format":"default","post_date_format_custom":"Y\/m\/d","show_post_category":"1","show_post_reading_time":"0","post_reading_time_wpm":"300","show_zoom_button":"0","zoom_button_out_step":"2","zoom_button_in_step":"3","show_post_tag":"1","show_prev_next_post":"1","show_popup_post":"1","number_popup_post":"1","show_author_box":"0","show_post_related":"0","show_inline_post_related":"0"}],"override_image_size":"0","image_override":[{"single_post_thumbnail_size":"crop-500","single_post_gallery_size":"crop-500"}],"trending_post":"0","trending_post_position":"meta","trending_post_label":"Trending"},"jnews_primary_category":{"id":"22"},"jnews_social_meta":{"fb_title":"","fb_description":"","fb_image":"","twitter_title":"","twitter_description":"","twitter_image":""},"jnews_override_counter":{"override_view_counter":"0","view_counter_number":"0","override_share_counter":"0","share_counter_number":"0","override_like_counter":"0","like_counter_number":"0","override_dislike_counter":"0","dislike_counter_number":"0"},"_joinchat":[],"footnotes":""},"categories":[22],"tags":[51,34],"class_list":["post-586","post","type-post","status-publish","format-standard","has-post-thumbnail","hentry","category-actualidad","tag-edicion-7","tag-social"],"_links":{"self":[{"href":"https:\/\/tribunavm.com.ar\/index.php\/wp-json\/wp\/v2\/posts\/586"}],"collection":[{"href":"https:\/\/tribunavm.com.ar\/index.php\/wp-json\/wp\/v2\/posts"}],"about":[{"href":"https:\/\/tribunavm.com.ar\/index.php\/wp-json\/wp\/v2\/types\/post"}],"author":[{"embeddable":true,"href":"https:\/\/tribunavm.com.ar\/index.php\/wp-json\/wp\/v2\/users\/2"}],"replies":[{"embeddable":true,"href":"https:\/\/tribunavm.com.ar\/index.php\/wp-json\/wp\/v2\/comments?post=586"}],"version-history":[{"count":5,"href":"https:\/\/tribunavm.com.ar\/index.php\/wp-json\/wp\/v2\/posts\/586\/revisions"}],"predecessor-version":[{"id":608,"href":"https:\/\/tribunavm.com.ar\/index.php\/wp-json\/wp\/v2\/posts\/586\/revisions\/608"}],"wp:featuredmedia":[{"embeddable":true,"href":"https:\/\/tribunavm.com.ar\/index.php\/wp-json\/wp\/v2\/media\/604"}],"wp:attachment":[{"href":"https:\/\/tribunavm.com.ar\/index.php\/wp-json\/wp\/v2\/media?parent=586"}],"wp:term":[{"taxonomy":"category","embeddable":true,"href":"https:\/\/tribunavm.com.ar\/index.php\/wp-json\/wp\/v2\/categories?post=586"},{"taxonomy":"post_tag","embeddable":true,"href":"https:\/\/tribunavm.com.ar\/index.php\/wp-json\/wp\/v2\/tags?post=586"}],"curies":[{"name":"wp","href":"https:\/\/api.w.org\/{rel}","templated":true}]}}