{"id":5895,"date":"2022-06-19T21:45:02","date_gmt":"2022-06-19T21:45:02","guid":{"rendered":"https:\/\/tribunavm.com.ar\/?p=5895"},"modified":"2022-06-19T21:45:02","modified_gmt":"2022-06-19T21:45:02","slug":"luchas-por-el-salario-en-todo-el-mundo","status":"publish","type":"post","link":"https:\/\/tribunavm.com.ar\/index.php\/2022\/06\/19\/luchas-por-el-salario-en-todo-el-mundo\/","title":{"rendered":"Luchas por el salario en todo el mundo"},"content":{"rendered":"<div class=\"row clearfix\">\n<div class=\"col-md-8\">\n<div class=\"intro-text\">\n<p><span style=\"font-weight: 400;\">Trabajadores de Europa, \u00c1frica y Asia protestan por mejores condiciones de vida ante el deterioro de los salarios frente a la inflaci\u00f3n.<\/span><\/p>\n<\/div>\n<p><span style=\"font-weight: 400;\"><span class=\"dropcap \" style=\"background-color: #ffffff; color: #dd9933; border-color: #ffffff;\">L<\/span>a situaci\u00f3n para las familias trabajadoras de todo el mundo es desesperante. La falta de suministro de insumos b\u00e1sicos como el combustible, medicamentos y alimentos es moneda corriente en los portales de noticias de los cinco continentes. A ello se le suma una inflaci\u00f3n galopante que, puntos m\u00e1s o puntos menos, afecta de lleno en todos los pa\u00edses.<\/span><\/p>\n<p><span style=\"font-weight: 400;\">Frente a ello, trabajadores organizados a trav\u00e9s de sus sindicatos realizan huelgas y protestas para no seguir deteriorando sus condiciones de vida.<\/span><\/p>\n<h4><span style=\"color: #ff9900;\"><b>Europa<\/b><\/span><\/h4>\n<p><img loading=\"lazy\" decoding=\"async\" class=\"aligncenter size-full wp-image-5898\" src=\"https:\/\/tribunavm.com.ar\/wp-content\/uploads\/2022\/06\/El-Puerto-de-Hamburgo-podria-manipular-130-millones-de-toneladas-este-ano-1280x720-1.jpg\" alt=\"\" width=\"1280\" height=\"720\" srcset=\"https:\/\/tribunavm.com.ar\/wp-content\/uploads\/2022\/06\/El-Puerto-de-Hamburgo-podria-manipular-130-millones-de-toneladas-este-ano-1280x720-1.jpg 1280w, https:\/\/tribunavm.com.ar\/wp-content\/uploads\/2022\/06\/El-Puerto-de-Hamburgo-podria-manipular-130-millones-de-toneladas-este-ano-1280x720-1-300x169.jpg 300w, https:\/\/tribunavm.com.ar\/wp-content\/uploads\/2022\/06\/El-Puerto-de-Hamburgo-podria-manipular-130-millones-de-toneladas-este-ano-1280x720-1-1024x576.jpg 1024w, https:\/\/tribunavm.com.ar\/wp-content\/uploads\/2022\/06\/El-Puerto-de-Hamburgo-podria-manipular-130-millones-de-toneladas-este-ano-1280x720-1-768x432.jpg 768w, https:\/\/tribunavm.com.ar\/wp-content\/uploads\/2022\/06\/El-Puerto-de-Hamburgo-podria-manipular-130-millones-de-toneladas-este-ano-1280x720-1-750x422.jpg 750w, https:\/\/tribunavm.com.ar\/wp-content\/uploads\/2022\/06\/El-Puerto-de-Hamburgo-podria-manipular-130-millones-de-toneladas-este-ano-1280x720-1-1140x641.jpg 1140w\" sizes=\"(max-width: 1280px) 100vw, 1280px\" \/><\/p>\n<p><span style=\"font-weight: 400;\">En Espa\u00f1a, los sindicatos CCOO (Comisiones Obreras) y UGT (Uni\u00f3n General de Trabajadores) convocaron paros de dos horas en el sector de tecnolog\u00edas de la informaci\u00f3n (TIC) el pr\u00f3ximo jueves 23 de junio ante el bloqueo de las negociaciones del convenio colectivo ya que en la actualidad 11 niveles profesionales se encuentran por debajo del Salario M\u00ednimo Interprofesional (SMI).<\/span><\/p>\n<p><span style=\"font-weight: 400;\">\u00c9sta ser\u00eda la primera vez en la historia que los trabajadores de esta actividad hacen huelga.<\/span><\/p>\n<p><span style=\"font-weight: 400;\">Por otro lado, en Alemania, el sindicato <\/span><span style=\"color: #ff9900;\"><a style=\"color: #ff9900;\" href=\"https:\/\/www.verdi.de\/\"><span style=\"font-weight: 400;\">ver.di<\/span><\/a><\/span><span style=\"font-weight: 400;\"> llev\u00f3 a cabo un paro ya que el aumento salarial ofrecido por las c\u00e1maras portuarias \u201cest\u00e1 muy por debajo de la protecci\u00f3n del salario real exigida, en vista de la tasa actual de aumento de precios del 7,9%, y por lo tanto es inaceptable para los empleados&#8221;, dijo la negociadora principal del sindicato, Maya Schwiegershausen-Gueth.<\/span><\/p>\n<p><span style=\"font-weight: 400;\">La tercera ronda de negociaciones que comenz\u00f3 el viernes 10 de junio fue precedida por una huelga de 12.000 trabajadores portuarios en Hamburgo, Bremerhaven, Wilhelmshaven y Emden durante el turno tard\u00edo del jueves.\u00a0<\/span><\/p>\n<h4><span style=\"color: #ff9900;\"><b>\u00c1sia<\/b><\/span><\/h4>\n<p><img loading=\"lazy\" decoding=\"async\" class=\"aligncenter size-full wp-image-5899\" src=\"https:\/\/tribunavm.com.ar\/wp-content\/uploads\/2022\/06\/afcfd93cd7a838367705f3f44c5b7142.jpg\" alt=\"\" width=\"640\" height=\"427\" srcset=\"https:\/\/tribunavm.com.ar\/wp-content\/uploads\/2022\/06\/afcfd93cd7a838367705f3f44c5b7142.jpg 640w, https:\/\/tribunavm.com.ar\/wp-content\/uploads\/2022\/06\/afcfd93cd7a838367705f3f44c5b7142-300x200.jpg 300w\" sizes=\"(max-width: 640px) 100vw, 640px\" \/><\/p>\n<p><span style=\"font-weight: 400;\">En Corea del Sur, el sindicato Cargo Truckers Solidarity, que forma parte de la Confederaci\u00f3n Coreana de Sindicatos, se neg\u00f3 a entregar productos y bloquearon las puertas de los centros de distribuci\u00f3n el 7 de junio exigiendo una extensi\u00f3n al llamado sistema de cargos por flete (mejora en la tarifa).<\/span><\/p>\n<p><span style=\"font-weight: 400;\">La Federaci\u00f3n de Empresas de Corea del Sur, las Asociaciones de Cemento, de Hierro y Acero, de la Industria Petroqu\u00edmica y de Fabricantes de Autom\u00f3viles rechazaron la medida de fuerza en una conferencia de prensa conjunta.<\/span><\/p>\n<h4><span style=\"color: #ff9900;\"><b>\u00c1frica<\/b><\/span><\/h4>\n<p><span style=\"font-weight: 400;\">En Sud\u00e1n, sumado a las manifestaciones contra el golpe que tuvieron lugar la semana del 30 de mayo, trabajadores de represas, de hospitales especializados, del Ministerio de Hacienda y periodistas de varias ciudades reclamaron a trav\u00e9s de movilizaciones mejores condiciones laborales y mejora salarial.<\/span><\/p>\n<\/div>\n<\/div>\n","protected":false},"excerpt":{"rendered":"<p>Trabajadores de Europa, \u00c1frica y Asia protestan por mejores condiciones de vida ante el deterioro de los salarios frente a la inflaci\u00f3n. La situaci\u00f3n para las familias trabajadoras de todo el mundo es desesperante. La falta de suministro de insumos b\u00e1sicos como el combustible, medicamentos y alimentos es moneda corriente en los portales de noticias [&hellip;]<\/p>\n","protected":false},"author":2,"featured_media":5897,"comment_status":"open","ping_status":"open","sticky":false,"template":"","format":"standard","meta":{"_exactmetrics_skip_tracking":false,"_exactmetrics_sitenote_active":false,"_exactmetrics_sitenote_note":"","_exactmetrics_sitenote_category":0,"jnews-multi-image_gallery":[],"jnews_single_post":{"source_name":"","source_url":"","via_name":"","via_url":"","override_template":"0","override":[{"template":"1","single_blog_custom":"","parallax":"1","fullscreen":"1","layout":"right-sidebar","sidebar":"default-sidebar","second_sidebar":"default-sidebar","sticky_sidebar":"1","share_position":"top","share_float_style":"share-monocrhome","show_share_counter":"1","show_view_counter":"1","show_featured":"1","show_post_meta":"1","show_post_author":"1","show_post_author_image":"1","show_post_date":"1","post_date_format":"default","post_date_format_custom":"Y\/m\/d","show_post_category":"1","show_post_reading_time":"0","post_reading_time_wpm":"300","show_zoom_button":"0","zoom_button_out_step":"2","zoom_button_in_step":"3","show_post_tag":"1","show_prev_next_post":"1","show_popup_post":"1","number_popup_post":"1","show_author_box":"0","show_post_related":"0","show_inline_post_related":"0"}],"override_image_size":"0","image_override":[{"single_post_thumbnail_size":"crop-500","single_post_gallery_size":"crop-500"}],"trending_post":"0","trending_post_position":"meta","trending_post_label":"Trending","sponsored_post":"0","sponsored_post_label":"Sponsored by","sponsored_post_name":"","sponsored_post_url":"","sponsored_post_logo_enable":"0","sponsored_post_logo":"","sponsored_post_desc":""},"jnews_primary_category":{"id":"22"},"jnews_social_meta":{"fb_title":"","fb_description":"","fb_image":"","twitter_title":"","twitter_description":"","twitter_image":""},"jnews_override_counter":{"override_view_counter":"0","view_counter_number":"0","override_share_counter":"0","share_counter_number":"0","override_like_counter":"0","like_counter_number":"0","override_dislike_counter":"0","dislike_counter_number":"0"},"_joinchat":[],"footnotes":""},"categories":[22],"tags":[251,75,145,35],"class_list":["post-5895","post","type-post","status-publish","format-standard","has-post-thumbnail","hentry","category-actualidad","tag-edicion-91","tag-internacional","tag-salarios","tag-trabajadores"],"_links":{"self":[{"href":"https:\/\/tribunavm.com.ar\/index.php\/wp-json\/wp\/v2\/posts\/5895"}],"collection":[{"href":"https:\/\/tribunavm.com.ar\/index.php\/wp-json\/wp\/v2\/posts"}],"about":[{"href":"https:\/\/tribunavm.com.ar\/index.php\/wp-json\/wp\/v2\/types\/post"}],"author":[{"embeddable":true,"href":"https:\/\/tribunavm.com.ar\/index.php\/wp-json\/wp\/v2\/users\/2"}],"replies":[{"embeddable":true,"href":"https:\/\/tribunavm.com.ar\/index.php\/wp-json\/wp\/v2\/comments?post=5895"}],"version-history":[{"count":1,"href":"https:\/\/tribunavm.com.ar\/index.php\/wp-json\/wp\/v2\/posts\/5895\/revisions"}],"predecessor-version":[{"id":5900,"href":"https:\/\/tribunavm.com.ar\/index.php\/wp-json\/wp\/v2\/posts\/5895\/revisions\/5900"}],"wp:featuredmedia":[{"embeddable":true,"href":"https:\/\/tribunavm.com.ar\/index.php\/wp-json\/wp\/v2\/media\/5897"}],"wp:attachment":[{"href":"https:\/\/tribunavm.com.ar\/index.php\/wp-json\/wp\/v2\/media?parent=5895"}],"wp:term":[{"taxonomy":"category","embeddable":true,"href":"https:\/\/tribunavm.com.ar\/index.php\/wp-json\/wp\/v2\/categories?post=5895"},{"taxonomy":"post_tag","embeddable":true,"href":"https:\/\/tribunavm.com.ar\/index.php\/wp-json\/wp\/v2\/tags?post=5895"}],"curies":[{"name":"wp","href":"https:\/\/api.w.org\/{rel}","templated":true}]}}