{"id":5906,"date":"2022-06-19T21:56:11","date_gmt":"2022-06-19T21:56:11","guid":{"rendered":"https:\/\/tribunavm.com.ar\/?p=5906"},"modified":"2022-06-19T21:56:11","modified_gmt":"2022-06-19T21:56:11","slug":"descienden-las-reservas-de-dolares-en-el-mundo","status":"publish","type":"post","link":"https:\/\/tribunavm.com.ar\/index.php\/2022\/06\/19\/descienden-las-reservas-de-dolares-en-el-mundo\/","title":{"rendered":"Descienden las reservas de d\u00f3lares en el mundo"},"content":{"rendered":"<div class=\"row clearfix\">\n<div class=\"col-md-8\">\n<div class=\"intro-text\">\n<p><span style=\"font-weight: 400;\">Seg\u00fan un informe del FMI las reservas en d\u00f3lares de los Bancos Centrales perdieron terreno frente a las monedas \u201cno tradicionales\u201d.<\/span><\/p>\n<\/div>\n<p><span style=\"font-weight: 400;\">Un <\/span><span style=\"color: #ff9900;\"><a style=\"color: #ff9900;\" href=\"https:\/\/www.imf.org\/es\/News\/Articles\/2022\/06\/06\/blog-dollar-dominance-and-the-rise-of-nontraditional-reserve-currencies\"><span style=\"font-weight: 400;\">documento<\/span><\/a><\/span><span style=\"font-weight: 400;\"> publicado por el Fondo Monetario Internacional (FMI) sostiene que \u201clos bancos centrales ya no est\u00e1n manteniendo reservas en d\u00f3lares de EE.UU. en la medida en que lo hac\u00edan antes\u201d.<\/span><\/p>\n<p><span style=\"font-weight: 400;\">Seg\u00fan el documento, basado en el centro de datos \u201cComposici\u00f3n actual de las reservas oficiales de divisas\u201d (COFER, por sus siglas en ingl\u00e9s),<\/span><span style=\"font-weight: 400;\"> comenta que aunque la presencia de d\u00f3lar \u201csigue superando con creces la proporci\u00f3n de Estados Unidos en el comercio, la emisi\u00f3n de bonos y los pr\u00e9stamos y empr\u00e9stitos internacionales, los bancos centrales ya no est\u00e1n manteniendo reservas en d\u00f3lares de EE.UU. en la medida en que lo hac\u00edan antes\u201d.<\/span><\/p>\n<p><span style=\"font-weight: 400;\">La proporci\u00f3n de dicha moneda \u201cen las reservas mundiales de divisas cay\u00f3 por debajo del 59% en el \u00faltimo trimestre del a\u00f1o pasado, prolongando un descenso que dura ya dos d\u00e9cadas\u201d, comentan desde el organismo.<\/span><\/p>\n<p>&nbsp;<\/p>\n<\/div>\n<\/div>\n","protected":false},"excerpt":{"rendered":"<p>Seg\u00fan un informe del FMI las reservas en d\u00f3lares de los Bancos Centrales perdieron terreno frente a las monedas \u201cno tradicionales\u201d. Un documento publicado por el Fondo Monetario Internacional (FMI) sostiene que \u201clos bancos centrales ya no est\u00e1n manteniendo reservas en d\u00f3lares de EE.UU. en la medida en que lo hac\u00edan antes\u201d. Seg\u00fan el documento, [&hellip;]<\/p>\n","protected":false},"author":2,"featured_media":4562,"comment_status":"open","ping_status":"open","sticky":false,"template":"","format":"standard","meta":{"_exactmetrics_skip_tracking":false,"_exactmetrics_sitenote_active":false,"_exactmetrics_sitenote_note":"","_exactmetrics_sitenote_category":0,"jnews-multi-image_gallery":[],"jnews_single_post":{"source_name":"","source_url":"","via_name":"","via_url":"","override_template":"0","override":[{"template":"1","single_blog_custom":"","parallax":"1","fullscreen":"1","layout":"right-sidebar","sidebar":"default-sidebar","second_sidebar":"default-sidebar","sticky_sidebar":"1","share_position":"top","share_float_style":"share-monocrhome","show_share_counter":"1","show_view_counter":"1","show_featured":"1","show_post_meta":"1","show_post_author":"1","show_post_author_image":"1","show_post_date":"1","post_date_format":"default","post_date_format_custom":"Y\/m\/d","show_post_category":"1","show_post_reading_time":"0","post_reading_time_wpm":"300","show_zoom_button":"0","zoom_button_out_step":"2","zoom_button_in_step":"3","show_post_tag":"1","show_prev_next_post":"1","show_popup_post":"1","number_popup_post":"1","show_author_box":"0","show_post_related":"0","show_inline_post_related":"0"}],"override_image_size":"0","image_override":[{"single_post_thumbnail_size":"crop-500","single_post_gallery_size":"crop-500"}],"trending_post":"0","trending_post_position":"meta","trending_post_label":"Trending","sponsored_post":"0","sponsored_post_label":"Sponsored by","sponsored_post_name":"","sponsored_post_url":"","sponsored_post_logo_enable":"0","sponsored_post_logo":"","sponsored_post_desc":""},"jnews_primary_category":{"id":"22"},"jnews_social_meta":{"fb_title":"","fb_description":"","fb_image":"","twitter_title":"","twitter_description":"","twitter_image":""},"jnews_override_counter":{"override_view_counter":"0","view_counter_number":"0","override_share_counter":"0","share_counter_number":"0","override_like_counter":"0","like_counter_number":"0","override_dislike_counter":"0","dislike_counter_number":"0"},"_joinchat":[],"footnotes":""},"categories":[22],"tags":[251,179,75],"class_list":["post-5906","post","type-post","status-publish","format-standard","has-post-thumbnail","hentry","category-actualidad","tag-edicion-91","tag-fmi","tag-internacional"],"_links":{"self":[{"href":"https:\/\/tribunavm.com.ar\/index.php\/wp-json\/wp\/v2\/posts\/5906"}],"collection":[{"href":"https:\/\/tribunavm.com.ar\/index.php\/wp-json\/wp\/v2\/posts"}],"about":[{"href":"https:\/\/tribunavm.com.ar\/index.php\/wp-json\/wp\/v2\/types\/post"}],"author":[{"embeddable":true,"href":"https:\/\/tribunavm.com.ar\/index.php\/wp-json\/wp\/v2\/users\/2"}],"replies":[{"embeddable":true,"href":"https:\/\/tribunavm.com.ar\/index.php\/wp-json\/wp\/v2\/comments?post=5906"}],"version-history":[{"count":1,"href":"https:\/\/tribunavm.com.ar\/index.php\/wp-json\/wp\/v2\/posts\/5906\/revisions"}],"predecessor-version":[{"id":5907,"href":"https:\/\/tribunavm.com.ar\/index.php\/wp-json\/wp\/v2\/posts\/5906\/revisions\/5907"}],"wp:featuredmedia":[{"embeddable":true,"href":"https:\/\/tribunavm.com.ar\/index.php\/wp-json\/wp\/v2\/media\/4562"}],"wp:attachment":[{"href":"https:\/\/tribunavm.com.ar\/index.php\/wp-json\/wp\/v2\/media?parent=5906"}],"wp:term":[{"taxonomy":"category","embeddable":true,"href":"https:\/\/tribunavm.com.ar\/index.php\/wp-json\/wp\/v2\/categories?post=5906"},{"taxonomy":"post_tag","embeddable":true,"href":"https:\/\/tribunavm.com.ar\/index.php\/wp-json\/wp\/v2\/tags?post=5906"}],"curies":[{"name":"wp","href":"https:\/\/api.w.org\/{rel}","templated":true}]}}