{"id":5920,"date":"2022-06-19T22:20:46","date_gmt":"2022-06-19T22:20:46","guid":{"rendered":"https:\/\/tribunavm.com.ar\/?p=5920"},"modified":"2022-06-19T22:20:46","modified_gmt":"2022-06-19T22:20:46","slug":"ix-cumbre-de-las-americas","status":"publish","type":"post","link":"https:\/\/tribunavm.com.ar\/index.php\/2022\/06\/19\/ix-cumbre-de-las-americas\/","title":{"rendered":"IX Cumbre de las Am\u00e9ricas"},"content":{"rendered":"<div class=\"row clearfix\">\n<div class=\"col-md-8\">\n<div class=\"intro-text\">\n<p><span style=\"font-weight: 400;\">Entre el 6 y el 10 de junio se llev\u00f3 adelante una nueva edici\u00f3n de la Cumbre de las Am\u00e9ricas en la ciudad de Los \u00c1ngeles, EE.UU., coordinada por la Organizaci\u00f3n de los Estados Americanos (OEA).\u00a0<\/span><\/p>\n<\/div>\n<p><span style=\"font-weight: 400;\"><span class=\"dropcap \" style=\"background-color: #ffffff; color: #dd9933; border-color: #ffffff;\">L<\/span>a realizaci\u00f3n de la misma cont\u00f3 con la participaci\u00f3n de 22 representantes de Estados de un total de 35. Desde Estados Unidos negaron la invitaci\u00f3n a Nicaragua, Cuba y Venezuela. Esta negativa cosech\u00f3 cr\u00edticas previas emitidas por la Celac, el Grupo de Puebla y la Comunidad de Estados del Caribe (CARICOM).<\/span><\/p>\n<p><span style=\"font-weight: 400;\">El presidente estadounidense, Joe Biden, expres\u00f3 en su discurso inaugural que busca una nueva relaci\u00f3n entre EE.UU., y los pa\u00edses del continente. Biden inst\u00f3 a los asistentes a unirse &#8220;en torno a ideas audaces, acciones ambiciosas y demostrar el incre\u00edble poder de las democracias para mejorar la vida de todos\u201d.<\/span><\/p>\n<p><img loading=\"lazy\" decoding=\"async\" class=\"size-full wp-image-5922\" src=\"https:\/\/tribunavm.com.ar\/wp-content\/uploads\/2022\/06\/joe-biden-cumbre-de-americas-interior-1-1-scaled.jpg\" alt=\"\" width=\"2560\" height=\"1707\" srcset=\"https:\/\/tribunavm.com.ar\/wp-content\/uploads\/2022\/06\/joe-biden-cumbre-de-americas-interior-1-1-scaled.jpg 2560w, https:\/\/tribunavm.com.ar\/wp-content\/uploads\/2022\/06\/joe-biden-cumbre-de-americas-interior-1-1-300x200.jpg 300w, https:\/\/tribunavm.com.ar\/wp-content\/uploads\/2022\/06\/joe-biden-cumbre-de-americas-interior-1-1-1024x683.jpg 1024w, https:\/\/tribunavm.com.ar\/wp-content\/uploads\/2022\/06\/joe-biden-cumbre-de-americas-interior-1-1-768x512.jpg 768w, https:\/\/tribunavm.com.ar\/wp-content\/uploads\/2022\/06\/joe-biden-cumbre-de-americas-interior-1-1-1536x1024.jpg 1536w, https:\/\/tribunavm.com.ar\/wp-content\/uploads\/2022\/06\/joe-biden-cumbre-de-americas-interior-1-1-2048x1365.jpg 2048w, https:\/\/tribunavm.com.ar\/wp-content\/uploads\/2022\/06\/joe-biden-cumbre-de-americas-interior-1-1-750x500.jpg 750w, https:\/\/tribunavm.com.ar\/wp-content\/uploads\/2022\/06\/joe-biden-cumbre-de-americas-interior-1-1-1140x760.jpg 1140w\" sizes=\"(max-width: 2560px) 100vw, 2560px\" \/><\/p>\n<p><span style=\"font-weight: 400;\">\u201cYa no es solo la pregunta de \u00bfqu\u00e9 har\u00e1 Estados Unidos por las Am\u00e9ricas? La pregunta es qu\u00e9 podemos lograr trabajando juntos como verdaderos socios con capacidades diversas pero con respeto mutuo e igualitario, reconociendo tanto nuestra soberan\u00eda individual como nuestras responsabilidades compartidas&#8221;, expres\u00f3 Biden.<\/span><\/p>\n<p><span style=\"font-weight: 400;\">El discurso de Alberto Fern\u00e1ndez expres\u00f3 la necesidad de remover las bases de la OEA para recuperar su lugar de credibilidad.\u00a0<\/span><\/p>\n<p><span style=\"font-weight: 400;\">En tanto que Nicol\u00e1s Maduro, presidente de Venezuela, sostuvo que el presidente de la Celac (por Fern\u00e1ndez) \u201cha hecho un discurso firme, claro, valiente, y puso todo en su lugar, a nombre de Am\u00e9rica Latina y el Caribe\u201d. \u201cNosotros tenemos nuestra propia comunidad de estados latinoamericanos y caribe\u00f1os, que se reunir\u00e1 en plenaria en los pr\u00f3ximos meses\u201d. \u201cFern\u00e1ndez invit\u00f3 a Biden para que participe sin exclusi\u00f3n en nuestra reuni\u00f3n, creo que realmente le puso la guinda a la torta, como decimos en Venezuela&#8221;.<\/span><\/p>\n<\/div>\n<\/div>\n","protected":false},"excerpt":{"rendered":"<p>Entre el 6 y el 10 de junio se llev\u00f3 adelante una nueva edici\u00f3n de la Cumbre de las Am\u00e9ricas en la ciudad de Los \u00c1ngeles, EE.UU., coordinada por la Organizaci\u00f3n de los Estados Americanos (OEA).\u00a0 La realizaci\u00f3n de la misma cont\u00f3 con la participaci\u00f3n de 22 representantes de Estados de un total de 35. [&hellip;]<\/p>\n","protected":false},"author":2,"featured_media":5923,"comment_status":"open","ping_status":"open","sticky":false,"template":"","format":"standard","meta":{"_exactmetrics_skip_tracking":false,"_exactmetrics_sitenote_active":false,"_exactmetrics_sitenote_note":"","_exactmetrics_sitenote_category":0,"jnews-multi-image_gallery":[],"jnews_single_post":{"source_name":"","source_url":"","via_name":"","via_url":"","override_template":"0","override":[{"template":"1","single_blog_custom":"","parallax":"1","fullscreen":"1","layout":"right-sidebar","sidebar":"default-sidebar","second_sidebar":"default-sidebar","sticky_sidebar":"1","share_position":"top","share_float_style":"share-monocrhome","show_share_counter":"1","show_view_counter":"1","show_featured":"1","show_post_meta":"1","show_post_author":"1","show_post_author_image":"1","show_post_date":"1","post_date_format":"default","post_date_format_custom":"Y\/m\/d","show_post_category":"1","show_post_reading_time":"0","post_reading_time_wpm":"300","show_zoom_button":"0","zoom_button_out_step":"2","zoom_button_in_step":"3","show_post_tag":"1","show_prev_next_post":"1","show_popup_post":"1","number_popup_post":"1","show_author_box":"0","show_post_related":"0","show_inline_post_related":"0"}],"override_image_size":"0","image_override":[{"single_post_thumbnail_size":"crop-500","single_post_gallery_size":"crop-500"}],"trending_post":"0","trending_post_position":"meta","trending_post_label":"Trending","sponsored_post":"0","sponsored_post_label":"Sponsored by","sponsored_post_name":"","sponsored_post_url":"","sponsored_post_logo_enable":"0","sponsored_post_logo":"","sponsored_post_desc":""},"jnews_primary_category":{"id":"22"},"jnews_social_meta":{"fb_title":"","fb_description":"","fb_image":"","twitter_title":"","twitter_description":"","twitter_image":""},"jnews_override_counter":{"override_view_counter":"0","view_counter_number":"0","override_share_counter":"0","share_counter_number":"0","override_like_counter":"0","like_counter_number":"0","override_dislike_counter":"0","dislike_counter_number":"0"},"_joinchat":[],"footnotes":""},"categories":[22],"tags":[251,69],"class_list":["post-5920","post","type-post","status-publish","format-standard","has-post-thumbnail","hentry","category-actualidad","tag-edicion-91","tag-latinoamerica"],"_links":{"self":[{"href":"https:\/\/tribunavm.com.ar\/index.php\/wp-json\/wp\/v2\/posts\/5920"}],"collection":[{"href":"https:\/\/tribunavm.com.ar\/index.php\/wp-json\/wp\/v2\/posts"}],"about":[{"href":"https:\/\/tribunavm.com.ar\/index.php\/wp-json\/wp\/v2\/types\/post"}],"author":[{"embeddable":true,"href":"https:\/\/tribunavm.com.ar\/index.php\/wp-json\/wp\/v2\/users\/2"}],"replies":[{"embeddable":true,"href":"https:\/\/tribunavm.com.ar\/index.php\/wp-json\/wp\/v2\/comments?post=5920"}],"version-history":[{"count":1,"href":"https:\/\/tribunavm.com.ar\/index.php\/wp-json\/wp\/v2\/posts\/5920\/revisions"}],"predecessor-version":[{"id":5924,"href":"https:\/\/tribunavm.com.ar\/index.php\/wp-json\/wp\/v2\/posts\/5920\/revisions\/5924"}],"wp:featuredmedia":[{"embeddable":true,"href":"https:\/\/tribunavm.com.ar\/index.php\/wp-json\/wp\/v2\/media\/5923"}],"wp:attachment":[{"href":"https:\/\/tribunavm.com.ar\/index.php\/wp-json\/wp\/v2\/media?parent=5920"}],"wp:term":[{"taxonomy":"category","embeddable":true,"href":"https:\/\/tribunavm.com.ar\/index.php\/wp-json\/wp\/v2\/categories?post=5920"},{"taxonomy":"post_tag","embeddable":true,"href":"https:\/\/tribunavm.com.ar\/index.php\/wp-json\/wp\/v2\/tags?post=5920"}],"curies":[{"name":"wp","href":"https:\/\/api.w.org\/{rel}","templated":true}]}}