{"id":5968,"date":"2022-06-20T00:02:07","date_gmt":"2022-06-20T00:02:07","guid":{"rendered":"https:\/\/tribunavm.com.ar\/?p=5968"},"modified":"2022-06-20T00:02:07","modified_gmt":"2022-06-20T00:02:07","slug":"estructura-empresarial-en-argentina","status":"publish","type":"post","link":"https:\/\/tribunavm.com.ar\/index.php\/2022\/06\/20\/estructura-empresarial-en-argentina\/","title":{"rendered":"Estructura empresarial en Argentina"},"content":{"rendered":"<div class=\"row clearfix\">\n<div class=\"col-md-8\">\n<div class=\"intro-text\">\n<p><span style=\"font-weight: 400;\">Los grandes empresarios del pa\u00eds discuten su propia salida de la crisis de la mano de sus centrales e instituciones. Por medio de ellas definen los lineamientos de la pol\u00edtica y su vinculaci\u00f3n con el trabajo.<\/span><\/p>\n<\/div>\n<p><span style=\"font-weight: 400;\"><span class=\"dropcap \" style=\"background-color: #ffffff; color: #dd9933; border-color: #ffffff;\">B<\/span>ajo la consigna \u201cEl sector privado es el factor clave para el desarrollo\u201d, los principales referentes empresariales del pa\u00eds se convocaron a la cumbre organizada por la Asociaci\u00f3n Empresaria Argentina (AEA).<\/span><\/p>\n<p><span style=\"font-weight: 400;\">El encuentro, realizado en el Sheraton con motivo del cumplimiento de los 20 a\u00f1os de la fundaci\u00f3n de la asociaci\u00f3n, se dividi\u00f3 en dos paneles en donde los empresarios aprovecharon la presencia del ministro Martin Guzman para insistir en sus reclamos a las pol\u00edticas econ\u00f3micas del gobierno.<\/span><\/p>\n<p><span style=\"font-weight: 400;\">En el primer panel participaron Alberto Hojman (BGH), H\u00e9ctor Magnetto (Grupo Clar\u00edn) y Luis Pagani (Grupo Arcor). El segundo panel cont\u00f3 con la participaci\u00f3n de Federico Braun (La An\u00f3nima), Mart\u00edn Migoya (Globant), Carlos Miguens (Grupo Miguens) y Paolo Rocca (Grupo Techint).<\/span><\/p>\n<p><span style=\"font-weight: 400;\">Jaime Campos, presidente de AEA, durante la apertura del evento hizo \u00e9nfasis principalmente en \u201cla elevada presi\u00f3n tributaria a la que debe hacer frente el sector formal de la econom\u00eda\u201d. \u201cEn nuestro pa\u00eds rigen m\u00e1s de 160 tributos y para volver a crecer y generar empleo se deben reducir impuestos, comenzando por los m\u00e1s distorsivos para la actividad econ\u00f3mica\u201d, ampli\u00f3.<\/span><\/p>\n<p><span style=\"font-weight: 400;\">H\u00e9ctor Magnetto explic\u00f3 que la devaluaci\u00f3n de los salarios tiene \u201crazones pol\u00edticas, institucionales y econ\u00f3micas&#8221;. De esta manera, intent\u00f3 conciliar intereses contrapuestos bajo el pretexto que la soluci\u00f3n es la \u201cinversi\u00f3n privada y rentable&#8221;. Esto requiere de estabilidad macroecon\u00f3mica y jur\u00eddica, de respeto al derecho de propiedad, de efectiva divisi\u00f3n de poderes. Y ante todo, de una clara y tenaz decisi\u00f3n pol\u00edtica, acompa\u00f1ada de los acuerdos necesarios para llevarla adelante\u201d.<\/span><\/p>\n<p><span style=\"font-weight: 400;\">Por su parte, Paolo Rocca, insisti\u00f3 en el mismo reclamo pero apelando a que la Argentina \u201ctiene una responsabilidad: la de contribuir a Occidente con su aporte de alimentos y energ\u00eda, fortaleciendo su cadena de valor en un mundo que ya no va a ser global. Para eso hace falta desarrollarse, contar con capital, con iniciativa privada. Y eso s\u00f3lo se logra generando consensos e impulsando pol\u00edticas de estado que creen las condiciones adecuadas para atraer inversiones\u201d.<\/span><\/p>\n<p><img loading=\"lazy\" decoding=\"async\" class=\"aligncenter size-full wp-image-5970\" src=\"https:\/\/tribunavm.com.ar\/wp-content\/uploads\/2022\/06\/interna.jpeg\" alt=\"\" width=\"1280\" height=\"769\" srcset=\"https:\/\/tribunavm.com.ar\/wp-content\/uploads\/2022\/06\/interna.jpeg 1280w, https:\/\/tribunavm.com.ar\/wp-content\/uploads\/2022\/06\/interna-300x180.jpeg 300w, https:\/\/tribunavm.com.ar\/wp-content\/uploads\/2022\/06\/interna-1024x615.jpeg 1024w, https:\/\/tribunavm.com.ar\/wp-content\/uploads\/2022\/06\/interna-768x461.jpeg 768w, https:\/\/tribunavm.com.ar\/wp-content\/uploads\/2022\/06\/interna-750x451.jpeg 750w, https:\/\/tribunavm.com.ar\/wp-content\/uploads\/2022\/06\/interna-1140x685.jpeg 1140w\" sizes=\"(max-width: 1280px) 100vw, 1280px\" \/><\/p>\n<h4><span style=\"color: #ff9900;\"><b>Radiograf\u00eda de las patronales<\/b><\/span><\/h4>\n<p><span style=\"font-weight: 400;\">La AEA es considerada la entidad continuadora del Consejo Empresario Argentino (CEA), creado en 1967 como una iniciativa de los grandes empresarios nacionales para limitar la influencia creciente que los gerentes de las empresas multinacionales hab\u00edan ido adquiriendo en las organizaciones patronales cl\u00e1sicas.\u00a0<\/span><\/p>\n<p><span style=\"font-weight: 400;\">El CEA estaba integrado por un grupo selecto de 30 empresarios argentinos designados por un comit\u00e9 de nominaci\u00f3n con gran influencia del sector financiero y los grandes propietarios de tierras. Para integrarlo era condici\u00f3n indispensable ser presidente de la empresa a la que representaba.<\/span><\/p>\n<p><span style=\"font-weight: 400;\">Seg\u00fan informaci\u00f3n oficial del Registro de Instituciones Productivas del Ministerio de la Producci\u00f3n y Trabajo, en la actualidad existen 910 entidades empresariales nacionales registradas en los distintos sectores econ\u00f3micos, con superposiciones a nivel sectorial, regional y por producto.<\/span><\/p>\n<p><span style=\"font-weight: 400;\">Es as\u00ed como la representaci\u00f3n empresarial se caracteriza por su heterogeneidad y fragmentaci\u00f3n, lo que expresa a su vez divergencia de intereses, objetivos y estrategias. La AEA solo es otra expresi\u00f3n de las entidades patronales por promover sus intereses institucionalmente, bregando por una democracia de la mano de los grandes empresarios del pa\u00eds.<\/span><\/p>\n<p><span style=\"font-weight: 400;\">Entre las entidades m\u00e1s tradicionales y poderosas se destaca la Uni\u00f3n Industrial Argentina (UIA), fundada en 1887, que representa a los distintos sectores de la actividad industrial nacional, nucleando a un total de 115.000 establecimientos industriales a trav\u00e9s de asociaciones sectoriales y asociaciones regionales.<\/span><\/p>\n<p><span style=\"font-weight: 400;\">Se origin\u00f3 para representar a los grandes intereses industriales y s\u00f3lo incorpor\u00f3 a las pymes a partir de una reforma de sus Estatutos en 1981. La direcci\u00f3n de la central se disput\u00f3 hist\u00f3ricamente entre dos posturas internas: el grupo de los industriales, de tendencia proteccionista y la lista Celeste y Blanca, de tendencia liberal.\u00a0<\/span><\/p>\n<p><span style=\"font-weight: 400;\">Desde 2017, los industriales consensuaron una candidatura \u00fanica con la reelecci\u00f3n de Miguel Acevedo, director de Aceitera General Deheza. En la actualidad el titular es Daniel Funes de Rioja, titular de la Coordinadora de las Industrias de Productos Alimenticios (Copal).<\/span><\/p>\n<p><span style=\"font-weight: 400;\">El sector de la construcci\u00f3n est\u00e1 representado por la C\u00e1mara Argentina de la Construcci\u00f3n (CAMARCO) desde 1936. Por su trayectoria, su proyecci\u00f3n federal y por la cantidad de empresas asociadas, es la principal central empresarial del sector de la construcci\u00f3n en el pa\u00eds. Cuenta con m\u00e1s de 1600 empresas socias activas, la mayor\u00eda pymes del interior.<\/span><\/p>\n<p><span style=\"font-weight: 400;\">A su vez, existen c\u00e1maras de mucha menor envergadura pero que son muy poderosas por el alto nivel de concentraci\u00f3n econ\u00f3mica del sector, como en la industria automotriz, donde la producci\u00f3n de veh\u00edculos automotores se encuentra concentrada en 12 empresas terminales extranjeras y la Asociaci\u00f3n de Fabricantes de Automotores (ADEFA), que re\u00fane a 11 de esas 12 empresas, que explican el 94% de las ventas del sector.\u00a0<\/span><\/p>\n<p><span style=\"font-weight: 400;\">En la industria del petr\u00f3leo, representada por la C\u00e1mara de Empresas Productoras de Hidrocarburos (CEPH), 5 de sus 25 socios representan el 80% de la inversi\u00f3n y de la producci\u00f3n de hidrocarburos del pa\u00eds. Otro ejemplo es la fabricaci\u00f3n de acero, representada por la C\u00e1mara Argentina del Acero (CAA), cuyos 6 socios son responsables de toda la producci\u00f3n de acero crudo del pa\u00eds que supera los 5 millones de toneladas anuales.\u00a0<\/span><\/p>\n<p><span style=\"font-weight: 400;\">La necesidad de agruparse \u201cgremialmente\u201d no solo responde a la necesidad de conformarse como contraparte de los sindicatos en las negociaciones colectivas, sino que pueden conformarse informalmente para abocarse al lobby empresarial o la organizaci\u00f3n de foros de debate para multiplicar su influencia, como la acontecida la pasada semana.<\/span><\/p>\n<p><span style=\"font-weight: 400;\">Es el caso del Grupo de los Siete que incluye a la Asociaci\u00f3n de Banco Privados Argentinos (ADEBA), Bolsa de Comercio de Buenos Aires (BCBA), C\u00e1mara Argentina de Comercio (CAC), C\u00e1mara Argentina de la Construcci\u00f3n (CAC), Confederaciones Rurales Argentinas (CRA), Sociedad Rural Argentina (SRA) y la Uni\u00f3n Industrial Argentina (UIA).\u00a0<\/span><\/p>\n<p><span style=\"font-weight: 400;\">Por otro lado, algunas entidades se conforman por fuera de la intenci\u00f3n expl\u00edcita de defender los intereses sectoriales de empresarios, como la Asociaci\u00f3n Cristiana de Dirigentes de Empresa (ACDE). Esta asociaci\u00f3n no agrupa a empresas, sino a dirigentes con el objetivo de \u201cayudar a los directivos de empresa a vivir de manera coherente su vocaci\u00f3n emprendedora y su fe\u201d.<\/span><\/p>\n<h4><span style=\"color: #ff9900;\"><b>La mesa de tres patas<\/b><\/span><\/h4>\n<p><span style=\"font-weight: 400;\">Otro ejemplo del rol de estas instituciones se dio en la reciente Conferencia Anual del Trabajo de la OIT en la ciudad suiza de Ginebra, que se conform\u00f3 como escenario de una nueva cumbre de la alianza entre el Gobierno Nacional, los empresarios y la conducci\u00f3n de la CGT.<\/span><\/p>\n<p><span style=\"font-weight: 400;\">El encuentro, organizado por el director general de OIT Guy Ryder, convoc\u00f3, adem\u00e1s del ministro Moroni, a H\u00e9ctor Daer, uno de los tres secretarios generales de la CGT; Gerardo Mart\u00ednez, representante del gremio de la construcci\u00f3n (UOCRA) y Andr\u00e9s Rodr\u00edguez, secretario general de los estatales de UPCN.<\/span><\/p>\n<p><span style=\"font-weight: 400;\">En representaci\u00f3n del sector empresarial, estuvieron presentes Daniel Funes de Rioja y Juan Jos\u00e9 Etala, presidente y asesor legal de UIA; Jorge Hulton, de CAMARCO y Julio Cordero, gerente de Legales de Techint. Las partes coincidieron en destacar la importancia de un acuerdo tripartito para brindarle a la pol\u00edtica econ\u00f3mica elementos de previsibilidad.<\/span><\/p>\n<p><span style=\"font-weight: 400;\">El acuerdo del pacto social del gobierno de Fernandez se presenta como una reedici\u00f3n del programa electoral del Frente Justicialista de Liberaci\u00f3n de 1973 entre el Gobierno Nacional, la Confederaci\u00f3n General Econ\u00f3mica (CGE) y la Confederaci\u00f3n General del Trabajo (CGT) que se estableci\u00f3 como un intento de frenar la inflaci\u00f3n a trav\u00e9s del congelamiento de salarios.<\/span><\/p>\n<p><span style=\"font-weight: 400;\">La CGE, fundada en 1952 por Jos\u00e9 Ber Gelbard, es una entidad empresarial nacional de cuarto grado que surgi\u00f3 con el objetivo de \u201cpromover la defensa del nacionalismo econ\u00f3mico, un Estado moderadamente intervencionista en la econom\u00eda y el concepto de funci\u00f3n social de la empresa&#8221;.<\/span><\/p>\n<p><span style=\"font-weight: 400;\">Con la llegada de la dictadura militar a trav\u00e9s del golpe de Estado de 1976, se interviene la entidad, priv\u00e1ndola de su patrimonio y su personer\u00eda, que si bien fue recuperada durante el regreso de la democracia, su lugar como representante de la clase patronal qued\u00f3 relegado por otras entidades.<\/span><\/p>\n<\/div>\n<\/div>\n","protected":false},"excerpt":{"rendered":"<p>Los grandes empresarios del pa\u00eds discuten su propia salida de la crisis de la mano de sus centrales e instituciones. Por medio de ellas definen los lineamientos de la pol\u00edtica y su vinculaci\u00f3n con el trabajo. Bajo la consigna \u201cEl sector privado es el factor clave para el desarrollo\u201d, los principales referentes empresariales del pa\u00eds [&hellip;]<\/p>\n","protected":false},"author":2,"featured_media":5969,"comment_status":"open","ping_status":"open","sticky":false,"template":"","format":"standard","meta":{"_exactmetrics_skip_tracking":false,"_exactmetrics_sitenote_active":false,"_exactmetrics_sitenote_note":"","_exactmetrics_sitenote_category":0,"jnews-multi-image_gallery":[],"jnews_single_post":{"source_name":"","source_url":"","via_name":"","via_url":"","override_template":"0","override":[{"template":"1","single_blog_custom":"","parallax":"1","fullscreen":"1","layout":"right-sidebar","sidebar":"default-sidebar","second_sidebar":"default-sidebar","sticky_sidebar":"1","share_position":"top","share_float_style":"share-monocrhome","show_share_counter":"1","show_view_counter":"1","show_featured":"1","show_post_meta":"1","show_post_author":"1","show_post_author_image":"1","show_post_date":"1","post_date_format":"default","post_date_format_custom":"Y\/m\/d","show_post_category":"1","show_post_reading_time":"0","post_reading_time_wpm":"300","show_zoom_button":"0","zoom_button_out_step":"2","zoom_button_in_step":"3","show_post_tag":"1","show_prev_next_post":"1","show_popup_post":"1","number_popup_post":"1","show_author_box":"0","show_post_related":"0","show_inline_post_related":"0"}],"override_image_size":"0","image_override":[{"single_post_thumbnail_size":"crop-500","single_post_gallery_size":"crop-500"}],"trending_post":"0","trending_post_position":"meta","trending_post_label":"Trending","sponsored_post":"0","sponsored_post_label":"Sponsored by","sponsored_post_name":"","sponsored_post_url":"","sponsored_post_logo_enable":"0","sponsored_post_logo":"","sponsored_post_desc":""},"jnews_primary_category":{"id":"23"},"jnews_social_meta":{"fb_title":"","fb_description":"","fb_image":"","twitter_title":"","twitter_description":"","twitter_image":""},"jnews_override_counter":{"override_view_counter":"0","view_counter_number":"0","override_share_counter":"0","share_counter_number":"0","override_like_counter":"0","like_counter_number":"0","override_dislike_counter":"0","dislike_counter_number":"0"},"_joinchat":[],"footnotes":""},"categories":[23],"tags":[153,251,42],"class_list":["post-5968","post","type-post","status-publish","format-standard","has-post-thumbnail","hentry","category-analisis","tag-analisis","tag-edicion-91","tag-industria"],"_links":{"self":[{"href":"https:\/\/tribunavm.com.ar\/index.php\/wp-json\/wp\/v2\/posts\/5968"}],"collection":[{"href":"https:\/\/tribunavm.com.ar\/index.php\/wp-json\/wp\/v2\/posts"}],"about":[{"href":"https:\/\/tribunavm.com.ar\/index.php\/wp-json\/wp\/v2\/types\/post"}],"author":[{"embeddable":true,"href":"https:\/\/tribunavm.com.ar\/index.php\/wp-json\/wp\/v2\/users\/2"}],"replies":[{"embeddable":true,"href":"https:\/\/tribunavm.com.ar\/index.php\/wp-json\/wp\/v2\/comments?post=5968"}],"version-history":[{"count":1,"href":"https:\/\/tribunavm.com.ar\/index.php\/wp-json\/wp\/v2\/posts\/5968\/revisions"}],"predecessor-version":[{"id":5971,"href":"https:\/\/tribunavm.com.ar\/index.php\/wp-json\/wp\/v2\/posts\/5968\/revisions\/5971"}],"wp:featuredmedia":[{"embeddable":true,"href":"https:\/\/tribunavm.com.ar\/index.php\/wp-json\/wp\/v2\/media\/5969"}],"wp:attachment":[{"href":"https:\/\/tribunavm.com.ar\/index.php\/wp-json\/wp\/v2\/media?parent=5968"}],"wp:term":[{"taxonomy":"category","embeddable":true,"href":"https:\/\/tribunavm.com.ar\/index.php\/wp-json\/wp\/v2\/categories?post=5968"},{"taxonomy":"post_tag","embeddable":true,"href":"https:\/\/tribunavm.com.ar\/index.php\/wp-json\/wp\/v2\/tags?post=5968"}],"curies":[{"name":"wp","href":"https:\/\/api.w.org\/{rel}","templated":true}]}}