{"id":6010,"date":"2022-07-04T00:58:16","date_gmt":"2022-07-04T00:58:16","guid":{"rendered":"https:\/\/tribunavm.com.ar\/?p=6010"},"modified":"2022-07-04T02:30:12","modified_gmt":"2022-07-04T02:30:12","slug":"paro-general-en-uruguay","status":"publish","type":"post","link":"https:\/\/tribunavm.com.ar\/index.php\/2022\/07\/04\/paro-general-en-uruguay\/","title":{"rendered":"Paro general en Uruguay"},"content":{"rendered":"<div class=\"row clearfix\">\n<div class=\"col-md-8\">\n<div class=\"intro-text\">\n<p><span style=\"font-weight: 400;\">La central obrera PIT-CNT anunci\u00f3 un paro general para el 7 de julio. Desde hace meses trabajadores de distintos sectores vienen reclamando mejoras salariales y trabajo digno.<\/span><\/p>\n<\/div>\n<p><span style=\"font-weight: 400;\"><span class=\"dropcap \" style=\"background-color: #ffffff; color: #dd9933; border-color: #ffffff;\">D<\/span>urante los \u00faltimos dos meses en Uruguay desde distintos sindicatos de trabajadores se estuvieron realizando paros y movilizaciones contra los despidos, en reclamo de mejores condiciones laborales y aumento salarial.<\/span><\/p>\n<p><span style=\"font-weight: 400;\">En el pa\u00eds vecino existen casi 140.000 personas desocupadas y el 8% de la poblaci\u00f3n subocupada, por lo que el cierre de empresas radicadas en el pa\u00eds impacta de lleno en la situaci\u00f3n que atraviesan las familias uruguayas.<\/span><\/p>\n<p><span style=\"font-weight: 400;\">La Uni\u00f3n de Trabajadores del Metal y Ramas Afines (Untmra) comenz\u00f3 el jueves pasado un paro que se extiende durante una semana hasta alcanzar un paro general el pr\u00f3ximo 9 de julio en el sector metal\u00fargico debido al cierre de la empresa automotriz Cinter Aperam.<\/span><\/p>\n<p><span style=\"font-weight: 400;\">Los metal\u00fargicos no son el \u00fanico sector del trabajo movilizado. El Sindicato \u00danico Nacional de la Construcci\u00f3n y Anexos (Sunca) realiz\u00f3 el mi\u00e9rcoles 29 un paro general parcial con manifestaciones en todo el pa\u00eds. La convocatoria tuvo cuatro consignas principales: trabajo, vivienda, seguridad social y la negociaci\u00f3n colectiva. Adem\u00e1s, los integrantes del sindicato pararon \u201cen solidaridad con los gremios en conflicto\u201d y \u201cen contra del sabotaje que est\u00e1n sufriendo nuestras empresas p\u00fablicas\u201d.<\/span><\/p>\n<p><span style=\"font-weight: 400;\">Dichas iniciativas se suman a los paros que vienen promoviendo desde hace varias semanas trabajadores del sector de la salud, como el realizado el d\u00eda 9 de junio por la Federaci\u00f3n de Funcionarios de Salud P\u00fablica (FFSP) en reclamo de la recuperaci\u00f3n de salario perdido y mayor ingreso de personal.<\/span><\/p>\n<p><span style=\"font-weight: 400;\">Tambi\u00e9n la marcha educativa realizada por la Coordinadora de Sindicatos de la Ense\u00f1anza del Uruguay (CSEU) y acompa\u00f1ada por estudiantes, fue la culminaci\u00f3n de un plan de acci\u00f3n que contempl\u00f3 paros y protestas en todo el pa\u00eds. Sostienen que la Ley de Urgente Consideraci\u00f3n apunta al ajuste presupuestario sobre la educaci\u00f3n en el pa\u00eds. Exigen la recuperaci\u00f3n salarial y llegar al 6% del PBI para la Administraci\u00f3n Nacional de Educaci\u00f3n P\u00fablica (ANEP), la Universidad de la Rep\u00fablica (Udelar) y la Universidad Tecnol\u00f3gica (UTEC), as\u00ed como un 1% adicional para investigaci\u00f3n.<\/span><\/p>\n<p><span style=\"font-weight: 400;\">La PIT-CNT, la central obrera de Uruguay, comunic\u00f3 en sus redes sociales que los trabajadores est\u00e1n \u201csufriendo una conflictividad a ra\u00edz de la p\u00e9rdida salarial, la precariedad del trabajo, cierre de f\u00e1bricas y, se suma, el aumento constante de las tarifas y precios de la canasta b\u00e1sica&#8221;.<\/span><\/p>\n<p><span style=\"font-weight: 400;\">&#8220;Ante estas situaciones nuestra respuesta siempre ser\u00e1 la unidad, solidaridad y lucha. Adherimos y convocamos a las movilizaciones que los sindicatos llevar\u00e1n adelante y que confluyen en un Paro General Parcial del pr\u00f3ximo 7\/7 en defensa del trabajo de calidad y salario&#8221;, a\u00f1adieron.<\/span><\/p>\n<p><span style=\"font-weight: 400;\">En este marco, el presidente del PIT-CNT, Marcelo Abdala, mencion\u00f3 a un diario nacional que &#8220;estas acciones se desarrollan en un contexto de aceleramiento del ajuste del capital contra el trabajo, hay un contexto de carest\u00eda y rebaja salarial y dificultades en el trabajo de calidad\u201d.\u00a0<\/span><\/p>\n<p><span style=\"font-weight: 400;\">Y agreg\u00f3 que \u201cnaturalmente la disputa entre dos modelos de pa\u00eds implica una agudizaci\u00f3n de la lucha de clases\u201d. En ese marco \u201cel movimiento sindical\u201d tiene \u201cun mes y pico de importante movilizaci\u00f3n&#8221;.\u00a0<\/span><\/p>\n<\/div>\n<\/div>\n","protected":false},"excerpt":{"rendered":"<p>La central obrera PIT-CNT anunci\u00f3 un paro general para el 7 de julio. Desde hace meses trabajadores de distintos sectores vienen reclamando mejoras salariales y trabajo digno. Durante los \u00faltimos dos meses en Uruguay desde distintos sindicatos de trabajadores se estuvieron realizando paros y movilizaciones contra los despidos, en reclamo de mejores condiciones laborales y [&hellip;]<\/p>\n","protected":false},"author":2,"featured_media":6055,"comment_status":"open","ping_status":"open","sticky":false,"template":"","format":"standard","meta":{"_exactmetrics_skip_tracking":false,"_exactmetrics_sitenote_active":false,"_exactmetrics_sitenote_note":"","_exactmetrics_sitenote_category":0,"jnews-multi-image_gallery":[],"jnews_single_post":{"source_name":"","source_url":"","via_name":"","via_url":"","override_template":"0","override":[{"template":"1","single_blog_custom":"","parallax":"1","fullscreen":"1","layout":"right-sidebar","sidebar":"default-sidebar","second_sidebar":"default-sidebar","sticky_sidebar":"1","share_position":"top","share_float_style":"share-monocrhome","show_share_counter":"1","show_view_counter":"1","show_featured":"1","show_post_meta":"1","show_post_author":"1","show_post_author_image":"1","show_post_date":"1","post_date_format":"default","post_date_format_custom":"Y\/m\/d","show_post_category":"1","show_post_reading_time":"0","post_reading_time_wpm":"300","show_zoom_button":"0","zoom_button_out_step":"2","zoom_button_in_step":"3","show_post_tag":"1","show_prev_next_post":"1","show_popup_post":"1","number_popup_post":"1","show_author_box":"0","show_post_related":"0","show_inline_post_related":"0"}],"override_image_size":"0","image_override":[{"single_post_thumbnail_size":"crop-500","single_post_gallery_size":"crop-500"}],"trending_post":"0","trending_post_position":"meta","trending_post_label":"Trending","sponsored_post":"0","sponsored_post_label":"Sponsored by","sponsored_post_name":"","sponsored_post_url":"","sponsored_post_logo_enable":"0","sponsored_post_logo":"","sponsored_post_desc":""},"jnews_primary_category":{"id":"22"},"jnews_social_meta":{"fb_title":"","fb_description":"","fb_image":"","twitter_title":"","twitter_description":"","twitter_image":""},"jnews_override_counter":{"override_view_counter":"0","view_counter_number":"0","override_share_counter":"0","share_counter_number":"0","override_like_counter":"0","like_counter_number":"0","override_dislike_counter":"0","dislike_counter_number":"0"},"_joinchat":[],"footnotes":""},"categories":[22],"tags":[254,69,35],"class_list":["post-6010","post","type-post","status-publish","format-standard","has-post-thumbnail","hentry","category-actualidad","tag-edicion-92","tag-latinoamerica","tag-trabajadores"],"_links":{"self":[{"href":"https:\/\/tribunavm.com.ar\/index.php\/wp-json\/wp\/v2\/posts\/6010"}],"collection":[{"href":"https:\/\/tribunavm.com.ar\/index.php\/wp-json\/wp\/v2\/posts"}],"about":[{"href":"https:\/\/tribunavm.com.ar\/index.php\/wp-json\/wp\/v2\/types\/post"}],"author":[{"embeddable":true,"href":"https:\/\/tribunavm.com.ar\/index.php\/wp-json\/wp\/v2\/users\/2"}],"replies":[{"embeddable":true,"href":"https:\/\/tribunavm.com.ar\/index.php\/wp-json\/wp\/v2\/comments?post=6010"}],"version-history":[{"count":1,"href":"https:\/\/tribunavm.com.ar\/index.php\/wp-json\/wp\/v2\/posts\/6010\/revisions"}],"predecessor-version":[{"id":6012,"href":"https:\/\/tribunavm.com.ar\/index.php\/wp-json\/wp\/v2\/posts\/6010\/revisions\/6012"}],"wp:featuredmedia":[{"embeddable":true,"href":"https:\/\/tribunavm.com.ar\/index.php\/wp-json\/wp\/v2\/media\/6055"}],"wp:attachment":[{"href":"https:\/\/tribunavm.com.ar\/index.php\/wp-json\/wp\/v2\/media?parent=6010"}],"wp:term":[{"taxonomy":"category","embeddable":true,"href":"https:\/\/tribunavm.com.ar\/index.php\/wp-json\/wp\/v2\/categories?post=6010"},{"taxonomy":"post_tag","embeddable":true,"href":"https:\/\/tribunavm.com.ar\/index.php\/wp-json\/wp\/v2\/tags?post=6010"}],"curies":[{"name":"wp","href":"https:\/\/api.w.org\/{rel}","templated":true}]}}