{"id":6067,"date":"2022-07-04T02:55:45","date_gmt":"2022-07-04T02:55:45","guid":{"rendered":"https:\/\/tribunavm.com.ar\/?p=6067"},"modified":"2022-07-04T02:56:07","modified_gmt":"2022-07-04T02:56:07","slug":"petro-eligio-canciller-y-ministro-de-hacienda","status":"publish","type":"post","link":"https:\/\/tribunavm.com.ar\/index.php\/2022\/07\/04\/petro-eligio-canciller-y-ministro-de-hacienda\/","title":{"rendered":"Petro eligi\u00f3 Canciller y Ministro de Hacienda"},"content":{"rendered":"<div class=\"row clearfix\">\n<div class=\"col-md-8\">\n<div class=\"intro-text\">\n<p><span style=\"font-weight: 400;\">Se trata de\u00a0 \u00c1lvaro Leyva Dur\u00e1n (Canciller) y Jose Antonio Ocampo (Hacienda). Este \u00faltimo recibi\u00f3 el visto bueno de la asociaci\u00f3n empresarial de Colombia.<\/span><\/p>\n<\/div>\n<p><span style=\"font-weight: 400;\"><span class=\"dropcap \" style=\"background-color: #ffffff; color: #dd9933; border-color: #ffffff;\">T<\/span>ras las elecciones presidenciales que dieron el triunfo a la f\u00f3rmula de Gustavo Petro y Francia M\u00e1rquez, estos d\u00edas se conocieron algunos nombres en el armado del Gabinete que acompa\u00f1ar\u00e1 la gesti\u00f3n presidencial.<\/span><\/p>\n<p><span style=\"font-weight: 400;\">En ese sentido, Petro nombr\u00f3 el 25 de junio a \u00c1lvaro Leyva Dur\u00e1n como su canciller y la semana siguiente al economista Jose Antonio Ocampo como ministro de Hacienda.<\/span><\/p>\n<div id='gallery-1' class='gallery galleryid-6067 gallery-columns-2 gallery-size-large'><figure class='gallery-item'>\n\t\t\t<div class='gallery-icon landscape'>\n\t\t\t\t<a href='https:\/\/tribunavm.com.ar\/index.php\/2022\/07\/04\/petro-eligio-canciller-y-ministro-de-hacienda\/jose_antonio_ocampo_archivo-jpg_1269359182\/'><img loading=\"lazy\" decoding=\"async\" width=\"1024\" height=\"576\" src=\"https:\/\/tribunavm.com.ar\/wp-content\/uploads\/2022\/07\/jose_antonio_ocampo_archivo.jpg_1269359182-1024x576.png\" class=\"attachment-large size-large\" alt=\"\" srcset=\"https:\/\/tribunavm.com.ar\/wp-content\/uploads\/2022\/07\/jose_antonio_ocampo_archivo.jpg_1269359182-1024x576.png 1024w, https:\/\/tribunavm.com.ar\/wp-content\/uploads\/2022\/07\/jose_antonio_ocampo_archivo.jpg_1269359182-300x169.png 300w, https:\/\/tribunavm.com.ar\/wp-content\/uploads\/2022\/07\/jose_antonio_ocampo_archivo.jpg_1269359182-768x432.png 768w, https:\/\/tribunavm.com.ar\/wp-content\/uploads\/2022\/07\/jose_antonio_ocampo_archivo.jpg_1269359182-1536x864.png 1536w, https:\/\/tribunavm.com.ar\/wp-content\/uploads\/2022\/07\/jose_antonio_ocampo_archivo.jpg_1269359182-750x422.png 750w, https:\/\/tribunavm.com.ar\/wp-content\/uploads\/2022\/07\/jose_antonio_ocampo_archivo.jpg_1269359182-1140x641.png 1140w, https:\/\/tribunavm.com.ar\/wp-content\/uploads\/2022\/07\/jose_antonio_ocampo_archivo.jpg_1269359182.png 2000w\" sizes=\"(max-width: 1024px) 100vw, 1024px\" \/><\/a>\n\t\t\t<\/div><\/figure><figure class='gallery-item'>\n\t\t\t<div class='gallery-icon landscape'>\n\t\t\t\t<a href='https:\/\/tribunavm.com.ar\/index.php\/2022\/07\/04\/petro-eligio-canciller-y-ministro-de-hacienda\/alvaro-leyva\/'><img loading=\"lazy\" decoding=\"async\" width=\"1024\" height=\"576\" src=\"https:\/\/tribunavm.com.ar\/wp-content\/uploads\/2022\/07\/Alvaro-Leyva-1024x576.jpg\" class=\"attachment-large size-large\" alt=\"\" srcset=\"https:\/\/tribunavm.com.ar\/wp-content\/uploads\/2022\/07\/Alvaro-Leyva-1024x576.jpg 1024w, https:\/\/tribunavm.com.ar\/wp-content\/uploads\/2022\/07\/Alvaro-Leyva-300x169.jpg 300w, https:\/\/tribunavm.com.ar\/wp-content\/uploads\/2022\/07\/Alvaro-Leyva-768x432.jpg 768w, https:\/\/tribunavm.com.ar\/wp-content\/uploads\/2022\/07\/Alvaro-Leyva-750x422.jpg 750w, https:\/\/tribunavm.com.ar\/wp-content\/uploads\/2022\/07\/Alvaro-Leyva-1140x641.jpg 1140w, https:\/\/tribunavm.com.ar\/wp-content\/uploads\/2022\/07\/Alvaro-Leyva.jpg 1200w\" sizes=\"(max-width: 1024px) 100vw, 1024px\" \/><\/a>\n\t\t\t<\/div><\/figure>\n\t\t<\/div>\n\n<p>\u201cEs una persona seria, con experiencia y confiable, conoce el pa\u00eds, sus finanzas y los mercados internacionales. Es una muy buena se\u00f1al su designaci\u00f3n\u201d, declar\u00f3 Bruce Mac Master, quien preside la Asociaci\u00f3n Nacional de Empresarios de Colombia (ANDI) sobre la designaci\u00f3n del economista.<\/p>\n<p><span style=\"font-weight: 400;\">El Gobierno de Petro iniciar\u00e1 el 7 de agosto y a\u00fan no se conocen cu\u00e1les ser\u00e1n las primeras medidas que tomar\u00e1, aunque ya alert\u00f3 que entre sus planes se encuentra la idea de avanzar en una reforma tributaria progresiva.<\/span><\/p>\n<p><span style=\"font-weight: 400;\">En materia econ\u00f3mica declar\u00f3 recientemente que la explotaci\u00f3n extractivista no es una v\u00eda \u00f3ptima para el desarrollo en Am\u00e9rica Latina. En declaraciones al diario El Pa\u00eds coment\u00f3 que \u201cno se puede construir ninguna visi\u00f3n progresista de la sociedad sobre la econom\u00eda f\u00f3sil, porque la econom\u00eda f\u00f3sil es la muerte. Hay que plantearse un nuevo modelo de desarrollo en Am\u00e9rica Latina\u201d abogando por una perspectiva \u201cverde y sustentable\u201d.<\/span><\/p>\n<\/div>\n<\/div>\n","protected":false},"excerpt":{"rendered":"<p>Se trata de\u00a0 \u00c1lvaro Leyva Dur\u00e1n (Canciller) y Jose Antonio Ocampo (Hacienda). Este \u00faltimo recibi\u00f3 el visto bueno de la asociaci\u00f3n empresarial de Colombia. Tras las elecciones presidenciales que dieron el triunfo a la f\u00f3rmula de Gustavo Petro y Francia M\u00e1rquez, estos d\u00edas se conocieron algunos nombres en el armado del Gabinete que acompa\u00f1ar\u00e1 la [&hellip;]<\/p>\n","protected":false},"author":2,"featured_media":6068,"comment_status":"open","ping_status":"open","sticky":false,"template":"","format":"standard","meta":{"_exactmetrics_skip_tracking":false,"_exactmetrics_sitenote_active":false,"_exactmetrics_sitenote_note":"","_exactmetrics_sitenote_category":0,"jnews-multi-image_gallery":[],"jnews_single_post":{"source_name":"","source_url":"","via_name":"","via_url":"","override_template":"0","override":[{"template":"1","single_blog_custom":"","parallax":"1","fullscreen":"1","layout":"right-sidebar","sidebar":"default-sidebar","second_sidebar":"default-sidebar","sticky_sidebar":"1","share_position":"top","share_float_style":"share-monocrhome","show_share_counter":"1","show_view_counter":"1","show_featured":"1","show_post_meta":"1","show_post_author":"1","show_post_author_image":"1","show_post_date":"1","post_date_format":"default","post_date_format_custom":"Y\/m\/d","show_post_category":"1","show_post_reading_time":"0","post_reading_time_wpm":"300","show_zoom_button":"0","zoom_button_out_step":"2","zoom_button_in_step":"3","show_post_tag":"1","show_prev_next_post":"1","show_popup_post":"1","number_popup_post":"1","show_author_box":"0","show_post_related":"0","show_inline_post_related":"0"}],"override_image_size":"0","image_override":[{"single_post_thumbnail_size":"crop-500","single_post_gallery_size":"crop-500"}],"trending_post":"0","trending_post_position":"meta","trending_post_label":"Trending","sponsored_post":"0","sponsored_post_label":"Sponsored by","sponsored_post_name":"","sponsored_post_url":"","sponsored_post_logo_enable":"0","sponsored_post_logo":"","sponsored_post_desc":""},"jnews_primary_category":{"id":"22"},"jnews_social_meta":{"fb_title":"","fb_description":"","fb_image":"","twitter_title":"","twitter_description":"","twitter_image":""},"jnews_override_counter":{"override_view_counter":"0","view_counter_number":"0","override_share_counter":"0","share_counter_number":"0","override_like_counter":"0","like_counter_number":"0","override_dislike_counter":"0","dislike_counter_number":"0"},"_joinchat":[],"footnotes":""},"categories":[22],"tags":[254,39,69],"class_list":["post-6067","post","type-post","status-publish","format-standard","has-post-thumbnail","hentry","category-actualidad","tag-edicion-92","tag-gobierno","tag-latinoamerica"],"_links":{"self":[{"href":"https:\/\/tribunavm.com.ar\/index.php\/wp-json\/wp\/v2\/posts\/6067"}],"collection":[{"href":"https:\/\/tribunavm.com.ar\/index.php\/wp-json\/wp\/v2\/posts"}],"about":[{"href":"https:\/\/tribunavm.com.ar\/index.php\/wp-json\/wp\/v2\/types\/post"}],"author":[{"embeddable":true,"href":"https:\/\/tribunavm.com.ar\/index.php\/wp-json\/wp\/v2\/users\/2"}],"replies":[{"embeddable":true,"href":"https:\/\/tribunavm.com.ar\/index.php\/wp-json\/wp\/v2\/comments?post=6067"}],"version-history":[{"count":1,"href":"https:\/\/tribunavm.com.ar\/index.php\/wp-json\/wp\/v2\/posts\/6067\/revisions"}],"predecessor-version":[{"id":6071,"href":"https:\/\/tribunavm.com.ar\/index.php\/wp-json\/wp\/v2\/posts\/6067\/revisions\/6071"}],"wp:featuredmedia":[{"embeddable":true,"href":"https:\/\/tribunavm.com.ar\/index.php\/wp-json\/wp\/v2\/media\/6068"}],"wp:attachment":[{"href":"https:\/\/tribunavm.com.ar\/index.php\/wp-json\/wp\/v2\/media?parent=6067"}],"wp:term":[{"taxonomy":"category","embeddable":true,"href":"https:\/\/tribunavm.com.ar\/index.php\/wp-json\/wp\/v2\/categories?post=6067"},{"taxonomy":"post_tag","embeddable":true,"href":"https:\/\/tribunavm.com.ar\/index.php\/wp-json\/wp\/v2\/tags?post=6067"}],"curies":[{"name":"wp","href":"https:\/\/api.w.org\/{rel}","templated":true}]}}