{"id":611,"date":"2019-09-05T15:12:11","date_gmt":"2019-09-05T15:12:11","guid":{"rendered":"https:\/\/tribunavm.com.ar\/?p=611"},"modified":"2019-10-22T15:23:23","modified_gmt":"2019-10-22T15:23:23","slug":"debajo-de-las-cenizas-del-amazonas","status":"publish","type":"post","link":"https:\/\/tribunavm.com.ar\/index.php\/2019\/09\/05\/debajo-de-las-cenizas-del-amazonas\/","title":{"rendered":"Debajo de las cenizas del Amazonas"},"content":{"rendered":"<div class=\"row clearfix\">\n<div class=\"col-md-8\">\n<p><span style=\"color: #212121; font-size: 1.5em; letter-spacing: -0.01em;\">Los incendios en el Amazonas estuvieron en los principales titulares de medios internacionales, pero \u00bfQui\u00e9nes est\u00e1n detr\u00e1s y bajo qu\u00e9 intereses act\u00faan?<\/span><\/p>\n<p><span style=\"font-weight: 400;\"><span class=\"dropcap \" style=\"background-color: #ffffff; color: #dd9933; border-color: #ffffff;\">L<\/span>os incendios intencionales propagados por m\u00faltiples lugares de la selva amaz\u00f3nica fueron noticias en todas las radios, programas televisivos, diarios y hasta tendencia mundial en las redes. Pero cuando casos concretos de desastres ambientales hacen recordar a la opini\u00f3n p\u00fablica mundial lo que en realidad sucede todos los d\u00edas, todo el tiempo y en la mayor\u00eda de los rincones del planeta, es necesario poner en tela de juicio el entramado pol\u00edtico, social y econ\u00f3mico que hay detr\u00e1s.<\/span><\/p>\n<p><span style=\"font-weight: 400;\">La llegada de Jair Bolsonaro como presidente de Brasil en 2018 estuvo acompa\u00f1ada de un discurso basado en el desarrollo econ\u00f3mico del pa\u00eds y en el descreimiento del cambio clim\u00e1tico global. Esto conform\u00f3 un combo explosivo, el cual respald\u00f3 el accionar de quienes ven\u00edan arrasando la regi\u00f3n amaz\u00f3nica, logrando as\u00ed que los niveles de destrucci\u00f3n de la selva, en cualquiera de sus modalidades, se disparen a niveles sumamente elevados. <strong>El principal motivo de la deforestaci\u00f3n es la ampliaci\u00f3n de la frontera productiva para actividades agr\u00edcola-ganaderas<\/strong>, pero tampoco se puede dejar de nombrar el rol significativo del <strong>comercio ilegal de madera<\/strong> en la regi\u00f3n.<\/span><\/p>\n<p><span style=\"font-weight: 400;\">La deforestaci\u00f3n no es nueva, la quema intencional para el pastoreo a gran escala y la siembra intensiva tampoco lo son, como tampoco lo es el sistema de producci\u00f3n que sostiene esta forma de ver y entender las pr\u00e1cticas productivas en general. Lo relativamente nuevo en las \u00faltimas d\u00e9cadas es la <strong>tendencia en aumento de eliminar espacios de selvas o bosques nativos para la posterior utilizaci\u00f3n de la tierra<\/strong>.<\/span><\/p>\n<p><span style=\"font-weight: 400;\">En Argentina, por ejemplo, el desastre ambiental existe y de forma realmente alarmante.\u00a0 Lo que lo diferencia de los casos de incendios masivos en Brasil son las pr\u00e1cticas y los modos de accionar, pero no las causas. <strong>En C\u00f3rdoba, <\/strong>particularmente<strong>, queda entre el 3% y el 5% de bosque nativo<\/strong> al cual se lo sigue arrasando, ya no con incendios intencionales (los cuales tambi\u00e9n existen) pero s\u00ed mayormente con maquinaria pesada o topadoras. Es importante observar que cualquiera sea la pr\u00e1ctica destructiva del medio ambiente la causa que hay detr\u00e1s es el inter\u00e9s por ampliar la productividad y riqueza.<\/span><\/p>\n<p><span style=\"font-weight: 400;\">Un hecho alarmante de los procesos de destrucci\u00f3n de h\u00e1bitats, como lo fueron los incendios en Brasil, en donde no solo se destruye la biodiversidad de la flora y fauna, es la expulsi\u00f3n obligada de comunidades originarias, campesinas y campesinos. Muchos son obligadas a emigrar a otros destinos, engrosando a las poblaciones urbanas marginadas y viviendo en situaciones de extrema vulnerabilidad econ\u00f3mica y social.<\/span><\/p>\n<p><span style=\"font-weight: 400;\">En cuanto a lo local\/regional encontramos solo un \u00faltimo reducto de monte nativo en las inmediaciones de la ciudad. Dentro de tantas noticias p\u00e1lidas la <strong>\u201cAsamblea Socioambiental El Monte Nativo Vuelve\u201d<\/strong> ha presentado en octubre de 2018 el <strong>proyecto de ordenanza<\/strong> ante el Concejo Deliberante de Villa Mar\u00eda <strong>para la creaci\u00f3n de la reserva natural urbana y pluricultural \u201cEl Algarrobal\u201d del Barrio Malvinas Argentinas.<\/strong><\/span><\/p>\n<\/div>\n<\/div>\n","protected":false},"excerpt":{"rendered":"<p>Los incendios en el Amazonas estuvieron en los principales titulares de medios internacionales, pero \u00bfQui\u00e9nes est\u00e1n detr\u00e1s y bajo qu\u00e9 intereses act\u00faan? Los incendios intencionales propagados por m\u00faltiples lugares de la selva amaz\u00f3nica fueron noticias en todas las radios, programas televisivos, diarios y hasta tendencia mundial en las redes. Pero cuando casos concretos de desastres [&hellip;]<\/p>\n","protected":false},"author":2,"featured_media":617,"comment_status":"open","ping_status":"open","sticky":false,"template":"","format":"standard","meta":{"_exactmetrics_skip_tracking":false,"_exactmetrics_sitenote_active":false,"_exactmetrics_sitenote_note":"","_exactmetrics_sitenote_category":0,"jnews-multi-image_gallery":[],"jnews_single_post":{"source_name":"","source_url":"","via_name":"","via_url":"","override_template":"0","override":[{"template":"1","single_blog_custom":"","parallax":"1","fullscreen":"0","layout":"right-sidebar","sidebar":"default-sidebar","second_sidebar":"default-sidebar","sticky_sidebar":"1","share_position":"top","share_float_style":"share-monocrhome","show_share_counter":"1","show_view_counter":"1","show_featured":"1","show_post_meta":"1","show_post_author":"1","show_post_author_image":"1","show_post_date":"1","post_date_format":"default","post_date_format_custom":"Y\/m\/d","show_post_category":"1","show_post_reading_time":"0","post_reading_time_wpm":"300","show_zoom_button":"0","zoom_button_out_step":"2","zoom_button_in_step":"3","show_post_tag":"1","show_prev_next_post":"1","show_popup_post":"1","number_popup_post":"1","show_author_box":"0","show_post_related":"0","show_inline_post_related":"0"}],"override_image_size":"0","image_override":[{"single_post_thumbnail_size":"crop-500","single_post_gallery_size":"crop-500"}],"trending_post":"0","trending_post_position":"meta","trending_post_label":"Trending"},"jnews_primary_category":{"id":""},"jnews_social_meta":{"fb_title":"","fb_description":"","fb_image":"","twitter_title":"","twitter_description":"","twitter_image":""},"jnews_override_counter":{"override_view_counter":"0","view_counter_number":"0","override_share_counter":"0","share_counter_number":"0","override_like_counter":"0","like_counter_number":"0","override_dislike_counter":"0","dislike_counter_number":"0"},"_joinchat":[],"footnotes":""},"categories":[1],"tags":[47],"class_list":["post-611","post","type-post","status-publish","format-standard","has-post-thumbnail","hentry","category-uncategorized","tag-edicion-8"],"_links":{"self":[{"href":"https:\/\/tribunavm.com.ar\/index.php\/wp-json\/wp\/v2\/posts\/611"}],"collection":[{"href":"https:\/\/tribunavm.com.ar\/index.php\/wp-json\/wp\/v2\/posts"}],"about":[{"href":"https:\/\/tribunavm.com.ar\/index.php\/wp-json\/wp\/v2\/types\/post"}],"author":[{"embeddable":true,"href":"https:\/\/tribunavm.com.ar\/index.php\/wp-json\/wp\/v2\/users\/2"}],"replies":[{"embeddable":true,"href":"https:\/\/tribunavm.com.ar\/index.php\/wp-json\/wp\/v2\/comments?post=611"}],"version-history":[{"count":1,"href":"https:\/\/tribunavm.com.ar\/index.php\/wp-json\/wp\/v2\/posts\/611\/revisions"}],"predecessor-version":[{"id":616,"href":"https:\/\/tribunavm.com.ar\/index.php\/wp-json\/wp\/v2\/posts\/611\/revisions\/616"}],"wp:featuredmedia":[{"embeddable":true,"href":"https:\/\/tribunavm.com.ar\/index.php\/wp-json\/wp\/v2\/media\/617"}],"wp:attachment":[{"href":"https:\/\/tribunavm.com.ar\/index.php\/wp-json\/wp\/v2\/media?parent=611"}],"wp:term":[{"taxonomy":"category","embeddable":true,"href":"https:\/\/tribunavm.com.ar\/index.php\/wp-json\/wp\/v2\/categories?post=611"},{"taxonomy":"post_tag","embeddable":true,"href":"https:\/\/tribunavm.com.ar\/index.php\/wp-json\/wp\/v2\/tags?post=611"}],"curies":[{"name":"wp","href":"https:\/\/api.w.org\/{rel}","templated":true}]}}