{"id":6132,"date":"2022-07-17T23:15:00","date_gmt":"2022-07-17T23:15:00","guid":{"rendered":"https:\/\/tribunavm.com.ar\/?p=6132"},"modified":"2022-07-17T23:15:00","modified_gmt":"2022-07-17T23:15:00","slug":"organizaciones-sociales-se-manifestaron-en-buenos-aires","status":"publish","type":"post","link":"https:\/\/tribunavm.com.ar\/index.php\/2022\/07\/17\/organizaciones-sociales-se-manifestaron-en-buenos-aires\/","title":{"rendered":"Organizaciones sociales se manifestaron en Buenos Aires"},"content":{"rendered":"<div class=\"row clearfix\">\n<div class=\"col-md-8\">\n<div class=\"intro-text\">\n<p><span style=\"font-weight: 400;\">Sucedieron dos movilizaciones el jueves pasado en la capital del pa\u00eds exigiendo por mejoras salariales, un ingreso b\u00e1sico universal y paro nacional.\u00a0<\/span><\/p>\n<\/div>\n<p><span style=\"font-weight: 400;\"><span class=\"dropcap \" style=\"background-color: #ffffff; color: #dd9933; border-color: #ffffff;\">L<\/span>a Plaza de Mayo y el Congreso de la Naci\u00f3n fueron el escenario de dos grandes movilizaciones llevadas a cabo, por un lado, por la Unidad Piquetera (UP), y por otro, organizaciones sociales entre las que se encontraban el Movimiento Evita y la UTEP.<\/span><\/p>\n<p><span style=\"font-weight: 400;\">En Plaza de Mayo, las 25 agrupaciones que conforman el frente piquetero reclamaron &#8220;un salario m\u00ednimo que supere el ingreso b\u00e1sico&#8221;. Adem\u00e1s, solicitaron una reuni\u00f3n con la nueva ministra de Econom\u00eda, Silvina Batakis, que deneg\u00f3 su petici\u00f3n.<\/span><\/p>\n<p><img loading=\"lazy\" decoding=\"async\" class=\"aligncenter size-full wp-image-6133\" src=\"https:\/\/tribunavm.com.ar\/wp-content\/uploads\/2022\/07\/PIQUETE-FOTO-PERFIL.jpg\" alt=\"\" width=\"900\" height=\"505\" srcset=\"https:\/\/tribunavm.com.ar\/wp-content\/uploads\/2022\/07\/PIQUETE-FOTO-PERFIL.jpg 900w, https:\/\/tribunavm.com.ar\/wp-content\/uploads\/2022\/07\/PIQUETE-FOTO-PERFIL-300x168.jpg 300w, https:\/\/tribunavm.com.ar\/wp-content\/uploads\/2022\/07\/PIQUETE-FOTO-PERFIL-768x431.jpg 768w, https:\/\/tribunavm.com.ar\/wp-content\/uploads\/2022\/07\/PIQUETE-FOTO-PERFIL-750x421.jpg 750w\" sizes=\"(max-width: 900px) 100vw, 900px\" \/><\/p>\n<p><span style=\"font-weight: 400;\">En un comunicado, las organizaciones dijeron que &#8220;la ministra antes que nada habl\u00f3 con Kristalina Georgieva, la mandam\u00e1s del FMI y esta le dijo lo mismo que siempre dice el FMI, m\u00e1s ajuste y m\u00e1s r\u00e1pido&#8221;.<\/span><\/p>\n<p><span style=\"font-weight: 400;\">&#8220;Exigimos un paro y un plan de lucha a las centrales sindicales por el salario m\u00ednimo y por un bono de emergencia que sea un paliativo a la topadora de la inflaci\u00f3n que se lleva puestos los salarios&#8221;, concluyeron.<\/span><\/p>\n<p><span style=\"font-weight: 400;\">Por otro lado, en el Congreso de la Naci\u00f3n, la iniciativa fue llevada a cabo por las organizaciones Somos Barrios de Pie, la Uni\u00f3n de Trabajadores y Trabajadoras de la Econom\u00eda Popular (UTEP), el Movimiento Popular Dar\u00edo Santill\u00e1n y la Corriente Clasista y Combativa (CCC).<\/span><\/p>\n<p><span style=\"font-weight: 400;\">El motivo de la movilizaci\u00f3n era presionar por el tratamiento de un proyecto de ley sobre el Salario B\u00e1sico Universal presentado por diputados del Frente Patria Grande cuyo referente es Juan Grabois, tambi\u00e9n l\u00edder del Movimiento de Trabajadores Excluidos (MTE).<\/span><\/p>\n<p><span style=\"font-weight: 400;\">El proyecto pretende que el Gobierno Nacional destine un ingreso mensual de $14 mil a cerca de 9 millones de personas de &#8220;sectores sociales vulnerables&#8221;. Seg\u00fan las declaraciones de algunos referentes, luego iban a movilizarse hacia Plaza de Mayo en apoyo a la otra manifestaci\u00f3n que se estaba realizando en paralelo por la Unidad Piquetera.<\/span><\/p>\n<p><span style=\"color: #ff9900;\"><b>Congreso e interna<\/b><\/span><\/p>\n<p><span style=\"font-weight: 400;\">Las disputas pol\u00edticas inciden fuertemente en las estructuras de las organizaciones y promueven su posicionamiento. El Movimiento Evita, realiz\u00f3 el 6to Congreso Nacional \u201cOscar Valdovinos\u201d en el cu\u00e1l definieron el armado de una agrupaci\u00f3n pol\u00edtica que formar\u00e1 parte del Frente de Todos. <\/span><span style=\"font-weight: 400;\">Ser\u00e1 \u201cun espacio pol\u00edtico que pueda debatir un proyecto de pa\u00eds que tenga en el centro a la econom\u00eda popular y el protagonismo de las mayor\u00edas en la pol\u00edtica\u201d, comentaron.<\/span><\/p>\n<p><span style=\"font-weight: 400;\">Tambi\u00e9n participaron Juan Grabois; Juan Carlos Alderete, referente de la Corriente Clasista y Combativa (CCC) y Daniel Men\u00e9ndez, coordinador nacional de Somos Barrios de Pie.<\/span><\/p>\n<\/div>\n<\/div>\n","protected":false},"excerpt":{"rendered":"<p>Sucedieron dos movilizaciones el jueves pasado en la capital del pa\u00eds exigiendo por mejoras salariales, un ingreso b\u00e1sico universal y paro nacional.\u00a0 La Plaza de Mayo y el Congreso de la Naci\u00f3n fueron el escenario de dos grandes movilizaciones llevadas a cabo, por un lado, por la Unidad Piquetera (UP), y por otro, organizaciones sociales [&hellip;]<\/p>\n","protected":false},"author":2,"featured_media":6134,"comment_status":"open","ping_status":"open","sticky":false,"template":"","format":"standard","meta":{"_exactmetrics_skip_tracking":false,"_exactmetrics_sitenote_active":false,"_exactmetrics_sitenote_note":"","_exactmetrics_sitenote_category":0,"jnews-multi-image_gallery":[],"jnews_single_post":{"source_name":"","source_url":"","via_name":"","via_url":"","override_template":"0","override":[{"template":"1","single_blog_custom":"","parallax":"1","fullscreen":"1","layout":"right-sidebar","sidebar":"default-sidebar","second_sidebar":"default-sidebar","sticky_sidebar":"1","share_position":"top","share_float_style":"share-monocrhome","show_share_counter":"1","show_view_counter":"1","show_featured":"1","show_post_meta":"1","show_post_author":"1","show_post_author_image":"1","show_post_date":"1","post_date_format":"default","post_date_format_custom":"Y\/m\/d","show_post_category":"1","show_post_reading_time":"0","post_reading_time_wpm":"300","show_zoom_button":"0","zoom_button_out_step":"2","zoom_button_in_step":"3","show_post_tag":"1","show_prev_next_post":"1","show_popup_post":"1","number_popup_post":"1","show_author_box":"0","show_post_related":"0","show_inline_post_related":"0"}],"override_image_size":"0","image_override":[{"single_post_thumbnail_size":"crop-500","single_post_gallery_size":"crop-500"}],"trending_post":"0","trending_post_position":"meta","trending_post_label":"Trending","sponsored_post":"0","sponsored_post_label":"Sponsored by","sponsored_post_name":"","sponsored_post_url":"","sponsored_post_logo_enable":"0","sponsored_post_logo":"","sponsored_post_desc":""},"jnews_primary_category":{"id":"22"},"jnews_social_meta":{"fb_title":"","fb_description":"","fb_image":"","twitter_title":"","twitter_description":"","twitter_image":""},"jnews_override_counter":{"override_view_counter":"0","view_counter_number":"0","override_share_counter":"0","share_counter_number":"0","override_like_counter":"0","like_counter_number":"0","override_dislike_counter":"0","dislike_counter_number":"0"},"_joinchat":[],"footnotes":""},"categories":[22],"tags":[],"class_list":["post-6132","post","type-post","status-publish","format-standard","has-post-thumbnail","hentry","category-actualidad"],"_links":{"self":[{"href":"https:\/\/tribunavm.com.ar\/index.php\/wp-json\/wp\/v2\/posts\/6132"}],"collection":[{"href":"https:\/\/tribunavm.com.ar\/index.php\/wp-json\/wp\/v2\/posts"}],"about":[{"href":"https:\/\/tribunavm.com.ar\/index.php\/wp-json\/wp\/v2\/types\/post"}],"author":[{"embeddable":true,"href":"https:\/\/tribunavm.com.ar\/index.php\/wp-json\/wp\/v2\/users\/2"}],"replies":[{"embeddable":true,"href":"https:\/\/tribunavm.com.ar\/index.php\/wp-json\/wp\/v2\/comments?post=6132"}],"version-history":[{"count":1,"href":"https:\/\/tribunavm.com.ar\/index.php\/wp-json\/wp\/v2\/posts\/6132\/revisions"}],"predecessor-version":[{"id":6135,"href":"https:\/\/tribunavm.com.ar\/index.php\/wp-json\/wp\/v2\/posts\/6132\/revisions\/6135"}],"wp:featuredmedia":[{"embeddable":true,"href":"https:\/\/tribunavm.com.ar\/index.php\/wp-json\/wp\/v2\/media\/6134"}],"wp:attachment":[{"href":"https:\/\/tribunavm.com.ar\/index.php\/wp-json\/wp\/v2\/media?parent=6132"}],"wp:term":[{"taxonomy":"category","embeddable":true,"href":"https:\/\/tribunavm.com.ar\/index.php\/wp-json\/wp\/v2\/categories?post=6132"},{"taxonomy":"post_tag","embeddable":true,"href":"https:\/\/tribunavm.com.ar\/index.php\/wp-json\/wp\/v2\/tags?post=6132"}],"curies":[{"name":"wp","href":"https:\/\/api.w.org\/{rel}","templated":true}]}}