{"id":6197,"date":"2022-07-31T21:52:41","date_gmt":"2022-07-31T21:52:41","guid":{"rendered":"https:\/\/tribunavm.com.ar\/?p=6197"},"modified":"2022-07-31T21:52:41","modified_gmt":"2022-07-31T21:52:41","slug":"putin-y-el-anuncio-de-una-nueva-era","status":"publish","type":"post","link":"https:\/\/tribunavm.com.ar\/index.php\/2022\/07\/31\/putin-y-el-anuncio-de-una-nueva-era\/","title":{"rendered":"Putin y el anuncio de \u201cuna nueva era\u201d"},"content":{"rendered":"<div class=\"row clearfix\">\n<div class=\"col-md-8\">\n<div class=\"intro-text\">\n<p><span style=\"font-weight: 400;\">Ir\u00e1n y Rusia avanzan en la consolidaci\u00f3n de una alianza estrat\u00e9gica.<\/span><\/p>\n<\/div>\n<p><span style=\"font-weight: 400;\"><span class=\"dropcap \" style=\"background-color: #ffffff; color: #dd9933; border-color: #ffffff;\">P<\/span>or primera vez desde el inicio de la guerra, el presidente ruso Vladimir Putin sali\u00f3 de su pa\u00eds para participar de una reuni\u00f3n tripartita en la que se abord\u00f3 la situaci\u00f3n en Siria con los l\u00edderes de Ir\u00e1n y Turqu\u00eda, Ebrahim Raisi y Recep Tayyip Erdogan, en Teher\u00e1n.<\/span><\/p>\n<p><span style=\"font-weight: 400;\">All\u00ed los mandatarios denostaron la presencia militar de EE.UU. en el territorio sirio y coincidieron en la toma de medidas para eliminar a los grupos extremistas de la regi\u00f3n.<\/span><\/p>\n<p><span style=\"font-weight: 400;\">En el marco de la visita oficial, Putin tambi\u00e9n sostuvo conversaciones en Ir\u00e1n con el l\u00edder supremo, el ayatollah Ali Khamenei. Este \u00faltimo se\u00f1al\u00f3 que \u201chay que sacar el d\u00f3lar paulatinamente del circuito de las transacciones globales, y hacer eso de manera progresiva es posible\u201d.\u00a0<\/span><\/p>\n<p><span style=\"font-weight: 400;\">En otra se\u00f1al de la alianza de estos pa\u00edses, Al\u00ed Saleh Abadi, director del Banco Central de Ir\u00e1n, anunci\u00f3 que la bolsa de divisas de Teher\u00e1n ha puesto en marcha las operaciones en monedas nacionales del rial y el rublo.<\/span><\/p>\n<p><span style=\"font-weight: 400;\">A su vez, representantes de la Compa\u00f1\u00eda Nacional de Petr\u00f3leo de Ir\u00e1n y la energ\u00e9tica estatal rusa Gazprom firmaron un memorando de entendimiento para el desarrollo de estrategias de cooperaci\u00f3n entre las empresas por un valor estimado de 40.000 millones de d\u00f3lares.<\/span><\/p>\n<p><span style=\"font-weight: 400;\">Finalmente, a trav\u00e9s de la mediaci\u00f3n de Turqu\u00eda y la ONU, Ucrania y Rusia firmaron en Estambul un acuerdo para reiniciar la exportaci\u00f3n de cereales ucranianos a trav\u00e9s de un corredor en el Mar Negro.\u00a0<\/span><\/p>\n<p><span style=\"font-weight: 400;\">Tras su regreso a Rusia, el presidente Putin, en una intervenci\u00f3n en el Foro de la Agencia para las Iniciativas Estrat\u00e9gicas, anunci\u00f3 que \u201cuna nueva era comienza en la historia del mundo\u201d donde &#8220;solo los estados verdaderamente soberanos podr\u00e1n mostrar altas tasas de crecimiento&#8221;.<\/span><\/p>\n<\/div>\n<\/div>\n","protected":false},"excerpt":{"rendered":"<p>Ir\u00e1n y Rusia avanzan en la consolidaci\u00f3n de una alianza estrat\u00e9gica. Por primera vez desde el inicio de la guerra, el presidente ruso Vladimir Putin sali\u00f3 de su pa\u00eds para participar de una reuni\u00f3n tripartita en la que se abord\u00f3 la situaci\u00f3n en Siria con los l\u00edderes de Ir\u00e1n y Turqu\u00eda, Ebrahim Raisi y Recep [&hellip;]<\/p>\n","protected":false},"author":2,"featured_media":6198,"comment_status":"open","ping_status":"open","sticky":false,"template":"","format":"standard","meta":{"_exactmetrics_skip_tracking":false,"_exactmetrics_sitenote_active":false,"_exactmetrics_sitenote_note":"","_exactmetrics_sitenote_category":0,"jnews-multi-image_gallery":[],"jnews_single_post":{"source_name":"","source_url":"","via_name":"","via_url":"","override_template":"0","override":[{"template":"1","single_blog_custom":"","parallax":"1","fullscreen":"1","layout":"right-sidebar","sidebar":"default-sidebar","second_sidebar":"default-sidebar","sticky_sidebar":"1","share_position":"top","share_float_style":"share-monocrhome","show_share_counter":"1","show_view_counter":"1","show_featured":"1","show_post_meta":"1","show_post_author":"1","show_post_author_image":"1","show_post_date":"1","post_date_format":"default","post_date_format_custom":"Y\/m\/d","show_post_category":"1","show_post_reading_time":"0","post_reading_time_wpm":"300","show_zoom_button":"0","zoom_button_out_step":"2","zoom_button_in_step":"3","show_post_tag":"1","show_prev_next_post":"1","show_popup_post":"1","number_popup_post":"1","show_author_box":"0","show_post_related":"0","show_inline_post_related":"0"}],"override_image_size":"0","image_override":[{"single_post_thumbnail_size":"crop-500","single_post_gallery_size":"crop-500"}],"trending_post":"0","trending_post_position":"meta","trending_post_label":"Trending","sponsored_post":"0","sponsored_post_label":"Sponsored by","sponsored_post_name":"","sponsored_post_url":"","sponsored_post_logo_enable":"0","sponsored_post_logo":"","sponsored_post_desc":""},"jnews_primary_category":{"id":"22"},"jnews_social_meta":{"fb_title":"","fb_description":"","fb_image":"","twitter_title":"","twitter_description":"","twitter_image":""},"jnews_override_counter":{"override_view_counter":"0","view_counter_number":"0","override_share_counter":"0","share_counter_number":"0","override_like_counter":"0","like_counter_number":"0","override_dislike_counter":"0","dislike_counter_number":"0"},"_joinchat":[],"footnotes":""},"categories":[22],"tags":[257,75],"class_list":["post-6197","post","type-post","status-publish","format-standard","has-post-thumbnail","hentry","category-actualidad","tag-edicion-94","tag-internacional"],"_links":{"self":[{"href":"https:\/\/tribunavm.com.ar\/index.php\/wp-json\/wp\/v2\/posts\/6197"}],"collection":[{"href":"https:\/\/tribunavm.com.ar\/index.php\/wp-json\/wp\/v2\/posts"}],"about":[{"href":"https:\/\/tribunavm.com.ar\/index.php\/wp-json\/wp\/v2\/types\/post"}],"author":[{"embeddable":true,"href":"https:\/\/tribunavm.com.ar\/index.php\/wp-json\/wp\/v2\/users\/2"}],"replies":[{"embeddable":true,"href":"https:\/\/tribunavm.com.ar\/index.php\/wp-json\/wp\/v2\/comments?post=6197"}],"version-history":[{"count":1,"href":"https:\/\/tribunavm.com.ar\/index.php\/wp-json\/wp\/v2\/posts\/6197\/revisions"}],"predecessor-version":[{"id":6199,"href":"https:\/\/tribunavm.com.ar\/index.php\/wp-json\/wp\/v2\/posts\/6197\/revisions\/6199"}],"wp:featuredmedia":[{"embeddable":true,"href":"https:\/\/tribunavm.com.ar\/index.php\/wp-json\/wp\/v2\/media\/6198"}],"wp:attachment":[{"href":"https:\/\/tribunavm.com.ar\/index.php\/wp-json\/wp\/v2\/media?parent=6197"}],"wp:term":[{"taxonomy":"category","embeddable":true,"href":"https:\/\/tribunavm.com.ar\/index.php\/wp-json\/wp\/v2\/categories?post=6197"},{"taxonomy":"post_tag","embeddable":true,"href":"https:\/\/tribunavm.com.ar\/index.php\/wp-json\/wp\/v2\/tags?post=6197"}],"curies":[{"name":"wp","href":"https:\/\/api.w.org\/{rel}","templated":true}]}}