{"id":6204,"date":"2022-07-31T21:57:25","date_gmt":"2022-07-31T21:57:25","guid":{"rendered":"https:\/\/tribunavm.com.ar\/?p=6204"},"modified":"2022-07-31T21:57:25","modified_gmt":"2022-07-31T21:57:25","slug":"inyeccion-de-capital-en-las-venas-de-america-latina","status":"publish","type":"post","link":"https:\/\/tribunavm.com.ar\/index.php\/2022\/07\/31\/inyeccion-de-capital-en-las-venas-de-america-latina\/","title":{"rendered":"Inyecci\u00f3n de capital en las venas de Am\u00e9rica Latina"},"content":{"rendered":"<div class=\"row clearfix\">\n<div class=\"col-md-8\">\n<div class=\"intro-text\">\n<p><span style=\"font-weight: 400;\">El Banco de Desarrollo de Am\u00e9rica Latina (CAF) aprob\u00f3 operaciones por 1.650 millones de d\u00f3lares para sectores estrat\u00e9gicos.<\/span><\/p>\n<\/div>\n<p><span style=\"font-weight: 400;\"><span class=\"dropcap \" style=\"background-color: #ffffff; color: #dd9933; border-color: #ffffff;\">L<\/span>a CAF aprob\u00f3 siete operaciones por un monto total de 1.650 millones de d\u00f3lares para Argentina, Brasil, Paraguay, Per\u00fa y Trinidad y Tobago. Los sectores estrat\u00e9gicos a los cuales apuntan la inversi\u00f3n son desarrollo social, agua y saneamiento, energ\u00eda, transformaci\u00f3n digital, y apoyo presupuestario, entre otros.\u00a0<\/span><\/p>\n<p><span style=\"font-weight: 400;\">En la reuni\u00f3n del Directorio en Panam\u00e1, celebrada el 19 de julio, el organismo aprob\u00f3 el aumento de la l\u00ednea de cr\u00e9dito con el Banco Regional de Desarrollo del Extremo Sur (BRDE). La misma pasar\u00e1 de 70 millones de d\u00f3lares a 140 teniendo como objetivo la continuaci\u00f3n del financiamiento para el sector energ\u00e9tico.<\/span><\/p>\n<p><span style=\"font-weight: 400;\">Por su parte, se financiar\u00e1 para Argentina 440 millones de d\u00f3lares para los proyectos Programa Nacional Argentina contra el Hambre y, el Programa de Obras B\u00e1sicas, Primarias y Redes Secundarias para el \u00c1rea Metropolitana de Buenos Aires (AMBA).<\/span><\/p>\n<p><span style=\"font-weight: 400;\">En particular, el programa de alimentaci\u00f3n recibir\u00e1 100 millones de d\u00f3lares tendientes a \u201cimplementar acciones de pol\u00edtica social vinculadas con la seguridad alimentaria de familias en situaci\u00f3n de vulnerabilidad\u201d. Anteriormente, el organismo hab\u00eda aportado en esta l\u00ednea dos financiamientos por 600 millones de d\u00f3lares en total.<\/span><\/p>\n<p><span style=\"font-weight: 400;\">Tambi\u00e9n recibir\u00e1n partidas Paraguay por 300 millones destinados al crecimiento econ\u00f3mico del pa\u00eds y contra los impactos del cambio clim\u00e1tico; Trinidad y Tobago, unos 120 millones de d\u00f3lares para avanzar en \u201cla digitalizaci\u00f3n del Estado y al cierre de brechas en el uso de la tecnolog\u00eda por parte del sector productivo y de la poblaci\u00f3n\u201d; para Per\u00fa se aprobaron dos cr\u00e9ditos por un total de 650 millones de d\u00f3lares para la gesti\u00f3n fiscal y obras de infraestructura para la expansi\u00f3n de redes de gas a los hogares.<\/span><\/p>\n<\/div>\n<\/div>\n","protected":false},"excerpt":{"rendered":"<p>El Banco de Desarrollo de Am\u00e9rica Latina (CAF) aprob\u00f3 operaciones por 1.650 millones de d\u00f3lares para sectores estrat\u00e9gicos. La CAF aprob\u00f3 siete operaciones por un monto total de 1.650 millones de d\u00f3lares para Argentina, Brasil, Paraguay, Per\u00fa y Trinidad y Tobago. Los sectores estrat\u00e9gicos a los cuales apuntan la inversi\u00f3n son desarrollo social, agua y [&hellip;]<\/p>\n","protected":false},"author":2,"featured_media":6205,"comment_status":"open","ping_status":"open","sticky":false,"template":"","format":"standard","meta":{"_exactmetrics_skip_tracking":false,"_exactmetrics_sitenote_active":false,"_exactmetrics_sitenote_note":"","_exactmetrics_sitenote_category":0,"jnews-multi-image_gallery":[],"jnews_single_post":{"source_name":"","source_url":"","via_name":"","via_url":"","override_template":"0","override":[{"template":"1","single_blog_custom":"","parallax":"1","fullscreen":"1","layout":"right-sidebar","sidebar":"default-sidebar","second_sidebar":"default-sidebar","sticky_sidebar":"1","share_position":"top","share_float_style":"share-monocrhome","show_share_counter":"1","show_view_counter":"1","show_featured":"1","show_post_meta":"1","show_post_author":"1","show_post_author_image":"1","show_post_date":"1","post_date_format":"default","post_date_format_custom":"Y\/m\/d","show_post_category":"1","show_post_reading_time":"0","post_reading_time_wpm":"300","show_zoom_button":"0","zoom_button_out_step":"2","zoom_button_in_step":"3","show_post_tag":"1","show_prev_next_post":"1","show_popup_post":"1","number_popup_post":"1","show_author_box":"0","show_post_related":"0","show_inline_post_related":"0"}],"override_image_size":"0","image_override":[{"single_post_thumbnail_size":"crop-500","single_post_gallery_size":"crop-500"}],"trending_post":"0","trending_post_position":"meta","trending_post_label":"Trending","sponsored_post":"0","sponsored_post_label":"Sponsored by","sponsored_post_name":"","sponsored_post_url":"","sponsored_post_logo_enable":"0","sponsored_post_logo":"","sponsored_post_desc":""},"jnews_primary_category":{"id":"22"},"jnews_social_meta":{"fb_title":"","fb_description":"","fb_image":"","twitter_title":"","twitter_description":"","twitter_image":""},"jnews_override_counter":{"override_view_counter":"0","view_counter_number":"0","override_share_counter":"0","share_counter_number":"0","override_like_counter":"0","like_counter_number":"0","override_dislike_counter":"0","dislike_counter_number":"0"},"_joinchat":[],"footnotes":""},"categories":[22],"tags":[257,69],"class_list":["post-6204","post","type-post","status-publish","format-standard","has-post-thumbnail","hentry","category-actualidad","tag-edicion-94","tag-latinoamerica"],"_links":{"self":[{"href":"https:\/\/tribunavm.com.ar\/index.php\/wp-json\/wp\/v2\/posts\/6204"}],"collection":[{"href":"https:\/\/tribunavm.com.ar\/index.php\/wp-json\/wp\/v2\/posts"}],"about":[{"href":"https:\/\/tribunavm.com.ar\/index.php\/wp-json\/wp\/v2\/types\/post"}],"author":[{"embeddable":true,"href":"https:\/\/tribunavm.com.ar\/index.php\/wp-json\/wp\/v2\/users\/2"}],"replies":[{"embeddable":true,"href":"https:\/\/tribunavm.com.ar\/index.php\/wp-json\/wp\/v2\/comments?post=6204"}],"version-history":[{"count":1,"href":"https:\/\/tribunavm.com.ar\/index.php\/wp-json\/wp\/v2\/posts\/6204\/revisions"}],"predecessor-version":[{"id":6206,"href":"https:\/\/tribunavm.com.ar\/index.php\/wp-json\/wp\/v2\/posts\/6204\/revisions\/6206"}],"wp:featuredmedia":[{"embeddable":true,"href":"https:\/\/tribunavm.com.ar\/index.php\/wp-json\/wp\/v2\/media\/6205"}],"wp:attachment":[{"href":"https:\/\/tribunavm.com.ar\/index.php\/wp-json\/wp\/v2\/media?parent=6204"}],"wp:term":[{"taxonomy":"category","embeddable":true,"href":"https:\/\/tribunavm.com.ar\/index.php\/wp-json\/wp\/v2\/categories?post=6204"},{"taxonomy":"post_tag","embeddable":true,"href":"https:\/\/tribunavm.com.ar\/index.php\/wp-json\/wp\/v2\/tags?post=6204"}],"curies":[{"name":"wp","href":"https:\/\/api.w.org\/{rel}","templated":true}]}}