{"id":6210,"date":"2022-07-31T22:02:51","date_gmt":"2022-07-31T22:02:51","guid":{"rendered":"https:\/\/tribunavm.com.ar\/?p=6210"},"modified":"2022-07-31T22:04:59","modified_gmt":"2022-07-31T22:04:59","slug":"movilizaciones-sindicales-en-caracas","status":"publish","type":"post","link":"https:\/\/tribunavm.com.ar\/index.php\/2022\/07\/31\/movilizaciones-sindicales-en-caracas\/","title":{"rendered":"Movilizaciones sindicales en Caracas"},"content":{"rendered":"<div class=\"row clearfix\">\n<div class=\"col-md-8\">\n<div class=\"intro-text\">\n<p><span style=\"font-weight: 400;\">Reclamos de trabajadores buscan igualar salarios con la canasta b\u00e1sica.<\/span><\/p>\n<\/div>\n<p><span style=\"font-weight: 400;\"><span class=\"dropcap \" style=\"background-color: #ffffff; color: #dd9933; border-color: #ffffff;\">T<\/span>rabajadores p\u00fablicos de Venezuela realizaron una huelga el 21 de julio que finaliz\u00f3 con el secuestro y posterior liberaci\u00f3n del sindicalista y militante del Partido Comunista de Venezuela, \u00c1ngel Castillo, y la convocatoria a un encuentro nacional de trabajadores para el 30 de julio.<\/span><\/p>\n<p><span style=\"font-weight: 400;\">El Espacio Sindical Unitario convoc\u00f3 a una nueva movilizaci\u00f3n para reclamar por diversos objetivos, entre los que destaca la igualaci\u00f3n de los salarios y pensiones respecto a la canasta b\u00e1sica, la defensa de contrataciones colectivas, la recontrataci\u00f3n de trabajadores despedidos y la libertad de presos y presas por luchar contra las violaciones a la libertad sindical y al derecho a huelga.<\/span><\/p>\n<\/div>\n<\/div>\n","protected":false},"excerpt":{"rendered":"<p>Reclamos de trabajadores buscan igualar salarios con la canasta b\u00e1sica. Trabajadores p\u00fablicos de Venezuela realizaron una huelga el 21 de julio que finaliz\u00f3 con el secuestro y posterior liberaci\u00f3n del sindicalista y militante del Partido Comunista de Venezuela, \u00c1ngel Castillo, y la convocatoria a un encuentro nacional de trabajadores para el 30 de julio. El [&hellip;]<\/p>\n","protected":false},"author":2,"featured_media":6213,"comment_status":"open","ping_status":"open","sticky":false,"template":"","format":"standard","meta":{"_exactmetrics_skip_tracking":false,"_exactmetrics_sitenote_active":false,"_exactmetrics_sitenote_note":"","_exactmetrics_sitenote_category":0,"jnews-multi-image_gallery":[],"jnews_single_post":{"source_name":"","source_url":"","via_name":"","via_url":"","override_template":"0","override":[{"template":"1","single_blog_custom":"","parallax":"1","fullscreen":"1","layout":"right-sidebar","sidebar":"default-sidebar","second_sidebar":"default-sidebar","sticky_sidebar":"1","share_position":"top","share_float_style":"share-monocrhome","show_share_counter":"1","show_view_counter":"1","show_featured":"1","show_post_meta":"1","show_post_author":"1","show_post_author_image":"1","show_post_date":"1","post_date_format":"default","post_date_format_custom":"Y\/m\/d","show_post_category":"1","show_post_reading_time":"0","post_reading_time_wpm":"300","show_zoom_button":"0","zoom_button_out_step":"2","zoom_button_in_step":"3","show_post_tag":"1","show_prev_next_post":"1","show_popup_post":"1","number_popup_post":"1","show_author_box":"0","show_post_related":"0","show_inline_post_related":"0"}],"override_image_size":"0","image_override":[{"single_post_thumbnail_size":"crop-500","single_post_gallery_size":"crop-500"}],"trending_post":"0","trending_post_position":"meta","trending_post_label":"Trending","sponsored_post":"0","sponsored_post_label":"Sponsored by","sponsored_post_name":"","sponsored_post_url":"","sponsored_post_logo_enable":"0","sponsored_post_logo":"","sponsored_post_desc":""},"jnews_primary_category":{"id":"22"},"jnews_social_meta":{"fb_title":"","fb_description":"","fb_image":"","twitter_title":"","twitter_description":"","twitter_image":""},"jnews_override_counter":{"override_view_counter":"0","view_counter_number":"0","override_share_counter":"0","share_counter_number":"0","override_like_counter":"0","like_counter_number":"0","override_dislike_counter":"0","dislike_counter_number":"0"},"_joinchat":[],"footnotes":""},"categories":[22],"tags":[257,69,85,35],"class_list":["post-6210","post","type-post","status-publish","format-standard","has-post-thumbnail","hentry","category-actualidad","tag-edicion-94","tag-latinoamerica","tag-movilizaciones","tag-trabajadores"],"_links":{"self":[{"href":"https:\/\/tribunavm.com.ar\/index.php\/wp-json\/wp\/v2\/posts\/6210"}],"collection":[{"href":"https:\/\/tribunavm.com.ar\/index.php\/wp-json\/wp\/v2\/posts"}],"about":[{"href":"https:\/\/tribunavm.com.ar\/index.php\/wp-json\/wp\/v2\/types\/post"}],"author":[{"embeddable":true,"href":"https:\/\/tribunavm.com.ar\/index.php\/wp-json\/wp\/v2\/users\/2"}],"replies":[{"embeddable":true,"href":"https:\/\/tribunavm.com.ar\/index.php\/wp-json\/wp\/v2\/comments?post=6210"}],"version-history":[{"count":1,"href":"https:\/\/tribunavm.com.ar\/index.php\/wp-json\/wp\/v2\/posts\/6210\/revisions"}],"predecessor-version":[{"id":6212,"href":"https:\/\/tribunavm.com.ar\/index.php\/wp-json\/wp\/v2\/posts\/6210\/revisions\/6212"}],"wp:featuredmedia":[{"embeddable":true,"href":"https:\/\/tribunavm.com.ar\/index.php\/wp-json\/wp\/v2\/media\/6213"}],"wp:attachment":[{"href":"https:\/\/tribunavm.com.ar\/index.php\/wp-json\/wp\/v2\/media?parent=6210"}],"wp:term":[{"taxonomy":"category","embeddable":true,"href":"https:\/\/tribunavm.com.ar\/index.php\/wp-json\/wp\/v2\/categories?post=6210"},{"taxonomy":"post_tag","embeddable":true,"href":"https:\/\/tribunavm.com.ar\/index.php\/wp-json\/wp\/v2\/tags?post=6210"}],"curies":[{"name":"wp","href":"https:\/\/api.w.org\/{rel}","templated":true}]}}