{"id":6214,"date":"2022-07-31T22:07:45","date_gmt":"2022-07-31T22:07:45","guid":{"rendered":"https:\/\/tribunavm.com.ar\/?p=6214"},"modified":"2022-07-31T22:07:45","modified_gmt":"2022-07-31T22:07:45","slug":"trabajadores-de-telmex-realizaron-una-huelga","status":"publish","type":"post","link":"https:\/\/tribunavm.com.ar\/index.php\/2022\/07\/31\/trabajadores-de-telmex-realizaron-una-huelga\/","title":{"rendered":"Trabajadores de Telmex realizaron una huelga"},"content":{"rendered":"<div class=\"row clearfix\">\n<div class=\"col-md-8\">\n<p><span style=\"color: #212121; font-size: 1.5em; letter-spacing: -0.01em;\">Trabajadores en busca de mejoras salariales realizan una huelga hist\u00f3rica.<\/span><\/p>\n<p><span style=\"font-weight: 400;\"><span class=\"dropcap \" style=\"background-color: #ffffff; color: #dd9933; border-color: #ffffff;\">E<\/span>l pasado 21 de julio, los trabajadores de Tel\u00e9fonos de M\u00e9xico (Telmex) realizaron una huelga por 24 horas en reclamo por mejoras salariales, la primera medida de este tipo desde hace 37 a\u00f1os.<\/span><\/p>\n<p><span style=\"font-weight: 400;\">Se necesitaron s\u00f3lo 24 horas para que la suspensi\u00f3n de actividades de 25.000 empleados frente a la sede central de la mayor empresa privada de telefon\u00eda del pa\u00eds tuviera su impacto.\u00a0<\/span><\/p>\n<p><span style=\"font-weight: 400;\">La movilizaci\u00f3n en Telmex se suma a otras medidas adoptadas por sindicatos de todo M\u00e9xico como en las mineras ArcelorMittal y Grupo M\u00e9xico en Sonora, cuyos reclamos tuvieron los efectos deseados, obteniendo las concesiones exigidas a las empresas. <\/span><\/p>\n<\/div>\n<\/div>\n","protected":false},"excerpt":{"rendered":"<p>Trabajadores en busca de mejoras salariales realizan una huelga hist\u00f3rica. El pasado 21 de julio, los trabajadores de Tel\u00e9fonos de M\u00e9xico (Telmex) realizaron una huelga por 24 horas en reclamo por mejoras salariales, la primera medida de este tipo desde hace 37 a\u00f1os. Se necesitaron s\u00f3lo 24 horas para que la suspensi\u00f3n de actividades de [&hellip;]<\/p>\n","protected":false},"author":2,"featured_media":6215,"comment_status":"open","ping_status":"open","sticky":false,"template":"","format":"standard","meta":{"_exactmetrics_skip_tracking":false,"_exactmetrics_sitenote_active":false,"_exactmetrics_sitenote_note":"","_exactmetrics_sitenote_category":0,"jnews-multi-image_gallery":[],"jnews_single_post":{"source_name":"","source_url":"","via_name":"","via_url":"","override_template":"0","override":[{"template":"1","single_blog_custom":"","parallax":"1","fullscreen":"1","layout":"right-sidebar","sidebar":"default-sidebar","second_sidebar":"default-sidebar","sticky_sidebar":"1","share_position":"top","share_float_style":"share-monocrhome","show_share_counter":"1","show_view_counter":"1","show_featured":"1","show_post_meta":"1","show_post_author":"1","show_post_author_image":"1","show_post_date":"1","post_date_format":"default","post_date_format_custom":"Y\/m\/d","show_post_category":"1","show_post_reading_time":"0","post_reading_time_wpm":"300","show_zoom_button":"0","zoom_button_out_step":"2","zoom_button_in_step":"3","show_post_tag":"1","show_prev_next_post":"1","show_popup_post":"1","number_popup_post":"1","show_author_box":"0","show_post_related":"0","show_inline_post_related":"0"}],"override_image_size":"0","image_override":[{"single_post_thumbnail_size":"crop-500","single_post_gallery_size":"crop-500"}],"trending_post":"0","trending_post_position":"meta","trending_post_label":"Trending","sponsored_post":"0","sponsored_post_label":"Sponsored by","sponsored_post_name":"","sponsored_post_url":"","sponsored_post_logo_enable":"0","sponsored_post_logo":"","sponsored_post_desc":""},"jnews_primary_category":{"id":"22"},"jnews_social_meta":{"fb_title":"","fb_description":"","fb_image":"","twitter_title":"","twitter_description":"","twitter_image":""},"jnews_override_counter":{"override_view_counter":"0","view_counter_number":"0","override_share_counter":"0","share_counter_number":"0","override_like_counter":"0","like_counter_number":"0","override_dislike_counter":"0","dislike_counter_number":"0"},"_joinchat":[],"footnotes":""},"categories":[22],"tags":[257,69,85,35],"class_list":["post-6214","post","type-post","status-publish","format-standard","has-post-thumbnail","hentry","category-actualidad","tag-edicion-94","tag-latinoamerica","tag-movilizaciones","tag-trabajadores"],"_links":{"self":[{"href":"https:\/\/tribunavm.com.ar\/index.php\/wp-json\/wp\/v2\/posts\/6214"}],"collection":[{"href":"https:\/\/tribunavm.com.ar\/index.php\/wp-json\/wp\/v2\/posts"}],"about":[{"href":"https:\/\/tribunavm.com.ar\/index.php\/wp-json\/wp\/v2\/types\/post"}],"author":[{"embeddable":true,"href":"https:\/\/tribunavm.com.ar\/index.php\/wp-json\/wp\/v2\/users\/2"}],"replies":[{"embeddable":true,"href":"https:\/\/tribunavm.com.ar\/index.php\/wp-json\/wp\/v2\/comments?post=6214"}],"version-history":[{"count":1,"href":"https:\/\/tribunavm.com.ar\/index.php\/wp-json\/wp\/v2\/posts\/6214\/revisions"}],"predecessor-version":[{"id":6216,"href":"https:\/\/tribunavm.com.ar\/index.php\/wp-json\/wp\/v2\/posts\/6214\/revisions\/6216"}],"wp:featuredmedia":[{"embeddable":true,"href":"https:\/\/tribunavm.com.ar\/index.php\/wp-json\/wp\/v2\/media\/6215"}],"wp:attachment":[{"href":"https:\/\/tribunavm.com.ar\/index.php\/wp-json\/wp\/v2\/media?parent=6214"}],"wp:term":[{"taxonomy":"category","embeddable":true,"href":"https:\/\/tribunavm.com.ar\/index.php\/wp-json\/wp\/v2\/categories?post=6214"},{"taxonomy":"post_tag","embeddable":true,"href":"https:\/\/tribunavm.com.ar\/index.php\/wp-json\/wp\/v2\/tags?post=6214"}],"curies":[{"name":"wp","href":"https:\/\/api.w.org\/{rel}","templated":true}]}}