{"id":6217,"date":"2022-08-01T00:50:02","date_gmt":"2022-08-01T00:50:02","guid":{"rendered":"https:\/\/tribunavm.com.ar\/?p=6217"},"modified":"2022-08-01T00:50:02","modified_gmt":"2022-08-01T00:50:02","slug":"intervencion-de-la-cgt-cordoba","status":"publish","type":"post","link":"https:\/\/tribunavm.com.ar\/index.php\/2022\/08\/01\/intervencion-de-la-cgt-cordoba\/","title":{"rendered":"Intervenci\u00f3n de la CGT C\u00f3rdoba"},"content":{"rendered":"<div class=\"row clearfix\">\n<div class=\"col-md-8\">\n<div class=\"intro-text\">\n<p><span style=\"font-weight: 400;\">El Secretariado Nacional dispuso la intervenci\u00f3n a cargo de una Comisi\u00f3n Normalizadora. Gremios de la regional C\u00f3rdoba rechazaron la medida.<\/span><\/p>\n<\/div>\n<p><span style=\"font-weight: 400;\"><span class=\"dropcap \" style=\"background-color: #ffffff; color: #dd9933; border-color: #ffffff;\">E<\/span>ntre discursos cruzados, el triunvirato nacional de la Confederaci\u00f3n General del Trabajo (CGT), a trav\u00e9s de su secretario del Interior, Abel Furl\u00e1n (UOM), dispus\u00f3 la intervenci\u00f3n de la entidad gremial en su delegaci\u00f3n regional C\u00f3rdoba.<\/span><\/p>\n<p><span style=\"font-weight: 400;\">En la misiva enviada a la delegaci\u00f3n expresaron que \u201cluego de numerosas reuniones entre los referentes de los distintos gremios, no se alcanz\u00f3 un acuerdo para integrar una lista de unidad\u201d. Este hecho \u201cobliga a quien tiene la responsabilidad de encauzar la normalizaci\u00f3n de las Delegaciones Regionales\u201d a la suspensi\u00f3n de \u201ccualquier actividad dentro de la regional\u201d.\u00a0<\/span><\/p>\n<p><span style=\"font-weight: 400;\">Por ello <\/span><b>se le solicita a Horacio Otero, Coordinador nacional de la Secretar\u00eda<\/b><span style=\"font-weight: 400;\">, normalizar la regional para alcanzar la \u201cUnidad de la Conducci\u00f3n Regional\u201d mediante la designaci\u00f3n de tres representantes de las Organizaciones Confederadas de dicha jurisdicci\u00f3n.<\/span><\/p>\n<p><span style=\"font-weight: 400;\">Desde algunos gremios que conforman la CGT C\u00f3rdoba, actualmente conducida por Jos\u00e9 Pihen (Empleados p\u00fablicos), se expresaron en rechazo a la medida.<\/span><\/p>\n<p><span style=\"font-weight: 400;\">\u201cHacemos saber como integrantes de la mesa conductiva de la CGT Regional C\u00f3rdoba que haremos todo lo que sea necesario para detener este verdadero atropello a la voluntad de la clase trabajadora local\u201d declar\u00f3 La Bancaria de C\u00f3rdoba, conducida por Ra\u00fal Ferro. \u201cNo hay lugar para maniobras de la burocracia oportunista de Buenos Aires\u201d, expresaron.<\/span><\/p>\n<p><span style=\"font-weight: 400;\">\u201cLa unidad del movimiento obrero se construye, no se impone. Repudio y rechazo a la pretendida intervenci\u00f3n de la CGT Regional C\u00f3rdoba\u201d, sostuvo la Uni\u00f3n Obrera Gr\u00e1fica de C\u00f3rdoba.<\/span><\/p>\n<p><img loading=\"lazy\" decoding=\"async\" class=\"aligncenter size-full wp-image-6222\" src=\"https:\/\/tribunavm.com.ar\/wp-content\/uploads\/2022\/08\/DOC-CGT-Intervencion-4.jpeg\" alt=\"\" width=\"1080\" height=\"1519\" srcset=\"https:\/\/tribunavm.com.ar\/wp-content\/uploads\/2022\/08\/DOC-CGT-Intervencion-4.jpeg 1080w, https:\/\/tribunavm.com.ar\/wp-content\/uploads\/2022\/08\/DOC-CGT-Intervencion-4-213x300.jpeg 213w, https:\/\/tribunavm.com.ar\/wp-content\/uploads\/2022\/08\/DOC-CGT-Intervencion-4-728x1024.jpeg 728w, https:\/\/tribunavm.com.ar\/wp-content\/uploads\/2022\/08\/DOC-CGT-Intervencion-4-768x1080.jpeg 768w, https:\/\/tribunavm.com.ar\/wp-content\/uploads\/2022\/08\/DOC-CGT-Intervencion-4-750x1055.jpeg 750w\" sizes=\"(max-width: 1080px) 100vw, 1080px\" \/><\/p>\n<p><span style=\"font-weight: 400;\">Adem\u00e1s, sostuvieron que el contexto que atraviesan los trabajadores es de pulverizaci\u00f3n de salarios, jubilaciones, pensiones y programas sociales que exigen \u201ccombatir la precarizaci\u00f3n laboral y trabajar activamente contra el trabajo no registrado\u201d y a contra marcha avanzan con un \u201canuncio sin validez ni legitimidad\u201d.<\/span><\/p>\n<p><span style=\"font-weight: 400;\">Otros sindicatos tambi\u00e9n fueron expresando sus rechazos, entre ellos: Sindicato Regional de Luz y Fuerza (SiReLyF), ATACC (Centros de contacto), SECASFPI (Administraci\u00f3n Nacional de la Seguridad Social), UTEDYC (Entidades deportivas) y AGEPJ (Judiciales).\u00a0<\/span><\/p>\n<p><img loading=\"lazy\" decoding=\"async\" class=\"aligncenter size-full wp-image-6220\" src=\"https:\/\/tribunavm.com.ar\/wp-content\/uploads\/2022\/08\/DOC-CGT-Intervencion-1.jpeg\" alt=\"\" width=\"1080\" height=\"1520\" srcset=\"https:\/\/tribunavm.com.ar\/wp-content\/uploads\/2022\/08\/DOC-CGT-Intervencion-1.jpeg 1080w, https:\/\/tribunavm.com.ar\/wp-content\/uploads\/2022\/08\/DOC-CGT-Intervencion-1-213x300.jpeg 213w, https:\/\/tribunavm.com.ar\/wp-content\/uploads\/2022\/08\/DOC-CGT-Intervencion-1-728x1024.jpeg 728w, https:\/\/tribunavm.com.ar\/wp-content\/uploads\/2022\/08\/DOC-CGT-Intervencion-1-768x1081.jpeg 768w, https:\/\/tribunavm.com.ar\/wp-content\/uploads\/2022\/08\/DOC-CGT-Intervencion-1-750x1056.jpeg 750w\" sizes=\"(max-width: 1080px) 100vw, 1080px\" \/><\/p>\n<p><span style=\"color: #ff9900;\"><b>Antecedentes de la negociaci\u00f3n<\/b><\/span><\/p>\n<p><span style=\"font-weight: 400;\">Otero ya hab\u00eda mantenido una reuni\u00f3n con los gremios de C\u00f3rdoba el pasado 2 de mayo para avanzar en la \u201cnormalizaci\u00f3n\u201d de las regionales de CGT. En su momento hab\u00eda se\u00f1alado un plazo mensual para lograr ese objetivo antes de que avanzara el triunvirato que conforman H\u00e9ctor Daer, Pablo Moyano y Carlos Acu\u00f1a.\u00a0<\/span><\/p>\n<p><span style=\"color: #ff9900;\"><b>Villa Mar\u00eda<\/b><\/span><\/p>\n<p><span style=\"font-weight: 400;\">En el plano local, el primero de junio se llev\u00f3 a cabo en la sede de la Uni\u00f3n Obrera Metal\u00fargica (UOM) un plenario ordinario que formaliz\u00f3 la actividad bajo los estatutos de la organizaci\u00f3n nacional.<\/span><\/p>\n<p><span style=\"font-weight: 400;\">Ver: <\/span><span style=\"color: #ff9900;\"><a style=\"color: #ff9900;\" href=\"https:\/\/tribunavm.com.ar\/index.php\/2022\/06\/06\/plenario-y-normalizacion-de-la-cgt-local\/\"><span style=\"font-weight: 400;\">Plenario y normalizaci\u00f3n de la CGT local<\/span><\/a><\/span><\/p>\n<p><span style=\"font-weight: 400;\">All\u00ed qued\u00f3 electa la Lista 1 Blanca \u201cUnidad de los trabajadores\u201d, que dispus\u00f3 a Edgardo Garmendia, del gremio de AOITA, como secretario general.<\/span><\/p>\n<\/div>\n<\/div>\n","protected":false},"excerpt":{"rendered":"<p>El Secretariado Nacional dispuso la intervenci\u00f3n a cargo de una Comisi\u00f3n Normalizadora. Gremios de la regional C\u00f3rdoba rechazaron la medida. Entre discursos cruzados, el triunvirato nacional de la Confederaci\u00f3n General del Trabajo (CGT), a trav\u00e9s de su secretario del Interior, Abel Furl\u00e1n (UOM), dispus\u00f3 la intervenci\u00f3n de la entidad gremial en su delegaci\u00f3n regional C\u00f3rdoba. [&hellip;]<\/p>\n","protected":false},"author":2,"featured_media":6218,"comment_status":"open","ping_status":"open","sticky":false,"template":"","format":"standard","meta":{"_exactmetrics_skip_tracking":false,"_exactmetrics_sitenote_active":false,"_exactmetrics_sitenote_note":"","_exactmetrics_sitenote_category":0,"jnews-multi-image_gallery":[],"jnews_single_post":{"source_name":"","source_url":"","via_name":"","via_url":"","override_template":"0","override":[{"template":"1","single_blog_custom":"","parallax":"1","fullscreen":"1","layout":"right-sidebar","sidebar":"default-sidebar","second_sidebar":"default-sidebar","sticky_sidebar":"1","share_position":"top","share_float_style":"share-monocrhome","show_share_counter":"1","show_view_counter":"1","show_featured":"1","show_post_meta":"1","show_post_author":"1","show_post_author_image":"1","show_post_date":"1","post_date_format":"default","post_date_format_custom":"Y\/m\/d","show_post_category":"1","show_post_reading_time":"0","post_reading_time_wpm":"300","show_zoom_button":"0","zoom_button_out_step":"2","zoom_button_in_step":"3","show_post_tag":"1","show_prev_next_post":"1","show_popup_post":"1","number_popup_post":"1","show_author_box":"0","show_post_related":"0","show_inline_post_related":"0"}],"override_image_size":"0","image_override":[{"single_post_thumbnail_size":"crop-500","single_post_gallery_size":"crop-500"}],"trending_post":"0","trending_post_position":"meta","trending_post_label":"Trending","sponsored_post":"0","sponsored_post_label":"Sponsored by","sponsored_post_name":"","sponsored_post_url":"","sponsored_post_logo_enable":"0","sponsored_post_logo":"","sponsored_post_desc":""},"jnews_primary_category":{"id":"22"},"jnews_social_meta":{"fb_title":"","fb_description":"","fb_image":"","twitter_title":"","twitter_description":"","twitter_image":""},"jnews_override_counter":{"override_view_counter":"0","view_counter_number":"0","override_share_counter":"0","share_counter_number":"0","override_like_counter":"0","like_counter_number":"0","override_dislike_counter":"0","dislike_counter_number":"0"},"_joinchat":[],"footnotes":""},"categories":[22],"tags":[257,35],"class_list":["post-6217","post","type-post","status-publish","format-standard","has-post-thumbnail","hentry","category-actualidad","tag-edicion-94","tag-trabajadores"],"_links":{"self":[{"href":"https:\/\/tribunavm.com.ar\/index.php\/wp-json\/wp\/v2\/posts\/6217"}],"collection":[{"href":"https:\/\/tribunavm.com.ar\/index.php\/wp-json\/wp\/v2\/posts"}],"about":[{"href":"https:\/\/tribunavm.com.ar\/index.php\/wp-json\/wp\/v2\/types\/post"}],"author":[{"embeddable":true,"href":"https:\/\/tribunavm.com.ar\/index.php\/wp-json\/wp\/v2\/users\/2"}],"replies":[{"embeddable":true,"href":"https:\/\/tribunavm.com.ar\/index.php\/wp-json\/wp\/v2\/comments?post=6217"}],"version-history":[{"count":1,"href":"https:\/\/tribunavm.com.ar\/index.php\/wp-json\/wp\/v2\/posts\/6217\/revisions"}],"predecessor-version":[{"id":6223,"href":"https:\/\/tribunavm.com.ar\/index.php\/wp-json\/wp\/v2\/posts\/6217\/revisions\/6223"}],"wp:featuredmedia":[{"embeddable":true,"href":"https:\/\/tribunavm.com.ar\/index.php\/wp-json\/wp\/v2\/media\/6218"}],"wp:attachment":[{"href":"https:\/\/tribunavm.com.ar\/index.php\/wp-json\/wp\/v2\/media?parent=6217"}],"wp:term":[{"taxonomy":"category","embeddable":true,"href":"https:\/\/tribunavm.com.ar\/index.php\/wp-json\/wp\/v2\/categories?post=6217"},{"taxonomy":"post_tag","embeddable":true,"href":"https:\/\/tribunavm.com.ar\/index.php\/wp-json\/wp\/v2\/tags?post=6217"}],"curies":[{"name":"wp","href":"https:\/\/api.w.org\/{rel}","templated":true}]}}