{"id":6228,"date":"2022-08-01T00:56:40","date_gmt":"2022-08-01T00:56:40","guid":{"rendered":"https:\/\/tribunavm.com.ar\/?p=6228"},"modified":"2022-08-01T00:56:40","modified_gmt":"2022-08-01T00:56:40","slug":"luchas-de-trabajadores-de-la-educacion-en-el-pais","status":"publish","type":"post","link":"https:\/\/tribunavm.com.ar\/index.php\/2022\/08\/01\/luchas-de-trabajadores-de-la-educacion-en-el-pais\/","title":{"rendered":"Luchas de trabajadores de la educaci\u00f3n en el pa\u00eds"},"content":{"rendered":"<div class=\"row clearfix\">\n<div class=\"col-md-8\">\n<div class=\"intro-text\">\n<p><span style=\"font-weight: 400;\">Docentes de Santa Fe, Mendoza, Rio Negro y Chubut se movilizan para recomponer su salario. <\/span><\/p>\n<\/div>\n<p><span style=\"color: #ff9900;\"><b><span class=\"dropcap \" style=\"background-color: #ffffff; color: #dd9933; border-color: #ffffff;\">S<\/span>anta Fe<\/b><\/span><\/p>\n<p><span style=\"font-weight: 400;\">El d\u00eda viernes desde AMSAFE comunicaron que la asamblea provincial resolvi\u00f3 paro de 48 horas los d\u00edas 2 y 3 de agosto con realizaci\u00f3n de acciones locales y regionales. A los que se sumar\u00edan paros los d\u00edas 10 y 11 en caso de no ser convocados a paritarias.<\/span><\/p>\n<p><img loading=\"lazy\" decoding=\"async\" class=\"aligncenter size-full wp-image-6231\" src=\"https:\/\/tribunavm.com.ar\/wp-content\/uploads\/2022\/08\/PARO-AMSAFE.jpeg\" alt=\"\" width=\"1024\" height=\"724\" srcset=\"https:\/\/tribunavm.com.ar\/wp-content\/uploads\/2022\/08\/PARO-AMSAFE.jpeg 1024w, https:\/\/tribunavm.com.ar\/wp-content\/uploads\/2022\/08\/PARO-AMSAFE-300x212.jpeg 300w, https:\/\/tribunavm.com.ar\/wp-content\/uploads\/2022\/08\/PARO-AMSAFE-768x543.jpeg 768w, https:\/\/tribunavm.com.ar\/wp-content\/uploads\/2022\/08\/PARO-AMSAFE-120x86.jpeg 120w, https:\/\/tribunavm.com.ar\/wp-content\/uploads\/2022\/08\/PARO-AMSAFE-750x530.jpeg 750w\" sizes=\"(max-width: 1024px) 100vw, 1024px\" \/><\/p>\n<p><i><span style=\"font-weight: 400;\">Con integrantes de las 19 Delegaciones Departamentales de AMSAFE, 32.021 docentes optaron realizar medidas de fuerza de 32.197 que participaron.<\/span><\/i><\/p>\n<p><span style=\"font-weight: 400;\">Entre las exigencias destacaron la urgente convocatoria a paritarias; adelantamiento de los tramos de aumento y nueva recomposici\u00f3n salarial; apertura de la discusi\u00f3n sobre extensi\u00f3n horaria en resguardo de los derechos de los y las trabajadoras, boleto gratuito, creaci\u00f3n de cargos; defensa de las Escuelas Rurales, entre otros.<\/span><\/p>\n<h4><span style=\"color: #ff9900;\"><b>Mendoza<\/b><\/span><\/h4>\n<p><img loading=\"lazy\" decoding=\"async\" class=\"aligncenter size-full wp-image-6230\" src=\"https:\/\/tribunavm.com.ar\/wp-content\/uploads\/2022\/08\/Foto-L-IZQ-D-Mendoza-docentes.jpg\" alt=\"\" width=\"720\" height=\"404\" srcset=\"https:\/\/tribunavm.com.ar\/wp-content\/uploads\/2022\/08\/Foto-L-IZQ-D-Mendoza-docentes.jpg 720w, https:\/\/tribunavm.com.ar\/wp-content\/uploads\/2022\/08\/Foto-L-IZQ-D-Mendoza-docentes-300x168.jpg 300w\" sizes=\"(max-width: 720px) 100vw, 720px\" \/><\/p>\n<p><span style=\"font-weight: 400;\">Los docentes realizaron movilizaciones el martes reclamando una mejora en la recomposici\u00f3n salarial. Las protestas provocaron que el d\u00eda jueves se realizar\u00e1 una propuesta por parte del Gobierno provincial.\u00a0<\/span><\/p>\n<p><span style=\"font-weight: 400;\">Seg\u00fan se\u00f1alaron desde SUTE, la propuesta difundida no coincide con lo que hab\u00edan ofrecido efectivamente: &#8220;Han sacado placas para generar la mayor confusi\u00f3n posible. Tienen miedo de hacerse cargo de una mentira m\u00e1s. No tiene nada que ver con lo que cobramos los trabajadores y las trabajadoras de la educaci\u00f3n&#8221;.<\/span><\/p>\n<p><span style=\"font-weight: 400;\">El viernes, y a trav\u00e9s de un decreto, el Gobierno defini\u00f3 <\/span><span style=\"color: #ff9900;\"><a style=\"color: #ff9900;\" href=\"https:\/\/www.mendoza.gov.ar\/wp-content\/uploads\/sites\/5\/2022\/07\/DECRETO-1293.pdf\"><span style=\"font-weight: 400;\">aumento por decreto<\/span><\/a><\/span><span style=\"font-weight: 400;\"> del 30% en cuatro tramos hasta noviembre del 2022. Para SUTE, el mismo es insuficiente, \u201cluego de que decidiera de manera unilateral cerrar la paritaria y el di\u00e1logo con todos los y las trabajadoras de la educaci\u00f3n\u201d, puntualizaron.<\/span><\/p>\n<p><span style=\"font-weight: 400;\">\u201cTeniendo en cuenta el caso de una maestra de grado con 10 a\u00f1os de antig\u00fcedad y 50% de zona, los porcentajes reales quedar\u00edan de la siguiente manera: 1\u00b0 PROPUESTA: la inflaci\u00f3n acumulada alcanza el 46% y el aumento real que el Gobierno ofrece es del 34,06%; 2\u00b0 PROPUESTA: la inflaci\u00f3n acumulada alcanza el 46% y el aumento real que el Gobierno ofrece es del 36,72 %; 3\u00b0 PROPUESTA: la inflaci\u00f3n acumulada alcanza el 46% y el aumento real que el Gobierno ofrece es del 35,66 %\u201d, detallaron desde el gremio.<\/span><\/p>\n<p><span style=\"font-weight: 400;\">En Chubut tambi\u00e9n hubo un paro docente por 48 horas el lunes y el martes se realiz\u00f3 un acto frente al Ministerio de Educaci\u00f3n. Mientras que en Rio Negro se realiz\u00f3 una marcha en Viedma que fueron convocadas por UnTER y ATE.<\/span><\/p>\n<\/div>\n<\/div>\n","protected":false},"excerpt":{"rendered":"<p>Docentes de Santa Fe, Mendoza, Rio Negro y Chubut se movilizan para recomponer su salario. Santa Fe El d\u00eda viernes desde AMSAFE comunicaron que la asamblea provincial resolvi\u00f3 paro de 48 horas los d\u00edas 2 y 3 de agosto con realizaci\u00f3n de acciones locales y regionales. A los que se sumar\u00edan paros los d\u00edas 10 [&hellip;]<\/p>\n","protected":false},"author":2,"featured_media":6229,"comment_status":"open","ping_status":"open","sticky":false,"template":"","format":"standard","meta":{"_exactmetrics_skip_tracking":false,"_exactmetrics_sitenote_active":false,"_exactmetrics_sitenote_note":"","_exactmetrics_sitenote_category":0,"jnews-multi-image_gallery":[],"jnews_single_post":{"source_name":"","source_url":"","via_name":"","via_url":"","override_template":"0","override":[{"template":"1","single_blog_custom":"","parallax":"1","fullscreen":"1","layout":"right-sidebar","sidebar":"default-sidebar","second_sidebar":"default-sidebar","sticky_sidebar":"1","share_position":"top","share_float_style":"share-monocrhome","show_share_counter":"1","show_view_counter":"1","show_featured":"1","show_post_meta":"1","show_post_author":"1","show_post_author_image":"1","show_post_date":"1","post_date_format":"default","post_date_format_custom":"Y\/m\/d","show_post_category":"1","show_post_reading_time":"0","post_reading_time_wpm":"300","show_zoom_button":"0","zoom_button_out_step":"2","zoom_button_in_step":"3","show_post_tag":"1","show_prev_next_post":"1","show_popup_post":"1","number_popup_post":"1","show_author_box":"0","show_post_related":"0","show_inline_post_related":"0"}],"override_image_size":"0","image_override":[{"single_post_thumbnail_size":"crop-500","single_post_gallery_size":"crop-500"}],"trending_post":"0","trending_post_position":"meta","trending_post_label":"Trending","sponsored_post":"0","sponsored_post_label":"Sponsored by","sponsored_post_name":"","sponsored_post_url":"","sponsored_post_logo_enable":"0","sponsored_post_logo":"","sponsored_post_desc":""},"jnews_primary_category":{"id":"22"},"jnews_social_meta":{"fb_title":"","fb_description":"","fb_image":"","twitter_title":"","twitter_description":"","twitter_image":""},"jnews_override_counter":{"override_view_counter":"0","view_counter_number":"0","override_share_counter":"0","share_counter_number":"0","override_like_counter":"0","like_counter_number":"0","override_dislike_counter":"0","dislike_counter_number":"0"},"_joinchat":[],"footnotes":""},"categories":[22],"tags":[257,50,92,146,35],"class_list":["post-6228","post","type-post","status-publish","format-standard","has-post-thumbnail","hentry","category-actualidad","tag-edicion-94","tag-educacion","tag-paritarias","tag-salario","tag-trabajadores"],"_links":{"self":[{"href":"https:\/\/tribunavm.com.ar\/index.php\/wp-json\/wp\/v2\/posts\/6228"}],"collection":[{"href":"https:\/\/tribunavm.com.ar\/index.php\/wp-json\/wp\/v2\/posts"}],"about":[{"href":"https:\/\/tribunavm.com.ar\/index.php\/wp-json\/wp\/v2\/types\/post"}],"author":[{"embeddable":true,"href":"https:\/\/tribunavm.com.ar\/index.php\/wp-json\/wp\/v2\/users\/2"}],"replies":[{"embeddable":true,"href":"https:\/\/tribunavm.com.ar\/index.php\/wp-json\/wp\/v2\/comments?post=6228"}],"version-history":[{"count":1,"href":"https:\/\/tribunavm.com.ar\/index.php\/wp-json\/wp\/v2\/posts\/6228\/revisions"}],"predecessor-version":[{"id":6232,"href":"https:\/\/tribunavm.com.ar\/index.php\/wp-json\/wp\/v2\/posts\/6228\/revisions\/6232"}],"wp:featuredmedia":[{"embeddable":true,"href":"https:\/\/tribunavm.com.ar\/index.php\/wp-json\/wp\/v2\/media\/6229"}],"wp:attachment":[{"href":"https:\/\/tribunavm.com.ar\/index.php\/wp-json\/wp\/v2\/media?parent=6228"}],"wp:term":[{"taxonomy":"category","embeddable":true,"href":"https:\/\/tribunavm.com.ar\/index.php\/wp-json\/wp\/v2\/categories?post=6228"},{"taxonomy":"post_tag","embeddable":true,"href":"https:\/\/tribunavm.com.ar\/index.php\/wp-json\/wp\/v2\/tags?post=6228"}],"curies":[{"name":"wp","href":"https:\/\/api.w.org\/{rel}","templated":true}]}}