{"id":6236,"date":"2022-08-01T01:23:25","date_gmt":"2022-08-01T01:23:25","guid":{"rendered":"https:\/\/tribunavm.com.ar\/?p=6236"},"modified":"2022-08-01T01:23:25","modified_gmt":"2022-08-01T01:23:25","slug":"cambios-en-el-gabinete-2","status":"publish","type":"post","link":"https:\/\/tribunavm.com.ar\/index.php\/2022\/08\/01\/cambios-en-el-gabinete-2\/","title":{"rendered":"Cambios en el gabinete"},"content":{"rendered":"<div class=\"row clearfix\">\n<div class=\"col-md-8\">\n<p><span style=\"color: #212121; font-size: 1.5em; letter-spacing: -0.01em;\">El presidente Alberto Fern\u00e1ndez, efectu\u00f3 cambios en el gabinete econ\u00f3mico y design\u00f3 a Sergio Massa como ministro.\u00a0<\/span><\/p>\n<p><span style=\"font-weight: 400;\"><span class=\"dropcap \" style=\"background-color: #ffffff; color: #dd9933; border-color: #ffffff;\">E<\/span>l presidente argentino, a trav\u00e9s de un comunicado el jueves pasado, confirm\u00f3 cambios en su gabinete, unificando los ministerios de Econom\u00eda, Desarrollo Productivo y Agricultura, Ganader\u00eda y Pesca.\u00a0<\/span><\/p>\n<p><span style=\"font-weight: 400;\">De esta forma, nombr\u00f3 a Sergio Massa, l\u00edder del Frente Renovador, quien asumir\u00e1 el cargo luego de abandonar la presidencia de la C\u00e1mara de Diputados. El mismo se encargar\u00e1 de llevar las relaciones con los organismos internacionales de cr\u00e9dito.<\/span><\/p>\n<p><span style=\"font-weight: 400;\">El presidente Alberto Fern\u00e1ndez declar\u00f3 a trav\u00e9s de Twitter que \u201clo que hemos vivido como pa\u00eds y como sociedad en los \u00faltimos meses, y en particular en las \u00faltimas semanas, nos obliga a tener una mejor coordinaci\u00f3n, reclamando el esfuerzo solidario de las fuerzas productivas\u201d.<\/span><\/p>\n<blockquote class=\"twitter-tweet\" data-width=\"500\" data-dnt=\"true\">\n<p lang=\"es\" dir=\"ltr\">He convocado a <a href=\"https:\/\/twitter.com\/SergioMassa?ref_src=twsrc%5Etfw\">@SergioMassa<\/a> para que se incorpore al equipo  de gobierno. Su visi\u00f3n, capacidad y experiencia nos permitir\u00e1 seguir trabajando y mejorando la hoja de ruta que nos propusimos para llevar a la Argentina al lugar que queremos y se merece. <a href=\"https:\/\/t.co\/vVie5esRZ9\">pic.twitter.com\/vVie5esRZ9<\/a><\/p>\n<p>&mdash; Alberto Fern\u00e1ndez (@alferdez) <a href=\"https:\/\/twitter.com\/alferdez\/status\/1553040783804170240?ref_src=twsrc%5Etfw\">July 29, 2022<\/a><\/p><\/blockquote>\n<p><script async src=\"https:\/\/platform.twitter.com\/widgets.js\" charset=\"utf-8\"><\/script><\/p>\n<p><span style=\"font-weight: 400;\">Daniel Scioli, quien hasta hoy era ministro de Desarrollo Productivo, volver\u00e1 a ocupar su cargo como embajador en Brasil, mientras que Silvina Batakis, deja su puesto en el Ministerio de Econom\u00eda apenas 25 d\u00edas despu\u00e9s de haber asumido y ser\u00e1 presidenta del Banco Naci\u00f3n.\u00a0\u00a0<\/span><\/p>\n<p><span style=\"font-weight: 400;\">A su vez, los cambios efectuados en la unificaci\u00f3n, dejaron a Juli\u00e1n Dom\u00ednguez como ex ministro de Agricultura quien present\u00f3 la renuncia.<\/span><\/p>\n<h4><span style=\"font-weight: 400;\">ver:<\/span> <span style=\"color: #ff9900;\"><a style=\"color: #ff9900;\" href=\"https:\/\/tribunavm.com.ar\/index.php\/2022\/07\/18\/los-ministros-cambian-el-plan-sigue\/\"><span style=\"font-weight: 400;\">Los ministros cambian, el plan sigue<\/span><\/a><\/span><\/h4>\n<p><span style=\"font-weight: 400;\">En la Secretar\u00eda de Asuntos Estrat\u00e9gicos, Gustavo Beliz present\u00f3 la renuncia y ser\u00e1 reemplazado por Mercedes Marc\u00f3 del Pont, quien se ven\u00eda desempe\u00f1ando como titular de la Administraci\u00f3n Federal de Ingresos P\u00fablicos (AFIP). Carlos Castagneto, actual Director General de Recursos de Seguridad Social de la AFIP, qued\u00f3 a cargo del organismo.<\/span><\/p>\n<p><span style=\"font-weight: 400;\">Por otro lado, la Confederaci\u00f3n General del Trabajo de la Rep\u00fablica Argentina (CGT), afirm\u00f3 en un comunicado que \u201cacompa\u00f1a el sentido positivo de los cambios en el gabinete impulsados por el Gobierno Nacional&#8221;.<\/span><\/p>\n<p><span style=\"font-weight: 400;\">Comunicado<\/span><\/p>\n<\/div>\n<\/div>\n","protected":false},"excerpt":{"rendered":"<p>El presidente Alberto Fern\u00e1ndez, efectu\u00f3 cambios en el gabinete econ\u00f3mico y design\u00f3 a Sergio Massa como ministro.\u00a0 El presidente argentino, a trav\u00e9s de un comunicado el jueves pasado, confirm\u00f3 cambios en su gabinete, unificando los ministerios de Econom\u00eda, Desarrollo Productivo y Agricultura, Ganader\u00eda y Pesca.\u00a0 De esta forma, nombr\u00f3 a Sergio Massa, l\u00edder del Frente [&hellip;]<\/p>\n","protected":false},"author":2,"featured_media":6238,"comment_status":"open","ping_status":"open","sticky":false,"template":"","format":"standard","meta":{"_exactmetrics_skip_tracking":false,"_exactmetrics_sitenote_active":false,"_exactmetrics_sitenote_note":"","_exactmetrics_sitenote_category":0,"jnews-multi-image_gallery":[],"jnews_single_post":{"source_name":"","source_url":"","via_name":"","via_url":"","override_template":"0","override":[{"template":"1","single_blog_custom":"","parallax":"1","fullscreen":"1","layout":"right-sidebar","sidebar":"default-sidebar","second_sidebar":"default-sidebar","sticky_sidebar":"1","share_position":"top","share_float_style":"share-monocrhome","show_share_counter":"1","show_view_counter":"1","show_featured":"1","show_post_meta":"1","show_post_author":"1","show_post_author_image":"1","show_post_date":"1","post_date_format":"default","post_date_format_custom":"Y\/m\/d","show_post_category":"1","show_post_reading_time":"0","post_reading_time_wpm":"300","show_zoom_button":"0","zoom_button_out_step":"2","zoom_button_in_step":"3","show_post_tag":"1","show_prev_next_post":"1","show_popup_post":"1","number_popup_post":"1","show_author_box":"0","show_post_related":"0","show_inline_post_related":"0"}],"override_image_size":"0","image_override":[{"single_post_thumbnail_size":"crop-500","single_post_gallery_size":"crop-500"}],"trending_post":"0","trending_post_position":"meta","trending_post_label":"Trending","sponsored_post":"0","sponsored_post_label":"Sponsored by","sponsored_post_name":"","sponsored_post_url":"","sponsored_post_logo_enable":"0","sponsored_post_logo":"","sponsored_post_desc":""},"jnews_primary_category":{"id":"22"},"jnews_social_meta":{"fb_title":"","fb_description":"","fb_image":"","twitter_title":"","twitter_description":"","twitter_image":""},"jnews_override_counter":{"override_view_counter":"0","view_counter_number":"0","override_share_counter":"0","share_counter_number":"0","override_like_counter":"0","like_counter_number":"0","override_dislike_counter":"0","dislike_counter_number":"0"},"_joinchat":[],"footnotes":""},"categories":[22],"tags":[257,39],"class_list":["post-6236","post","type-post","status-publish","format-standard","has-post-thumbnail","hentry","category-actualidad","tag-edicion-94","tag-gobierno"],"_links":{"self":[{"href":"https:\/\/tribunavm.com.ar\/index.php\/wp-json\/wp\/v2\/posts\/6236"}],"collection":[{"href":"https:\/\/tribunavm.com.ar\/index.php\/wp-json\/wp\/v2\/posts"}],"about":[{"href":"https:\/\/tribunavm.com.ar\/index.php\/wp-json\/wp\/v2\/types\/post"}],"author":[{"embeddable":true,"href":"https:\/\/tribunavm.com.ar\/index.php\/wp-json\/wp\/v2\/users\/2"}],"replies":[{"embeddable":true,"href":"https:\/\/tribunavm.com.ar\/index.php\/wp-json\/wp\/v2\/comments?post=6236"}],"version-history":[{"count":2,"href":"https:\/\/tribunavm.com.ar\/index.php\/wp-json\/wp\/v2\/posts\/6236\/revisions"}],"predecessor-version":[{"id":6239,"href":"https:\/\/tribunavm.com.ar\/index.php\/wp-json\/wp\/v2\/posts\/6236\/revisions\/6239"}],"wp:featuredmedia":[{"embeddable":true,"href":"https:\/\/tribunavm.com.ar\/index.php\/wp-json\/wp\/v2\/media\/6238"}],"wp:attachment":[{"href":"https:\/\/tribunavm.com.ar\/index.php\/wp-json\/wp\/v2\/media?parent=6236"}],"wp:term":[{"taxonomy":"category","embeddable":true,"href":"https:\/\/tribunavm.com.ar\/index.php\/wp-json\/wp\/v2\/categories?post=6236"},{"taxonomy":"post_tag","embeddable":true,"href":"https:\/\/tribunavm.com.ar\/index.php\/wp-json\/wp\/v2\/tags?post=6236"}],"curies":[{"name":"wp","href":"https:\/\/api.w.org\/{rel}","templated":true}]}}