{"id":6256,"date":"2022-08-01T01:45:08","date_gmt":"2022-08-01T01:45:08","guid":{"rendered":"https:\/\/tribunavm.com.ar\/?p=6256"},"modified":"2022-08-01T01:45:08","modified_gmt":"2022-08-01T01:45:08","slug":"panama-a-un-mes-del-levantamiento-del-pueblo","status":"publish","type":"post","link":"https:\/\/tribunavm.com.ar\/index.php\/2022\/08\/01\/panama-a-un-mes-del-levantamiento-del-pueblo\/","title":{"rendered":"Panam\u00e1: a un mes del levantamiento del pueblo"},"content":{"rendered":"<div class=\"row clearfix\">\n<div class=\"col-md-8\">\n<div class=\"intro-text\">\n<p>Soy Shekina Hinestroza, estudiante de sociolog\u00eda. Colaboro con la Coordinaci\u00f3n de Derechos Humanos.<\/p>\n<\/div>\n<p><span style=\"color: #ff9900;\"><b><span class=\"dropcap \" style=\"background-color: #ffffff; color: #dd9933; border-color: #ffffff;\">\u00bf<\/span>Cu\u00e1l es el panorama de Panam\u00e1, en el \u00faltimo mes, frente a los escenarios de movilizaci\u00f3n popular?<\/b><\/span><\/p>\n<p><span style=\"font-weight: 400;\">El escenario en Panam\u00e1 es complejo: atravesamos un festival insurreccional en medio de una inminente recesi\u00f3n. Digo Festival porque si algo caracteriza la paname\u00f1idad es esa habilidad de volver cualquier cosa un carnaval. En todos los sentidos. Quiz\u00e1s eso sea en parte lo que ha mantenido la chispa en las protestas de estos 20 d\u00edas.\u00a0<\/span><\/p>\n<p><span style=\"font-weight: 400;\">Y no es para menos ante la miseria hist\u00f3rica y la profunda desigualdad que azota al pueblo paname\u00f1o, ya de por s\u00ed es motivo suficiente para poner el cuerpo en la calle d\u00eda y noche hasta que el gobierno tome cartas en el asunto.<\/span><\/p>\n<p><span style=\"font-weight: 400;\">Dicen que no ha habido un movimiento nacional de esta magnitud desde el 9 de enero de 1964, cuando los estudiantes del Instituto Nacional reclamaron la presencia de la bandera paname\u00f1a en territorio ocupado por los gringos, la que entonces se llamaba la Zona del Canal.<\/span><\/p>\n<p><span style=\"color: #ff9900;\"><b>\u00bfC\u00f3mo se desencadenaron los hechos de protesta?<\/b><\/span><\/p>\n<p><b>La gota que derrama el vaso en julio del 2022, fue quiz\u00e1s, lo que en redes sociales llaman el Incidente Mcallan. <\/b><span style=\"font-weight: 400;\">El 1 de julio, luego de que se inaugurar\u00e1 el 4to periodo de sesiones ordinarias de la Asamblea Nacional, se filtra un v\u00eddeo en el que un grupo de diputados tienen un lujoso banquete en el Sheraton. El camar\u00f3grafo enfoca la mesa un par de botellas de whisky Macallan de 18 a\u00f1os. La escena era de pel\u00edcula: <\/span><b>diputadas y diputados en traje blanco brindando con un whisky de $300 la botella, mientras el pueblo paname\u00f1o en sus casas com\u00eda arroz y sardina.<\/b><\/p>\n<p><b>Un par de d\u00edas despu\u00e9s, salen los grupos docentes a la calle, seguidos por los estudiantes, los sindicatos de la construcci\u00f3n, transportistas y as\u00ed sucesivamente hasta paralizar el pa\u00eds por completo<\/b><span style=\"font-weight: 400;\">.<\/span><\/p>\n<p><span style=\"font-weight: 400;\">La indignaci\u00f3n ante el despilfarro de las arcas p\u00fablicas no es cosa de ahora. Desde la \u00faltima etapa de la pandemia la frecuencia de calles es diaria. El sector salud reclamaba deudas salariales, docentes ped\u00edan mejores condiciones laborales, comunidad lgbtiq+ denuncian abuso policial y las comunidades marginalizadas protestaban contra el hambre.<\/span><\/p>\n<p><img loading=\"lazy\" decoding=\"async\" class=\"aligncenter size-full wp-image-6260\" src=\"https:\/\/tribunavm.com.ar\/wp-content\/uploads\/2022\/08\/Shekina-Panama-1.jpg\" alt=\"\" width=\"710\" height=\"789\" srcset=\"https:\/\/tribunavm.com.ar\/wp-content\/uploads\/2022\/08\/Shekina-Panama-1.jpg 710w, https:\/\/tribunavm.com.ar\/wp-content\/uploads\/2022\/08\/Shekina-Panama-1-270x300.jpg 270w\" sizes=\"(max-width: 710px) 100vw, 710px\" \/><\/p>\n<p><strong><span style=\"color: #ff9900;\">\u00bfCu\u00e1les son los reclamos en estas movilizaciones?<\/span><\/strong><\/p>\n<p><b>De la actual movilizaci\u00f3n nacional son 3:\u00a0 congelamiento al precio del combustible; reducir el precio de la CBA (que ronda los $300); reducir el precio de los medicamentos.<\/b><\/p>\n<p><span style=\"font-weight: 400;\">Casi 15 d\u00edas despu\u00e9s de iniciadas las protestas, se establecen las Mesas de Di\u00e1logo, en las que participan colectivos ind\u00edgenas representados por los Ng\u00e4be Bugl\u00e9 y dirigentes sindicales de los gremios m\u00e1s grandes del pa\u00eds: docentes y trabajadores de la construcci\u00f3n.<\/span><\/p>\n<p><b>Aqu\u00ed hay tres elementos que complejizan el escenario de las demandas sociales. <\/b><span style=\"font-weight: 400;\">Por un lado el proceso de negociaci\u00f3n: decidir a d\u00f3nde y c\u00f3mo ser\u00eda la Mesa de Di\u00e1logo fue y es todo un tema.\u00a0<\/span><\/p>\n<p><span style=\"font-weight: 400;\">La coalici\u00f3n sindical llamada Alianza Nacional por los Derechos del Pueblo (ANADEPO) quer\u00eda que la Mesa de Di\u00e1logo se instalar\u00e1 en Santiago de Veraguas, la Alianza Pueblo Unido ped\u00eda que fuese en la ciudad capital, mientras el colectivo ind\u00edgena Ng\u00e4be reclamaban a San F\u00e9lix como base para las negociaciones con el gobierno. El gobierno de Nito Cortizo aprovecha la descoordinaci\u00f3n de las vocer\u00edas e instala una Mesa del \u201cyo con yo\u201d, en Ciudad del Saber. Luego se estableci\u00f3 una Mesa en San F\u00e9lix y otra en Santiago.\u00a0<\/span><\/p>\n<p><span style=\"font-weight: 400;\">El 17 de julio en San F\u00e9lix, interviniendo la iglesia cat\u00f3lica como mediadora, se logr\u00f3 el acuerdo de congelar el precio del combustible a $3.30 a cambio de despejar las v\u00edas permanentemente. Ese mismo d\u00eda en Santiago, se negociaban los mismos t\u00e9rminos, pero la gente que ten\u00eda m\u00e1s de 15 d\u00edas de protestar en la calle no estaban conformes con ninguno de los dos acuerdos. <\/span><b>En ambos casos se rompi\u00f3 el acuerdo.\u00a0<\/b><\/p>\n<p><span style=\"font-weight: 400;\">Luego <\/span><b>el gobierno instal\u00f3 la Mesa \u00danica de Di\u00e1logo en la provincia de Cocl\u00e9<\/b><span style=\"font-weight: 400;\">, una zona relativamente neutral en el conflicto.\u00a0<\/span><\/p>\n<p><strong><span style=\"color: #ff9900;\">\u00bfCu\u00e1l es la evaluaci\u00f3n entre las protestas y las negociaciones?<\/span><\/strong><\/p>\n<p><span style=\"font-weight: 400;\">Mucho se ha criticado en asambleas populares y redes sociales que en la negociaci\u00f3n poco se est\u00e1 hablando de los problemas de fondo, del c\u00f3mo se van a solucionar las demandas y menos de la jurisprudencia involucrada en la transformaci\u00f3n de estas en pol\u00edticas sociales. <\/span><b>Mucho panfleto, poca t\u00e9cnica, en otras palabras.<\/b><\/p>\n<p><span style=\"font-weight: 400;\">La Mesa no logra avanzar con los dimes y diretes. La gente en las calles empieza a preocuparse. Hay mucha incertidumbre en el ambiente.<\/span><\/p>\n<p><span style=\"color: #ff9900;\"><b>\u00bfY en estas \u00faltimas semanas hacia d\u00f3nde se dirige el escenario?<\/b><\/span><\/p>\n<p><span style=\"font-weight: 400;\">Fue aprobado el subsidio a m\u00e1s de 30 productos de la CBA, pero economistas prev\u00e9n que con el escenario internacional actual la medida podr\u00eda no ser sostenible en el tiempo. Hablan de cambiar de un modelo econ\u00f3mico transitista a uno productivo con enfoque local, sin embargo el tema no se ha abordado con profundidad en la Mesa de Di\u00e1logo. Adem\u00e1s, el 28 de julio se acord\u00f3 la implementaci\u00f3n de una subcomisi\u00f3n para atender las demandas por el alto costo de los medicamentos.\u00a0<\/span><\/p>\n<p><span style=\"font-weight: 400;\">El pueblo paname\u00f1o se pregunta qu\u00e9 tan efectivas ser\u00e1n las soluciones que ofrece el gobierno cuando altos funcionarios emiten declaraciones con informaci\u00f3n incongruente con la realidad. Al d\u00eda de hoy, 30 de julio, la Mesa no se ha legalizado mediante Ley de la Rep\u00fablica. Los Ng\u00e4be-Bugl\u00e9 se retiraron de los bloqueos con una ceremonia, el basti\u00f3n de la Dignidad en Calle 10ma cerr\u00f3 con brindis y m\u00fasica. Los mercados vuelven a abastecerse.<\/span><\/p>\n<p><b>En el ambiente se respira una calma tensa.<\/b><\/p>\n<\/div>\n<\/div>\n","protected":false},"excerpt":{"rendered":"<p>Soy Shekina Hinestroza, estudiante de sociolog\u00eda. Colaboro con la Coordinaci\u00f3n de Derechos Humanos. \u00bfCu\u00e1l es el panorama de Panam\u00e1, en el \u00faltimo mes, frente a los escenarios de movilizaci\u00f3n popular? El escenario en Panam\u00e1 es complejo: atravesamos un festival insurreccional en medio de una inminente recesi\u00f3n. Digo Festival porque si algo caracteriza la paname\u00f1idad es [&hellip;]<\/p>\n","protected":false},"author":2,"featured_media":6259,"comment_status":"open","ping_status":"open","sticky":false,"template":"","format":"standard","meta":{"_exactmetrics_skip_tracking":false,"_exactmetrics_sitenote_active":false,"_exactmetrics_sitenote_note":"","_exactmetrics_sitenote_category":0,"jnews-multi-image_gallery":[],"jnews_single_post":{"source_name":"","source_url":"","via_name":"","via_url":"","override_template":"0","override":[{"template":"1","single_blog_custom":"","parallax":"1","fullscreen":"1","layout":"right-sidebar","sidebar":"default-sidebar","second_sidebar":"default-sidebar","sticky_sidebar":"1","share_position":"top","share_float_style":"share-monocrhome","show_share_counter":"1","show_view_counter":"1","show_featured":"1","show_post_meta":"1","show_post_author":"1","show_post_author_image":"1","show_post_date":"1","post_date_format":"default","post_date_format_custom":"Y\/m\/d","show_post_category":"1","show_post_reading_time":"0","post_reading_time_wpm":"300","show_zoom_button":"0","zoom_button_out_step":"2","zoom_button_in_step":"3","show_post_tag":"1","show_prev_next_post":"1","show_popup_post":"1","number_popup_post":"1","show_author_box":"0","show_post_related":"0","show_inline_post_related":"0"}],"override_image_size":"0","image_override":[{"single_post_thumbnail_size":"crop-500","single_post_gallery_size":"crop-500"}],"trending_post":"0","trending_post_position":"meta","trending_post_label":"Trending","sponsored_post":"0","sponsored_post_label":"Sponsored by","sponsored_post_name":"","sponsored_post_url":"","sponsored_post_logo_enable":"0","sponsored_post_logo":"","sponsored_post_desc":""},"jnews_primary_category":{"id":"24"},"jnews_social_meta":{"fb_title":"","fb_description":"","fb_image":"","twitter_title":"","twitter_description":"","twitter_image":""},"jnews_override_counter":{"override_view_counter":"0","view_counter_number":"0","override_share_counter":"0","share_counter_number":"0","override_like_counter":"0","like_counter_number":"0","override_dislike_counter":"0","dislike_counter_number":"0"},"_joinchat":[],"footnotes":""},"categories":[24],"tags":[257,67,69],"class_list":["post-6256","post","type-post","status-publish","format-standard","has-post-thumbnail","hentry","category-opinion","tag-edicion-94","tag-entrevista","tag-latinoamerica"],"_links":{"self":[{"href":"https:\/\/tribunavm.com.ar\/index.php\/wp-json\/wp\/v2\/posts\/6256"}],"collection":[{"href":"https:\/\/tribunavm.com.ar\/index.php\/wp-json\/wp\/v2\/posts"}],"about":[{"href":"https:\/\/tribunavm.com.ar\/index.php\/wp-json\/wp\/v2\/types\/post"}],"author":[{"embeddable":true,"href":"https:\/\/tribunavm.com.ar\/index.php\/wp-json\/wp\/v2\/users\/2"}],"replies":[{"embeddable":true,"href":"https:\/\/tribunavm.com.ar\/index.php\/wp-json\/wp\/v2\/comments?post=6256"}],"version-history":[{"count":1,"href":"https:\/\/tribunavm.com.ar\/index.php\/wp-json\/wp\/v2\/posts\/6256\/revisions"}],"predecessor-version":[{"id":6261,"href":"https:\/\/tribunavm.com.ar\/index.php\/wp-json\/wp\/v2\/posts\/6256\/revisions\/6261"}],"wp:featuredmedia":[{"embeddable":true,"href":"https:\/\/tribunavm.com.ar\/index.php\/wp-json\/wp\/v2\/media\/6259"}],"wp:attachment":[{"href":"https:\/\/tribunavm.com.ar\/index.php\/wp-json\/wp\/v2\/media?parent=6256"}],"wp:term":[{"taxonomy":"category","embeddable":true,"href":"https:\/\/tribunavm.com.ar\/index.php\/wp-json\/wp\/v2\/categories?post=6256"},{"taxonomy":"post_tag","embeddable":true,"href":"https:\/\/tribunavm.com.ar\/index.php\/wp-json\/wp\/v2\/tags?post=6256"}],"curies":[{"name":"wp","href":"https:\/\/api.w.org\/{rel}","templated":true}]}}