{"id":6274,"date":"2022-08-04T15:00:55","date_gmt":"2022-08-04T15:00:55","guid":{"rendered":"https:\/\/tribunavm.com.ar\/?p=6274"},"modified":"2022-08-04T15:12:15","modified_gmt":"2022-08-04T15:12:15","slug":"presentaron-la-lista-provincial-de-la-cta-autonoma-en-la-ciudad","status":"publish","type":"post","link":"https:\/\/tribunavm.com.ar\/index.php\/2022\/08\/04\/presentaron-la-lista-provincial-de-la-cta-autonoma-en-la-ciudad\/","title":{"rendered":"Presentaron la lista provincial de la CTA Aut\u00f3noma en la ciudad"},"content":{"rendered":"<div class=\"row clearfix\">\n<div class=\"col-md-8\">\n<p><span style=\"color: #212121; font-size: 1.5em; letter-spacing: -0.01em;\">El candidato provincial, Federico Giuliani, realiz\u00f3 un repaso por la actividad de la central en la \u00faltima gesti\u00f3n. En este contexto plantean la necesidad de un salario b\u00e1sico universal de $45.000 para \u201celevar el piso de dignidad\u201d.<\/span><\/p>\n<p><span style=\"font-weight: 400;\"><span class=\"dropcap \" style=\"background-color: #ffffff; color: #dd9933; border-color: #ffffff;\">E<\/span>l martes pasado se realiz\u00f3 la presentaci\u00f3n oficial en Villa Mar\u00eda de la lista que conducir\u00e1 la CTA Aut\u00f3noma provincial durante los pr\u00f3ximos a\u00f1os. El espacio se reuni\u00f3 en la sede de UTRACOS (Uni\u00f3n de Trabajadores de Comercio y Servicios) en Lisandro de la Torre 32.<\/span><\/p>\n<p><span style=\"font-weight: 400;\">Los candidatos realizaron un repaso por los a\u00f1os de gesti\u00f3n y las coordenadas de hacia d\u00f3nde se dirigen las acciones pr\u00f3ximas de la central.<\/span><\/p>\n<p><span style=\"font-weight: 400;\">En ese marco, <strong>Federico Giuliani, representante provincial de la CTA Aut\u00f3noma,<\/strong> destac\u00f3 la composici\u00f3n heterog\u00e9nea de quienes conforman la lista entre trabajadores formales e informales lo que permite un espacio de contenci\u00f3n y de discusi\u00f3n pol\u00edtica.<\/span><\/p>\n<p><span style=\"font-weight: 400;\">A su vez resalt\u00f3 que esto \u201cno es una agrupaci\u00f3n, sino una central obrera, que permite ver de manera integral el problema de los trabajadores en el orden laboral y social. Desde las f\u00e1bricas y los barrios\u201d. <strong>Destac\u00f3 que \u201cla central nos permite tener posicionamiento pol\u00edtico y discutirle la pol\u00edtica a los dirigentes.<\/strong> De esta crisis que estamos inmersos se sale con m\u00e1s pol\u00edtica, pero desde la autonom\u00eda, con acci\u00f3n y de manera colectiva. Ac\u00e1 nos vamos a salvar como pueblo o no se salva nadie\u201d.<\/span><\/p>\n<p><img loading=\"lazy\" decoding=\"async\" class=\"aligncenter size-full wp-image-6276\" src=\"https:\/\/tribunavm.com.ar\/wp-content\/uploads\/2022\/08\/ENCUENTRO-CTA.jpeg\" alt=\"\" width=\"1600\" height=\"1200\" srcset=\"https:\/\/tribunavm.com.ar\/wp-content\/uploads\/2022\/08\/ENCUENTRO-CTA.jpeg 1600w, https:\/\/tribunavm.com.ar\/wp-content\/uploads\/2022\/08\/ENCUENTRO-CTA-300x225.jpeg 300w, https:\/\/tribunavm.com.ar\/wp-content\/uploads\/2022\/08\/ENCUENTRO-CTA-1024x768.jpeg 1024w, https:\/\/tribunavm.com.ar\/wp-content\/uploads\/2022\/08\/ENCUENTRO-CTA-768x576.jpeg 768w, https:\/\/tribunavm.com.ar\/wp-content\/uploads\/2022\/08\/ENCUENTRO-CTA-1536x1152.jpeg 1536w, https:\/\/tribunavm.com.ar\/wp-content\/uploads\/2022\/08\/ENCUENTRO-CTA-750x563.jpeg 750w, https:\/\/tribunavm.com.ar\/wp-content\/uploads\/2022\/08\/ENCUENTRO-CTA-1140x855.jpeg 1140w\" sizes=\"(max-width: 1600px) 100vw, 1600px\" \/><\/p>\n<p><span style=\"font-weight: 400;\">Adem\u00e1s sostuvo que en estos a\u00f1os se lograron conformar delegaciones regionales en Traslasierra, Valle de Punilla, Bell Ville y Cruz del Eje. Como as\u00ed tambi\u00e9n incrementar el n\u00famero de afiliados, pasando de 20.000 en 2018 a 33.000 actualmente.<\/span><\/p>\n<p><span style=\"font-weight: 400;\">Por parte de la <strong>CTA-A de Villa Mar\u00eda se hizo presente Thelma G\u00f3mez<\/strong>, qui\u00e9n es actualmente candidata a secretaria adjunta por la delegaci\u00f3n local.<\/span><\/p>\n<p><span style=\"font-weight: 400;\">La elecci\u00f3n se realizar\u00e1 el 11 de agosto d\u00f3nde se definir\u00e1 la comisi\u00f3n directiva nacional, las conducciones provinciales y locales.<\/span><\/p>\n<p><img loading=\"lazy\" decoding=\"async\" class=\"aligncenter size-full wp-image-6278\" src=\"https:\/\/tribunavm.com.ar\/wp-content\/uploads\/2022\/08\/WhatsApp-Image-2022-08-02-at-8.28.52-AM.jpeg\" alt=\"\" width=\"1080\" height=\"1079\" srcset=\"https:\/\/tribunavm.com.ar\/wp-content\/uploads\/2022\/08\/WhatsApp-Image-2022-08-02-at-8.28.52-AM.jpeg 1080w, https:\/\/tribunavm.com.ar\/wp-content\/uploads\/2022\/08\/WhatsApp-Image-2022-08-02-at-8.28.52-AM-300x300.jpeg 300w, https:\/\/tribunavm.com.ar\/wp-content\/uploads\/2022\/08\/WhatsApp-Image-2022-08-02-at-8.28.52-AM-1024x1024.jpeg 1024w, https:\/\/tribunavm.com.ar\/wp-content\/uploads\/2022\/08\/WhatsApp-Image-2022-08-02-at-8.28.52-AM-150x150.jpeg 150w, https:\/\/tribunavm.com.ar\/wp-content\/uploads\/2022\/08\/WhatsApp-Image-2022-08-02-at-8.28.52-AM-768x767.jpeg 768w, https:\/\/tribunavm.com.ar\/wp-content\/uploads\/2022\/08\/WhatsApp-Image-2022-08-02-at-8.28.52-AM-75x75.jpeg 75w, https:\/\/tribunavm.com.ar\/wp-content\/uploads\/2022\/08\/WhatsApp-Image-2022-08-02-at-8.28.52-AM-750x749.jpeg 750w\" sizes=\"(max-width: 1080px) 100vw, 1080px\" \/><\/p>\n<p><strong>La lista est\u00e1 conformada por Silvia Alcoba como secretaria adjunta y Gustavo Vilches ser\u00e1 secretario del interior, entre otros.\u00a0<\/strong><\/p>\n<p><span style=\"color: #ff9900;\"><b>Pr\u00f3ximas movilizaciones<\/b><\/span><\/p>\n<p><span style=\"font-weight: 400;\">Desde Tribuna consultamos a Federico Giuliani si participar\u00e1n de la convocatoria lanzada desde la CGT para el 17 de agosto contra la inflaci\u00f3n.<\/span><\/p>\n<p><span style=\"font-weight: 400;\">\u201cNuestra CTA est\u00e1 en las calles, entonces lo que haga la CGT es otra cosa. Adem\u00e1s se plane\u00f3 una jornada hace como un mes, contra la inflaci\u00f3n as\u00ed en abstracto y no se ha convocado a un paro nacional, no uno en contra del gobierno, sino contra los grupos econ\u00f3micos que fijan precios. Hoy para los asalariados la discusi\u00f3n no es con cuanto cierran paritarias sino de cuanto es la inflaci\u00f3n. Hasta ahora a esa marcha no vamos a ir, pero porque nosotros ya venimos con presencia en la calle junto al Bloque Piquetero\u201d.<\/span><\/p>\n<p><span style=\"color: #ff9900;\"><b>Situaci\u00f3n de Fabrica Militar<\/b><\/span><\/p>\n<p><span style=\"font-weight: 400;\">Tambi\u00e9n consultamos acerca de las condiciones actuales de los trabajadores de la f\u00e1brica de explosivos siendo uno de los epicentros fabriles de la ciudad de Villa Mar\u00eda.<\/span><\/p>\n<p><span style=\"font-weight: 400;\">Juan Fern\u00e1ndez, trabajador de la FM y actual candidato a Secretar\u00eda de Juventud, consider\u00f3 que \u201cestamos en condiciones complejas\u201d, debido a que \u201clos pocos fondos que tuvimos los dedicamos a pintar edificios o cortar el c\u00e9sped cuando tenemos las paredes de la f\u00e1brica que se nos caen a pedazos\u201d. <strong>\u201cTenemos una situaci\u00f3n hist\u00f3rica de desfinanciamiento en la f\u00e1brica y lo poco que ha llegado se ha usado para pintar, cuando tenemos la f\u00e1brica parada\u201d, a\u00f1adi\u00f3.\u00a0<\/strong><\/span><\/p>\n<p><span style=\"font-weight: 400;\">Sin ir m\u00e1s lejos \u201chace poco tuvimos un conflicto en una de las plantas por esos motivos edilicios y de producci\u00f3n. Para el a\u00f1o que viene no podemos seguir parados como lo estamos actualmente entonces hay que pensar estrat\u00e9gicamente porque en otro contexto pueden revisar y decirnos qu\u00e9 con una f\u00e1brica parada y con gente de sobra la pueden cerrar\u201d, sentenci\u00f3.<\/span><\/p>\n<\/div>\n<\/div>\n","protected":false},"excerpt":{"rendered":"<p>El candidato provincial, Federico Giuliani, realiz\u00f3 un repaso por la actividad de la central en la \u00faltima gesti\u00f3n. En este contexto plantean la necesidad de un salario b\u00e1sico universal de $45.000 para \u201celevar el piso de dignidad\u201d. El martes pasado se realiz\u00f3 la presentaci\u00f3n oficial en Villa Mar\u00eda de la lista que conducir\u00e1 la CTA [&hellip;]<\/p>\n","protected":false},"author":2,"featured_media":6275,"comment_status":"open","ping_status":"open","sticky":false,"template":"","format":"standard","meta":{"_exactmetrics_skip_tracking":false,"_exactmetrics_sitenote_active":false,"_exactmetrics_sitenote_note":"","_exactmetrics_sitenote_category":0,"jnews-multi-image_gallery":[],"jnews_single_post":{"source_name":"","source_url":"","via_name":"","via_url":"","override_template":"0","override":[{"template":"1","single_blog_custom":"","parallax":"1","fullscreen":"1","layout":"right-sidebar","sidebar":"default-sidebar","second_sidebar":"default-sidebar","sticky_sidebar":"1","share_position":"top","share_float_style":"share-monocrhome","show_share_counter":"1","show_view_counter":"1","show_featured":"1","show_post_meta":"1","show_post_author":"1","show_post_author_image":"1","show_post_date":"1","post_date_format":"default","post_date_format_custom":"Y\/m\/d","show_post_category":"1","show_post_reading_time":"0","post_reading_time_wpm":"300","show_zoom_button":"0","zoom_button_out_step":"2","zoom_button_in_step":"3","show_post_tag":"1","show_prev_next_post":"1","show_popup_post":"1","number_popup_post":"1","show_author_box":"0","show_post_related":"0","show_inline_post_related":"0"}],"override_image_size":"0","image_override":[{"single_post_thumbnail_size":"crop-500","single_post_gallery_size":"crop-500"}],"trending_post":"0","trending_post_position":"meta","trending_post_label":"Trending","sponsored_post":"0","sponsored_post_label":"Sponsored by","sponsored_post_name":"","sponsored_post_url":"","sponsored_post_logo_enable":"0","sponsored_post_logo":"","sponsored_post_desc":""},"jnews_primary_category":{"id":"22"},"jnews_social_meta":{"fb_title":"","fb_description":"","fb_image":"","twitter_title":"","twitter_description":"","twitter_image":""},"jnews_override_counter":{"override_view_counter":"0","view_counter_number":"0","override_share_counter":"0","share_counter_number":"0","override_like_counter":"0","like_counter_number":"0","override_dislike_counter":"0","dislike_counter_number":"0"},"_joinchat":[],"footnotes":""},"categories":[22],"tags":[],"class_list":["post-6274","post","type-post","status-publish","format-standard","has-post-thumbnail","hentry","category-actualidad"],"_links":{"self":[{"href":"https:\/\/tribunavm.com.ar\/index.php\/wp-json\/wp\/v2\/posts\/6274"}],"collection":[{"href":"https:\/\/tribunavm.com.ar\/index.php\/wp-json\/wp\/v2\/posts"}],"about":[{"href":"https:\/\/tribunavm.com.ar\/index.php\/wp-json\/wp\/v2\/types\/post"}],"author":[{"embeddable":true,"href":"https:\/\/tribunavm.com.ar\/index.php\/wp-json\/wp\/v2\/users\/2"}],"replies":[{"embeddable":true,"href":"https:\/\/tribunavm.com.ar\/index.php\/wp-json\/wp\/v2\/comments?post=6274"}],"version-history":[{"count":2,"href":"https:\/\/tribunavm.com.ar\/index.php\/wp-json\/wp\/v2\/posts\/6274\/revisions"}],"predecessor-version":[{"id":6279,"href":"https:\/\/tribunavm.com.ar\/index.php\/wp-json\/wp\/v2\/posts\/6274\/revisions\/6279"}],"wp:featuredmedia":[{"embeddable":true,"href":"https:\/\/tribunavm.com.ar\/index.php\/wp-json\/wp\/v2\/media\/6275"}],"wp:attachment":[{"href":"https:\/\/tribunavm.com.ar\/index.php\/wp-json\/wp\/v2\/media?parent=6274"}],"wp:term":[{"taxonomy":"category","embeddable":true,"href":"https:\/\/tribunavm.com.ar\/index.php\/wp-json\/wp\/v2\/categories?post=6274"},{"taxonomy":"post_tag","embeddable":true,"href":"https:\/\/tribunavm.com.ar\/index.php\/wp-json\/wp\/v2\/tags?post=6274"}],"curies":[{"name":"wp","href":"https:\/\/api.w.org\/{rel}","templated":true}]}}