{"id":6342,"date":"2022-08-15T18:13:45","date_gmt":"2022-08-15T18:13:45","guid":{"rendered":"https:\/\/tribunavm.com.ar\/?p=6342"},"modified":"2022-08-15T18:13:45","modified_gmt":"2022-08-15T18:13:45","slug":"ni-mago-ni-salvador","status":"publish","type":"post","link":"https:\/\/tribunavm.com.ar\/index.php\/2022\/08\/15\/ni-mago-ni-salvador\/","title":{"rendered":"\u201cNi mago, ni salvador\u201d"},"content":{"rendered":"<div class=\"row clearfix\">\n<div class=\"col-md-8\">\n<div class=\"intro-text\">\n<p><span style=\"font-weight: 400;\">El desembarco al Ministerio de Econom\u00eda de Sergio Massa ratific\u00f3 el compromiso del Gobierno con el FMI.<\/span><\/p>\n<\/div>\n<p><span style=\"font-weight: 400;\"><span class=\"dropcap \" style=\"background-color: #ffffff; color: #dd9933; border-color: #ffffff;\">T<\/span>ras la jura en el cargo, el flamante ministro traz\u00f3 el horizonte de su gesti\u00f3n en una conferencia de prensa en el Palacio de Hacienda. \u201cNo soy superministro, ni mago, ni salvador\u201d, advirti\u00f3.<\/span><\/p>\n<p><span style=\"font-weight: 400;\">Afirm\u00f3 su compromiso con las metas establecidas en el acuerdo con el FMI, particularmente con el 2,5% del d\u00e9ficit fiscal. A su vez, se\u00f1al\u00f3 que tuvo una reuni\u00f3n con el organismo multilateral y asegur\u00f3 que \u201cse har\u00e1n todas las correcciones que sean necesarias\u201d para los objetivos propuestos.<\/span><\/p>\n<p><span style=\"font-weight: 400;\">Por otro lado, reitero la fijaci\u00f3n de pol\u00edticas de reducci\u00f3n del gasto p\u00fablico y la cancelaci\u00f3n de las emisi\u00f3n monetaria para el financiamiento hasta fin de a\u00f1o. A su vez, asegur\u00f3 que habr\u00e1 un adelanto de exportaciones en las cadenas de valor de la pesca, del agro, de la miner\u00eda y otros, que ingresar\u00e1n en los pr\u00f3ximos 60 d\u00edas por un total de $5000 millones de d\u00f3lares.<\/span><\/p>\n<p><span style=\"font-weight: 400;\">Sobre la marcha, Massa fue definiendo algunos puestos claves para la gesti\u00f3n: en la Secretar\u00eda de Energ\u00eda se design\u00f3 en reemplazo de Dar\u00edo Mart\u00ednez a Flavia Roy\u00f3n, que se ven\u00eda desempe\u00f1ando como ministra de Energ\u00eda y Miner\u00eda de la provincia de Salta. En la Secretar\u00eda de Agricultura, anunci\u00f3 a Juan Jos\u00e9 Bahilo, funcionario del gobierno de Entre R\u00edos, en lugar de Julian Dominguez. Jos\u00e9 Ignacio de Mendiguren, presidente del Banco de Inversi\u00f3n y Comercio Exterior (BICE) fue nombrado como nuevo secretario de Producci\u00f3n.<\/span><\/p>\n<p><span style=\"font-weight: 400;\">Con la cabeza puesta en el financiamiento externo, el ministro mantuvo un encuentro virtual con el presidente del Banco Interamericano de Desarrollo (BID), Mauricio Claver-Carone, para evaluar \u201cel estado de situaci\u00f3n de los pr\u00e9stamos existentes y las nuevas oportunidades de financiaci\u00f3n\u201d.<\/span><\/p>\n<p><span style=\"font-weight: 400;\">Finalmente, el pasado viernes mantuvo un encuentro con los dirigentes de la Mesa de Enlace, donde los ruralistas plantearon sus exigencias sobre la brecha cambiaria, las retenciones y los fideicomisos en trigo y aceites.<\/span><\/p>\n<\/div>\n<\/div>\n","protected":false},"excerpt":{"rendered":"<p>El desembarco al Ministerio de Econom\u00eda de Sergio Massa ratific\u00f3 el compromiso del Gobierno con el FMI. Tras la jura en el cargo, el flamante ministro traz\u00f3 el horizonte de su gesti\u00f3n en una conferencia de prensa en el Palacio de Hacienda. \u201cNo soy superministro, ni mago, ni salvador\u201d, advirti\u00f3. Afirm\u00f3 su compromiso con las [&hellip;]<\/p>\n","protected":false},"author":2,"featured_media":6343,"comment_status":"open","ping_status":"open","sticky":false,"template":"","format":"standard","meta":{"_exactmetrics_skip_tracking":false,"_exactmetrics_sitenote_active":false,"_exactmetrics_sitenote_note":"","_exactmetrics_sitenote_category":0,"jnews-multi-image_gallery":[],"jnews_single_post":{"source_name":"","source_url":"","via_name":"","via_url":"","override_template":"0","override":[{"template":"1","single_blog_custom":"","parallax":"1","fullscreen":"1","layout":"right-sidebar","sidebar":"default-sidebar","second_sidebar":"default-sidebar","sticky_sidebar":"1","share_position":"top","share_float_style":"share-monocrhome","show_share_counter":"1","show_view_counter":"1","show_featured":"1","show_post_meta":"1","show_post_author":"1","show_post_author_image":"1","show_post_date":"1","post_date_format":"default","post_date_format_custom":"Y\/m\/d","show_post_category":"1","show_post_reading_time":"0","post_reading_time_wpm":"300","show_zoom_button":"0","zoom_button_out_step":"2","zoom_button_in_step":"3","show_post_tag":"1","show_prev_next_post":"1","show_popup_post":"1","number_popup_post":"1","show_author_box":"0","show_post_related":"0","show_inline_post_related":"0"}],"override_image_size":"0","image_override":[{"single_post_thumbnail_size":"crop-500","single_post_gallery_size":"crop-500"}],"trending_post":"0","trending_post_position":"meta","trending_post_label":"Trending","sponsored_post":"0","sponsored_post_label":"Sponsored by","sponsored_post_name":"","sponsored_post_url":"","sponsored_post_logo_enable":"0","sponsored_post_logo":"","sponsored_post_desc":""},"jnews_primary_category":{"id":"22"},"jnews_social_meta":{"fb_title":"","fb_description":"","fb_image":"","twitter_title":"","twitter_description":"","twitter_image":""},"jnews_override_counter":{"override_view_counter":"0","view_counter_number":"0","override_share_counter":"0","share_counter_number":"0","override_like_counter":"0","like_counter_number":"0","override_dislike_counter":"0","dislike_counter_number":"0"},"_joinchat":[],"footnotes":""},"categories":[22],"tags":[260,39],"class_list":["post-6342","post","type-post","status-publish","format-standard","has-post-thumbnail","hentry","category-actualidad","tag-edicion-95","tag-gobierno"],"_links":{"self":[{"href":"https:\/\/tribunavm.com.ar\/index.php\/wp-json\/wp\/v2\/posts\/6342"}],"collection":[{"href":"https:\/\/tribunavm.com.ar\/index.php\/wp-json\/wp\/v2\/posts"}],"about":[{"href":"https:\/\/tribunavm.com.ar\/index.php\/wp-json\/wp\/v2\/types\/post"}],"author":[{"embeddable":true,"href":"https:\/\/tribunavm.com.ar\/index.php\/wp-json\/wp\/v2\/users\/2"}],"replies":[{"embeddable":true,"href":"https:\/\/tribunavm.com.ar\/index.php\/wp-json\/wp\/v2\/comments?post=6342"}],"version-history":[{"count":1,"href":"https:\/\/tribunavm.com.ar\/index.php\/wp-json\/wp\/v2\/posts\/6342\/revisions"}],"predecessor-version":[{"id":6344,"href":"https:\/\/tribunavm.com.ar\/index.php\/wp-json\/wp\/v2\/posts\/6342\/revisions\/6344"}],"wp:featuredmedia":[{"embeddable":true,"href":"https:\/\/tribunavm.com.ar\/index.php\/wp-json\/wp\/v2\/media\/6343"}],"wp:attachment":[{"href":"https:\/\/tribunavm.com.ar\/index.php\/wp-json\/wp\/v2\/media?parent=6342"}],"wp:term":[{"taxonomy":"category","embeddable":true,"href":"https:\/\/tribunavm.com.ar\/index.php\/wp-json\/wp\/v2\/categories?post=6342"},{"taxonomy":"post_tag","embeddable":true,"href":"https:\/\/tribunavm.com.ar\/index.php\/wp-json\/wp\/v2\/tags?post=6342"}],"curies":[{"name":"wp","href":"https:\/\/api.w.org\/{rel}","templated":true}]}}