{"id":6408,"date":"2022-08-29T02:00:03","date_gmt":"2022-08-29T02:00:03","guid":{"rendered":"https:\/\/tribunavm.com.ar\/?p=6408"},"modified":"2022-08-29T02:00:03","modified_gmt":"2022-08-29T02:00:03","slug":"luchas-por-la-educacion-en-uruguay","status":"publish","type":"post","link":"https:\/\/tribunavm.com.ar\/index.php\/2022\/08\/29\/luchas-por-la-educacion-en-uruguay\/","title":{"rendered":"Luchas por la educaci\u00f3n en Uruguay"},"content":{"rendered":"<div class=\"row clearfix\">\n<div class=\"col-md-8\">\n<div class=\"intro-text\">\n<p><span style=\"font-weight: 400;\">Paro y movilizaci\u00f3n para ampliar el presupuesto. Adem\u00e1s, desde la Fenapes piden participar en la discusi\u00f3n por la reforma universitaria.<\/span><\/p>\n<\/div>\n<p><span style=\"font-weight: 400;\"><span class=\"dropcap \" style=\"background-color: #ffffff; color: #dd9933; border-color: #ffffff;\">E<\/span>l martes 23 de agosto miles de personas marcharon en Uruguay desde la Universidad de la Rep\u00fablica (Udelar) hasta la Administraci\u00f3n Nacional de Educaci\u00f3n P\u00fablica (ANEP). El motivo que congreg\u00f3 principalmente a docentes y estudiantes fue la exigencia ante el gobierno por mayor presupuesto y contemplar la participaci\u00f3n de los actores gremiales en la reforma educativa.<\/span><\/p>\n<p><span style=\"font-weight: 400;\">En la jornada de lucha, la Federaci\u00f3n de Profesores de Educaci\u00f3n Secundaria (FENAPES) convoc\u00f3 a un paro nacional de 24 horas que cont\u00f3 con movilizaciones y apoyo del movimiento estudiantil.\u00a0<\/span><\/p>\n<p><img loading=\"lazy\" decoding=\"async\" class=\"aligncenter size-full wp-image-6410\" src=\"https:\/\/tribunavm.com.ar\/wp-content\/uploads\/2022\/08\/apoyo-estudiantil-uruguay.jpeg\" alt=\"\" width=\"1300\" height=\"867\" srcset=\"https:\/\/tribunavm.com.ar\/wp-content\/uploads\/2022\/08\/apoyo-estudiantil-uruguay.jpeg 1300w, https:\/\/tribunavm.com.ar\/wp-content\/uploads\/2022\/08\/apoyo-estudiantil-uruguay-300x200.jpeg 300w, https:\/\/tribunavm.com.ar\/wp-content\/uploads\/2022\/08\/apoyo-estudiantil-uruguay-1024x683.jpeg 1024w, https:\/\/tribunavm.com.ar\/wp-content\/uploads\/2022\/08\/apoyo-estudiantil-uruguay-768x512.jpeg 768w, https:\/\/tribunavm.com.ar\/wp-content\/uploads\/2022\/08\/apoyo-estudiantil-uruguay-750x500.jpeg 750w, https:\/\/tribunavm.com.ar\/wp-content\/uploads\/2022\/08\/apoyo-estudiantil-uruguay-1140x760.jpeg 1140w\" sizes=\"(max-width: 1300px) 100vw, 1300px\" \/><\/p>\n<p><span style=\"font-weight: 400;\">Seg\u00fan expresaron desde la FENAPES \u201clos centros de estudio se convirtieron en protagonistas del contundente rechazo de la comunidad educativa a una reforma que se quiere instalar de \u2018prepo\u2019, en simult\u00e1neo las Asambleas T\u00e9cnico Docente tambi\u00e9n han sido categ\u00f3ricas en cuanto al an\u00e1lisis de los cambios propuestos\u201d.<\/span><\/p>\n<p><span style=\"font-weight: 400;\">\u201cAdem\u00e1s de la reforma que catalogamos como una transformaci\u00f3n de terror, el gobierno aprob\u00f3 la Rendici\u00f3n de cuentas que verifica el recorte presupuestario sufrido por la Educaci\u00f3n P\u00fablica\u201d, comunicaron desde la federaci\u00f3n.<\/span><\/p>\n<p><span style=\"font-weight: 400;\">Por su parte, el profesor L\u00edber Romero, presidente del Sindicato de Docentes de Formaci\u00f3n en Educaci\u00f3n (SIDFE) dijo al Portal del PIT-CNT: \u201ces muy importante que el tema de la reforma de la educaci\u00f3n se haya puesto en la agenda p\u00fablica y que se convoque a una instancia de discusi\u00f3n donde participen todas las partes involucradas\u201d.<\/span><\/p>\n<p><span style=\"font-weight: 400;\">A su vez, inform\u00f3 que al inicio de la semana se ten\u00edan 23 centros movilizados \u201cy ahora estamos en 27 de los 32 que existen. Adem\u00e1s, de los que est\u00e1n movilizados, participan la mayor\u00eda de los estudiantes y docentes, por lo que en este momento existe un importante desarrollo de la movilizaci\u00f3n y en lugares donde no exist\u00eda organizaci\u00f3n se han creado gremios estudiantiles\u201d.<\/span><\/p>\n<\/div>\n<\/div>\n","protected":false},"excerpt":{"rendered":"<p>Paro y movilizaci\u00f3n para ampliar el presupuesto. Adem\u00e1s, desde la Fenapes piden participar en la discusi\u00f3n por la reforma universitaria. El martes 23 de agosto miles de personas marcharon en Uruguay desde la Universidad de la Rep\u00fablica (Udelar) hasta la Administraci\u00f3n Nacional de Educaci\u00f3n P\u00fablica (ANEP). El motivo que congreg\u00f3 principalmente a docentes y estudiantes [&hellip;]<\/p>\n","protected":false},"author":2,"featured_media":6409,"comment_status":"open","ping_status":"open","sticky":false,"template":"","format":"standard","meta":{"_exactmetrics_skip_tracking":false,"_exactmetrics_sitenote_active":false,"_exactmetrics_sitenote_note":"","_exactmetrics_sitenote_category":0,"jnews-multi-image_gallery":[],"jnews_single_post":{"source_name":"","source_url":"","via_name":"","via_url":"","override_template":"0","override":[{"template":"1","single_blog_custom":"","parallax":"1","fullscreen":"1","layout":"right-sidebar","sidebar":"default-sidebar","second_sidebar":"default-sidebar","sticky_sidebar":"1","share_position":"top","share_float_style":"share-monocrhome","show_share_counter":"1","show_view_counter":"1","show_featured":"1","show_post_meta":"1","show_post_author":"1","show_post_author_image":"1","show_post_date":"1","post_date_format":"default","post_date_format_custom":"Y\/m\/d","show_post_category":"1","show_post_reading_time":"0","post_reading_time_wpm":"300","show_zoom_button":"0","zoom_button_out_step":"2","zoom_button_in_step":"3","show_post_tag":"1","show_prev_next_post":"1","show_popup_post":"1","number_popup_post":"1","show_author_box":"0","show_post_related":"0","show_inline_post_related":"0"}],"override_image_size":"0","image_override":[{"single_post_thumbnail_size":"crop-500","single_post_gallery_size":"crop-500"}],"trending_post":"0","trending_post_position":"meta","trending_post_label":"Trending","sponsored_post":"0","sponsored_post_label":"Sponsored by","sponsored_post_name":"","sponsored_post_url":"","sponsored_post_logo_enable":"0","sponsored_post_logo":"","sponsored_post_desc":""},"jnews_primary_category":{"id":"22"},"jnews_social_meta":{"fb_title":"","fb_description":"","fb_image":"","twitter_title":"","twitter_description":"","twitter_image":""},"jnews_override_counter":{"override_view_counter":"0","view_counter_number":"0","override_share_counter":"0","share_counter_number":"0","override_like_counter":"0","like_counter_number":"0","override_dislike_counter":"0","dislike_counter_number":"0"},"_joinchat":[],"footnotes":""},"categories":[22],"tags":[],"class_list":["post-6408","post","type-post","status-publish","format-standard","has-post-thumbnail","hentry","category-actualidad"],"_links":{"self":[{"href":"https:\/\/tribunavm.com.ar\/index.php\/wp-json\/wp\/v2\/posts\/6408"}],"collection":[{"href":"https:\/\/tribunavm.com.ar\/index.php\/wp-json\/wp\/v2\/posts"}],"about":[{"href":"https:\/\/tribunavm.com.ar\/index.php\/wp-json\/wp\/v2\/types\/post"}],"author":[{"embeddable":true,"href":"https:\/\/tribunavm.com.ar\/index.php\/wp-json\/wp\/v2\/users\/2"}],"replies":[{"embeddable":true,"href":"https:\/\/tribunavm.com.ar\/index.php\/wp-json\/wp\/v2\/comments?post=6408"}],"version-history":[{"count":1,"href":"https:\/\/tribunavm.com.ar\/index.php\/wp-json\/wp\/v2\/posts\/6408\/revisions"}],"predecessor-version":[{"id":6411,"href":"https:\/\/tribunavm.com.ar\/index.php\/wp-json\/wp\/v2\/posts\/6408\/revisions\/6411"}],"wp:featuredmedia":[{"embeddable":true,"href":"https:\/\/tribunavm.com.ar\/index.php\/wp-json\/wp\/v2\/media\/6409"}],"wp:attachment":[{"href":"https:\/\/tribunavm.com.ar\/index.php\/wp-json\/wp\/v2\/media?parent=6408"}],"wp:term":[{"taxonomy":"category","embeddable":true,"href":"https:\/\/tribunavm.com.ar\/index.php\/wp-json\/wp\/v2\/categories?post=6408"},{"taxonomy":"post_tag","embeddable":true,"href":"https:\/\/tribunavm.com.ar\/index.php\/wp-json\/wp\/v2\/tags?post=6408"}],"curies":[{"name":"wp","href":"https:\/\/api.w.org\/{rel}","templated":true}]}}