{"id":6421,"date":"2022-08-29T02:30:36","date_gmt":"2022-08-29T02:30:36","guid":{"rendered":"https:\/\/tribunavm.com.ar\/?p=6421"},"modified":"2022-08-29T02:30:36","modified_gmt":"2022-08-29T02:30:36","slug":"precios-sin-freno","status":"publish","type":"post","link":"https:\/\/tribunavm.com.ar\/index.php\/2022\/08\/29\/precios-sin-freno\/","title":{"rendered":"Precios sin freno"},"content":{"rendered":"<div class=\"row clearfix\">\n<div class=\"col-md-8\">\n<div class=\"intro-text\">\n<p><span style=\"font-weight: 400;\">La inflaci\u00f3n registr\u00f3 el mayor aumento de los \u00faltimos 30 a\u00f1os. Seg\u00fan CIFRA el salario m\u00ednimo perdi\u00f3 m\u00e1s del 30% desde 2015.<\/span><\/p>\n<\/div>\n<p><span style=\"font-weight: 400;\"><span class=\"dropcap \" style=\"background-color: #ffffff; color: #dd9933; border-color: #ffffff;\">D<\/span>esde hace varios meses la inflaci\u00f3n supera r\u00e9cords hist\u00f3ricos en varias regiones del globo. Los pueblos de EE.UU., Europa y Latinoam\u00e9rica vienen sufriendo las consecuencias que genera la inflaci\u00f3n sobre sus condiciones de vida.<\/span><\/p>\n<p><span style=\"font-weight: 400;\">En ese marco, Argentina se posiciona como uno de los pa\u00edses con mayor inflaci\u00f3n del mundo. El Instituto Nacional de Estad\u00edstica y Censos (INDEC) <\/span><span style=\"color: #ff9900;\"><a style=\"color: #ff9900;\" href=\"https:\/\/www.indec.gob.ar\/uploads\/informesdeprensa\/ipc_08_222F36DA2F1A.pdf\"><span style=\"font-weight: 400;\">public\u00f3 en su \u00faltimo informe <\/span><\/a><\/span><span style=\"font-weight: 400;\">que la inflaci\u00f3n de julio fue del 7,4%, el peor registro mensual de los \u00faltimos 20 a\u00f1os.\u00a0<\/span><\/p>\n<p><span style=\"font-weight: 400;\">Dicho porcentaje da un acumulado de 46,2% en lo que va del a\u00f1o. Mientras que en la variaci\u00f3n interanual los precios subieron 71%, la cifra m\u00e1s alta desde 1991. Cabe destacar que en los \u00faltimos 12 meses la mayor influencia en el aumento fue generada por alimentos, vestimenta y transporte, cuestiones b\u00e1sicas para el sostenimiento de vida de la poblaci\u00f3n.<\/span><\/p>\n<p><span style=\"font-weight: 400;\">El lunes pasado, tras la reuni\u00f3n del Consejo del Salario M\u00ednimo Vital y M\u00f3vil (SMVM), se anunci\u00f3 un aumento del 7% del haber m\u00ednimo y ser\u00e1 de $51.200 a partir de septiembre.<\/span><\/p>\n<p><span style=\"font-weight: 400;\">Un<\/span><span style=\"color: #ff9900;\"><a style=\"color: #ff9900;\" href=\"http:\/\/www.centrocifra.org.ar\/publicacion.php?pid=183\"><span style=\"font-weight: 400;\"> informe de CIFRA-CTA<\/span><\/a><\/span><span style=\"font-weight: 400;\"> se\u00f1ala que en julio de 2022 el SMVM real qued\u00f3 10% por debajo del nivel de diciembre de 2019 y 30% por debajo de diciembre de 2015. Por lo que en agosto de este a\u00f1o deber\u00eda ser de $71.600 y casi $119.000 para una \u201cfamilia tipo\u201d para tener el mismo poder adquisitivo que en 2015.\u00a0<\/span><\/p>\n<h4><span style=\"color: #ff9900;\"><b>Paritarias<\/b><\/span><\/h4>\n<p><span style=\"font-weight: 400;\">En ese marco los acuerdos paritarios contin\u00faan su carrera por perder lo menos posible ante la inflaci\u00f3n y en medio de un conflicto nacional por aumento salarial del personal de salud, docentes y estatales.\u00a0<\/span><\/p>\n<p><span style=\"font-weight: 400;\">La Federaci\u00f3n Argentina de Empleados de Comercio y Servicios (Faecys) firm\u00f3 un aumento del 59,5% en siete cuotas hasta enero llevando el inicial a $139.000. Por su lado, el Sindicato de Empleados P\u00fablicos (SEP) de C\u00f3rdoba acord\u00f3 un 38% para el mismo periodo dando un total de 68% anual.\u00a0<\/span><\/p>\n<p><span style=\"font-weight: 400;\">Por \u00faltimo, la Federaci\u00f3n de Sindicatos Unidos de Petroleros e Hidrocarbur\u00edferos (Supeh), que nuclea al personal de YPF, acord\u00f3 el martes pasado un aumento del 80% anual y un bono de 100 mil pesos a modo de recomposici\u00f3n salarial.\u00a0<\/span><\/p>\n<\/div>\n<\/div>\n","protected":false},"excerpt":{"rendered":"<p>La inflaci\u00f3n registr\u00f3 el mayor aumento de los \u00faltimos 30 a\u00f1os. Seg\u00fan CIFRA el salario m\u00ednimo perdi\u00f3 m\u00e1s del 30% desde 2015. Desde hace varios meses la inflaci\u00f3n supera r\u00e9cords hist\u00f3ricos en varias regiones del globo. Los pueblos de EE.UU., Europa y Latinoam\u00e9rica vienen sufriendo las consecuencias que genera la inflaci\u00f3n sobre sus condiciones de [&hellip;]<\/p>\n","protected":false},"author":2,"featured_media":3939,"comment_status":"open","ping_status":"open","sticky":false,"template":"","format":"standard","meta":{"_exactmetrics_skip_tracking":false,"_exactmetrics_sitenote_active":false,"_exactmetrics_sitenote_note":"","_exactmetrics_sitenote_category":0,"jnews-multi-image_gallery":[],"jnews_single_post":{"source_name":"","source_url":"","via_name":"","via_url":"","override_template":"0","override":[{"template":"1","single_blog_custom":"","parallax":"1","fullscreen":"1","layout":"right-sidebar","sidebar":"default-sidebar","second_sidebar":"default-sidebar","sticky_sidebar":"1","share_position":"top","share_float_style":"share-monocrhome","show_share_counter":"1","show_view_counter":"1","show_featured":"1","show_post_meta":"1","show_post_author":"1","show_post_author_image":"1","show_post_date":"1","post_date_format":"default","post_date_format_custom":"Y\/m\/d","show_post_category":"1","show_post_reading_time":"0","post_reading_time_wpm":"300","show_zoom_button":"0","zoom_button_out_step":"2","zoom_button_in_step":"3","show_post_tag":"1","show_prev_next_post":"1","show_popup_post":"1","number_popup_post":"1","show_author_box":"0","show_post_related":"0","show_inline_post_related":"0"}],"override_image_size":"0","image_override":[{"single_post_thumbnail_size":"crop-500","single_post_gallery_size":"crop-500"}],"trending_post":"0","trending_post_position":"meta","trending_post_label":"Trending","sponsored_post":"0","sponsored_post_label":"Sponsored by","sponsored_post_name":"","sponsored_post_url":"","sponsored_post_logo_enable":"0","sponsored_post_logo":"","sponsored_post_desc":""},"jnews_primary_category":{"id":"22"},"jnews_social_meta":{"fb_title":"","fb_description":"","fb_image":"","twitter_title":"","twitter_description":"","twitter_image":""},"jnews_override_counter":{"override_view_counter":"0","view_counter_number":"0","override_share_counter":"0","share_counter_number":"0","override_like_counter":"0","like_counter_number":"0","override_dislike_counter":"0","dislike_counter_number":"0"},"_joinchat":[],"footnotes":""},"categories":[1],"tags":[261,161],"class_list":["post-6421","post","type-post","status-publish","format-standard","has-post-thumbnail","hentry","category-uncategorized","tag-edicion-96","tag-inflacion"],"_links":{"self":[{"href":"https:\/\/tribunavm.com.ar\/index.php\/wp-json\/wp\/v2\/posts\/6421"}],"collection":[{"href":"https:\/\/tribunavm.com.ar\/index.php\/wp-json\/wp\/v2\/posts"}],"about":[{"href":"https:\/\/tribunavm.com.ar\/index.php\/wp-json\/wp\/v2\/types\/post"}],"author":[{"embeddable":true,"href":"https:\/\/tribunavm.com.ar\/index.php\/wp-json\/wp\/v2\/users\/2"}],"replies":[{"embeddable":true,"href":"https:\/\/tribunavm.com.ar\/index.php\/wp-json\/wp\/v2\/comments?post=6421"}],"version-history":[{"count":1,"href":"https:\/\/tribunavm.com.ar\/index.php\/wp-json\/wp\/v2\/posts\/6421\/revisions"}],"predecessor-version":[{"id":6422,"href":"https:\/\/tribunavm.com.ar\/index.php\/wp-json\/wp\/v2\/posts\/6421\/revisions\/6422"}],"wp:featuredmedia":[{"embeddable":true,"href":"https:\/\/tribunavm.com.ar\/index.php\/wp-json\/wp\/v2\/media\/3939"}],"wp:attachment":[{"href":"https:\/\/tribunavm.com.ar\/index.php\/wp-json\/wp\/v2\/media?parent=6421"}],"wp:term":[{"taxonomy":"category","embeddable":true,"href":"https:\/\/tribunavm.com.ar\/index.php\/wp-json\/wp\/v2\/categories?post=6421"},{"taxonomy":"post_tag","embeddable":true,"href":"https:\/\/tribunavm.com.ar\/index.php\/wp-json\/wp\/v2\/tags?post=6421"}],"curies":[{"name":"wp","href":"https:\/\/api.w.org\/{rel}","templated":true}]}}