{"id":6423,"date":"2022-08-29T02:33:47","date_gmt":"2022-08-29T02:33:47","guid":{"rendered":"https:\/\/tribunavm.com.ar\/?p=6423"},"modified":"2022-08-29T02:33:47","modified_gmt":"2022-08-29T02:33:47","slug":"trabajadores-de-la-educacion-luchan-en-todo-el-pais","status":"publish","type":"post","link":"https:\/\/tribunavm.com.ar\/index.php\/2022\/08\/29\/trabajadores-de-la-educacion-luchan-en-todo-el-pais\/","title":{"rendered":"Trabajadores de la educaci\u00f3n luchan en todo el pa\u00eds"},"content":{"rendered":"<div class=\"row clearfix\">\n<div class=\"col-md-8\">\n<p><span style=\"color: #212121; font-size: 1.5em; letter-spacing: -0.01em;\">Docentes de Santa Fe, Mendoza, y C\u00f3rdoba se movilizan y realizan paros por el estado de emergencia de sus condiciones laborales.\u00a0<\/span><\/p>\n<p><span style=\"font-weight: 400;\"><span class=\"dropcap \" style=\"background-color: #ffffff; color: #dd9933; border-color: #ffffff;\">E<\/span>l d\u00eda viernes las organizaciones gremiales de Santa Fe, AMSAFE y SADOP (Sindicato Argentino de Docentes Privados) anunciaron a trav\u00e9s de un comunicado de prensa el rechazo de la medida del gobierno provincial de descontar los d\u00edas de paros sucedidos este mes y resolvieron ir a paro de 72 horas para los d\u00edas 30, 31 de agosto y 1 de septiembre.<\/span><\/p>\n<p><strong>ver: <\/strong><span style=\"color: #ff9900;\"><a style=\"color: #ff9900;\" href=\"https:\/\/tribunavm.com.ar\/index.php\/2022\/08\/15\/hoy-la-clase-es-en-la-calle\/\"><span style=\"font-weight: 400;\">https:\/\/tribunavm.com.ar\/index.php\/2022\/08\/15\/hoy-la-clase-es-en-la-calle\/<\/span><\/a><span style=\"font-weight: 400;\">\u00a0<\/span><\/span><\/p>\n<p><span style=\"font-weight: 400;\">Adem\u00e1s, las peticiones giran en torno a la urgente convocatoria a paritarias, el adelantamiento de los tramos de aumento y nueva recomposici\u00f3n salarial para activos y jubilados, la eliminaci\u00f3n de la cuarta categor\u00eda del impuesto a las ganancias, entre otros puntos.<\/span><\/p>\n<p><span style=\"font-weight: 400;\">En el mismo sentido, docentes de C\u00f3rdoba rechazaron el viernes pasado la propuesta paritaria que ofrecieron desde el gobierno en la asamblea departamental. La propuesta presentada fue de un 12% en julio, 8% en septiembre, 10% en noviembre y 6% en enero de 2023, con base a los salarios de enero del 2022.<\/span><\/p>\n<p><span style=\"font-weight: 400;\">Debido a la situaci\u00f3n la UEPC comunic\u00f3 que realizar\u00e1 el Martes 30 asambleas escolares de una hora por turno que finalizar\u00e1n con acciones frente a las escuelas, a su vez el 31 de agosto habr\u00e1 movilizaci\u00f3n en la capital y paro de 24 horas.<\/span><\/p>\n<p><img loading=\"lazy\" decoding=\"async\" class=\"aligncenter size-full wp-image-6424\" src=\"https:\/\/tribunavm.com.ar\/wp-content\/uploads\/2022\/08\/adentro-UEPC.jpg\" alt=\"\" width=\"1200\" height=\"1200\" srcset=\"https:\/\/tribunavm.com.ar\/wp-content\/uploads\/2022\/08\/adentro-UEPC.jpg 1200w, https:\/\/tribunavm.com.ar\/wp-content\/uploads\/2022\/08\/adentro-UEPC-300x300.jpg 300w, https:\/\/tribunavm.com.ar\/wp-content\/uploads\/2022\/08\/adentro-UEPC-1024x1024.jpg 1024w, https:\/\/tribunavm.com.ar\/wp-content\/uploads\/2022\/08\/adentro-UEPC-150x150.jpg 150w, https:\/\/tribunavm.com.ar\/wp-content\/uploads\/2022\/08\/adentro-UEPC-768x768.jpg 768w, https:\/\/tribunavm.com.ar\/wp-content\/uploads\/2022\/08\/adentro-UEPC-75x75.jpg 75w, https:\/\/tribunavm.com.ar\/wp-content\/uploads\/2022\/08\/adentro-UEPC-750x750.jpg 750w, https:\/\/tribunavm.com.ar\/wp-content\/uploads\/2022\/08\/adentro-UEPC-1140x1140.jpg 1140w\" sizes=\"(max-width: 1200px) 100vw, 1200px\" \/><\/p>\n<p><span style=\"font-weight: 400;\">Por otro lado, en Mendoza, el Sindicato Unido de Trabajadores de la Educaci\u00f3n (SUTE) inici\u00f3 el lunes 22 un cese de tareas por 72 horas por reclamo salarial. A la medida se sum\u00f3 Sadop.<\/span><\/p>\n<p><span style=\"font-weight: 400;\">Los reclamos giran en torno a la reapertura paritaria y la derogaci\u00f3n del decreto de incremento salarial al sector impuesto por el Ejecutivo provincial del gobierno de Rodolfo Su\u00e1rez, qui\u00e9n adem\u00e1s insinu\u00f3 que el paro era \u201cins\u00f3lito y pol\u00edtico\u201d e impuso descuentos salariales para aquellos trabajadores que adhieran.<\/span><\/p>\n<p><span style=\"font-weight: 400;\">Cabe resaltar que la situaci\u00f3n se agrava con las \u00faltimas medidas que adopt\u00f3 el gobierno nacional de achicar el presupuesto destinado a educaci\u00f3n, salud, producci\u00f3n, obras p\u00fablicas y transporte en $200.000 millones del presupuesto.\u00a0<\/span><\/p>\n<\/div>\n<\/div>\n","protected":false},"excerpt":{"rendered":"<p>Docentes de Santa Fe, Mendoza, y C\u00f3rdoba se movilizan y realizan paros por el estado de emergencia de sus condiciones laborales.\u00a0 El d\u00eda viernes las organizaciones gremiales de Santa Fe, AMSAFE y SADOP (Sindicato Argentino de Docentes Privados) anunciaron a trav\u00e9s de un comunicado de prensa el rechazo de la medida del gobierno provincial de [&hellip;]<\/p>\n","protected":false},"author":2,"featured_media":6425,"comment_status":"open","ping_status":"open","sticky":false,"template":"","format":"standard","meta":{"_exactmetrics_skip_tracking":false,"_exactmetrics_sitenote_active":false,"_exactmetrics_sitenote_note":"","_exactmetrics_sitenote_category":0,"jnews-multi-image_gallery":[],"jnews_single_post":{"source_name":"","source_url":"","via_name":"","via_url":"","override_template":"0","override":[{"template":"1","single_blog_custom":"","parallax":"1","fullscreen":"1","layout":"right-sidebar","sidebar":"default-sidebar","second_sidebar":"default-sidebar","sticky_sidebar":"1","share_position":"top","share_float_style":"share-monocrhome","show_share_counter":"1","show_view_counter":"1","show_featured":"1","show_post_meta":"1","show_post_author":"1","show_post_author_image":"1","show_post_date":"1","post_date_format":"default","post_date_format_custom":"Y\/m\/d","show_post_category":"1","show_post_reading_time":"0","post_reading_time_wpm":"300","show_zoom_button":"0","zoom_button_out_step":"2","zoom_button_in_step":"3","show_post_tag":"1","show_prev_next_post":"1","show_popup_post":"1","number_popup_post":"1","show_author_box":"0","show_post_related":"0","show_inline_post_related":"0"}],"override_image_size":"0","image_override":[{"single_post_thumbnail_size":"crop-500","single_post_gallery_size":"crop-500"}],"trending_post":"0","trending_post_position":"meta","trending_post_label":"Trending","sponsored_post":"0","sponsored_post_label":"Sponsored by","sponsored_post_name":"","sponsored_post_url":"","sponsored_post_logo_enable":"0","sponsored_post_logo":"","sponsored_post_desc":""},"jnews_primary_category":{"id":"22"},"jnews_social_meta":{"fb_title":"","fb_description":"","fb_image":"","twitter_title":"","twitter_description":"","twitter_image":""},"jnews_override_counter":{"override_view_counter":"0","view_counter_number":"0","override_share_counter":"0","share_counter_number":"0","override_like_counter":"0","like_counter_number":"0","override_dislike_counter":"0","dislike_counter_number":"0"},"_joinchat":[],"footnotes":""},"categories":[1],"tags":[181,261,85],"class_list":["post-6423","post","type-post","status-publish","format-standard","has-post-thumbnail","hentry","category-uncategorized","tag-docentes","tag-edicion-96","tag-movilizaciones"],"_links":{"self":[{"href":"https:\/\/tribunavm.com.ar\/index.php\/wp-json\/wp\/v2\/posts\/6423"}],"collection":[{"href":"https:\/\/tribunavm.com.ar\/index.php\/wp-json\/wp\/v2\/posts"}],"about":[{"href":"https:\/\/tribunavm.com.ar\/index.php\/wp-json\/wp\/v2\/types\/post"}],"author":[{"embeddable":true,"href":"https:\/\/tribunavm.com.ar\/index.php\/wp-json\/wp\/v2\/users\/2"}],"replies":[{"embeddable":true,"href":"https:\/\/tribunavm.com.ar\/index.php\/wp-json\/wp\/v2\/comments?post=6423"}],"version-history":[{"count":1,"href":"https:\/\/tribunavm.com.ar\/index.php\/wp-json\/wp\/v2\/posts\/6423\/revisions"}],"predecessor-version":[{"id":6426,"href":"https:\/\/tribunavm.com.ar\/index.php\/wp-json\/wp\/v2\/posts\/6423\/revisions\/6426"}],"wp:featuredmedia":[{"embeddable":true,"href":"https:\/\/tribunavm.com.ar\/index.php\/wp-json\/wp\/v2\/media\/6425"}],"wp:attachment":[{"href":"https:\/\/tribunavm.com.ar\/index.php\/wp-json\/wp\/v2\/media?parent=6423"}],"wp:term":[{"taxonomy":"category","embeddable":true,"href":"https:\/\/tribunavm.com.ar\/index.php\/wp-json\/wp\/v2\/categories?post=6423"},{"taxonomy":"post_tag","embeddable":true,"href":"https:\/\/tribunavm.com.ar\/index.php\/wp-json\/wp\/v2\/tags?post=6423"}],"curies":[{"name":"wp","href":"https:\/\/api.w.org\/{rel}","templated":true}]}}