{"id":6427,"date":"2022-08-29T02:36:40","date_gmt":"2022-08-29T02:36:40","guid":{"rendered":"https:\/\/tribunavm.com.ar\/?p=6427"},"modified":"2022-08-29T02:36:40","modified_gmt":"2022-08-29T02:36:40","slug":"cgt-normalizacion-de-regionales-de-la-provincia","status":"publish","type":"post","link":"https:\/\/tribunavm.com.ar\/index.php\/2022\/08\/29\/cgt-normalizacion-de-regionales-de-la-provincia\/","title":{"rendered":"CGT: Normalizaci\u00f3n de regionales de la provincia"},"content":{"rendered":"<div class=\"row clearfix\">\n<div class=\"col-md-8\">\n<div class=\"intro-text\">\n<p><span style=\"font-weight: 400;\">Las centrales de Bell Ville y R\u00edo Cuarto se suman a las casi 40 regionales normalizadas.<\/span><\/p>\n<\/div>\n<p><span style=\"font-weight: 400;\"><span class=\"dropcap \" style=\"background-color: #ffffff; color: #dd9933; border-color: #ffffff;\">L<\/span>as regionales de R\u00edo Cuarto y Bell Ville de la Confederaci\u00f3n General del Trabajo (CGT) normalizaron sus delegaciones, sum\u00e1ndose as\u00ed a Villa Mar\u00eda y a numerosas regionales en todo el pa\u00eds.<\/span><\/p>\n<p><span style=\"font-weight: 400;\">En ambas ocasiones el proceso ocurri\u00f3 con la presencia de Horario Otero, coordinador nacional de la Secretar\u00eda de Interior de la CGT.<\/span><\/p>\n<p><span style=\"font-weight: 400;\">El pasado 16 de agosto fue el turno de la delegaci\u00f3n Bell Ville, con lo que signific\u00f3 la primera normalizaci\u00f3n en 50 a\u00f1os y que ratific\u00f3 la continuidad de Francisco Arguello (UOM) en la conducci\u00f3n de la regional de la central obrera.<\/span><\/p>\n<p><span style=\"font-weight: 400;\">Por otro lado, el martes pasado se realiz\u00f3 el plenario de la delegaci\u00f3n de R\u00edo Cuarto, en la sede de la Uni\u00f3n Obrera Metal\u00fargica (UOM), contando con la participaci\u00f3n de m\u00e1s de 150 trabajadores de 32 sindicatos para ratificar la conducci\u00f3n de Ricardo Magallanes (UOM) como delegado regional.<\/span><\/p>\n<p><span style=\"font-weight: 400;\">Micr\u00f3fono en mano, Otero advirti\u00f3 en el encuentro que \u201cdespu\u00e9s de 4 a\u00f1os de macrismo, hay algunos en C\u00f3rdoba que todav\u00eda no entendieron. Est\u00e1n dividiendo al movimiento obrero\u201d, en referencia a la CGT Regional C\u00f3rdoba, intervenida por la CGT nacional el pasado 28 de julio.<\/span><\/p>\n<\/div>\n<\/div>\n","protected":false},"excerpt":{"rendered":"<p>Las centrales de Bell Ville y R\u00edo Cuarto se suman a las casi 40 regionales normalizadas. Las regionales de R\u00edo Cuarto y Bell Ville de la Confederaci\u00f3n General del Trabajo (CGT) normalizaron sus delegaciones, sum\u00e1ndose as\u00ed a Villa Mar\u00eda y a numerosas regionales en todo el pa\u00eds. En ambas ocasiones el proceso ocurri\u00f3 con la [&hellip;]<\/p>\n","protected":false},"author":2,"featured_media":6428,"comment_status":"open","ping_status":"open","sticky":false,"template":"","format":"standard","meta":{"_exactmetrics_skip_tracking":false,"_exactmetrics_sitenote_active":false,"_exactmetrics_sitenote_note":"","_exactmetrics_sitenote_category":0,"jnews-multi-image_gallery":[],"jnews_single_post":{"source_name":"","source_url":"","via_name":"","via_url":"","override_template":"0","override":[{"template":"1","single_blog_custom":"","parallax":"1","fullscreen":"1","layout":"right-sidebar","sidebar":"default-sidebar","second_sidebar":"default-sidebar","sticky_sidebar":"1","share_position":"top","share_float_style":"share-monocrhome","show_share_counter":"1","show_view_counter":"1","show_featured":"1","show_post_meta":"1","show_post_author":"1","show_post_author_image":"1","show_post_date":"1","post_date_format":"default","post_date_format_custom":"Y\/m\/d","show_post_category":"1","show_post_reading_time":"0","post_reading_time_wpm":"300","show_zoom_button":"0","zoom_button_out_step":"2","zoom_button_in_step":"3","show_post_tag":"1","show_prev_next_post":"1","show_popup_post":"1","number_popup_post":"1","show_author_box":"0","show_post_related":"0","show_inline_post_related":"0"}],"override_image_size":"0","image_override":[{"single_post_thumbnail_size":"crop-500","single_post_gallery_size":"crop-500"}],"trending_post":"0","trending_post_position":"meta","trending_post_label":"Trending","sponsored_post":"0","sponsored_post_label":"Sponsored by","sponsored_post_name":"","sponsored_post_url":"","sponsored_post_logo_enable":"0","sponsored_post_logo":"","sponsored_post_desc":""},"jnews_primary_category":{"id":"22"},"jnews_social_meta":{"fb_title":"","fb_description":"","fb_image":"","twitter_title":"","twitter_description":"","twitter_image":""},"jnews_override_counter":{"override_view_counter":"0","view_counter_number":"0","override_share_counter":"0","share_counter_number":"0","override_like_counter":"0","like_counter_number":"0","override_dislike_counter":"0","dislike_counter_number":"0"},"_joinchat":[],"footnotes":""},"categories":[22],"tags":[190,261,35],"class_list":["post-6427","post","type-post","status-publish","format-standard","has-post-thumbnail","hentry","category-actualidad","tag-cgt","tag-edicion-96","tag-trabajadores"],"_links":{"self":[{"href":"https:\/\/tribunavm.com.ar\/index.php\/wp-json\/wp\/v2\/posts\/6427"}],"collection":[{"href":"https:\/\/tribunavm.com.ar\/index.php\/wp-json\/wp\/v2\/posts"}],"about":[{"href":"https:\/\/tribunavm.com.ar\/index.php\/wp-json\/wp\/v2\/types\/post"}],"author":[{"embeddable":true,"href":"https:\/\/tribunavm.com.ar\/index.php\/wp-json\/wp\/v2\/users\/2"}],"replies":[{"embeddable":true,"href":"https:\/\/tribunavm.com.ar\/index.php\/wp-json\/wp\/v2\/comments?post=6427"}],"version-history":[{"count":1,"href":"https:\/\/tribunavm.com.ar\/index.php\/wp-json\/wp\/v2\/posts\/6427\/revisions"}],"predecessor-version":[{"id":6429,"href":"https:\/\/tribunavm.com.ar\/index.php\/wp-json\/wp\/v2\/posts\/6427\/revisions\/6429"}],"wp:featuredmedia":[{"embeddable":true,"href":"https:\/\/tribunavm.com.ar\/index.php\/wp-json\/wp\/v2\/media\/6428"}],"wp:attachment":[{"href":"https:\/\/tribunavm.com.ar\/index.php\/wp-json\/wp\/v2\/media?parent=6427"}],"wp:term":[{"taxonomy":"category","embeddable":true,"href":"https:\/\/tribunavm.com.ar\/index.php\/wp-json\/wp\/v2\/categories?post=6427"},{"taxonomy":"post_tag","embeddable":true,"href":"https:\/\/tribunavm.com.ar\/index.php\/wp-json\/wp\/v2\/tags?post=6427"}],"curies":[{"name":"wp","href":"https:\/\/api.w.org\/{rel}","templated":true}]}}