{"id":6434,"date":"2022-08-29T02:44:10","date_gmt":"2022-08-29T02:44:10","guid":{"rendered":"https:\/\/tribunavm.com.ar\/?p=6434"},"modified":"2022-08-29T02:44:23","modified_gmt":"2022-08-29T02:44:23","slug":"movilizacion-de-uepc-en-villa-maria","status":"publish","type":"post","link":"https:\/\/tribunavm.com.ar\/index.php\/2022\/08\/29\/movilizacion-de-uepc-en-villa-maria\/","title":{"rendered":"Movilizaci\u00f3n de UEPC en Villa Mar\u00eda"},"content":{"rendered":"<div class=\"row clearfix\">\n<div class=\"col-md-8\">\n<div class=\"intro-text\">\n<p><span style=\"font-weight: 400;\">Docentes reclamaron contra la propuesta salarial ofrecida por el Gobierno provincial. Se aviva la discusi\u00f3n luego de rechazarla nuevamente en asamblea.<\/span><\/p>\n<\/div>\n<p><span style=\"font-weight: 400;\"><span class=\"dropcap \" style=\"background-color: #ffffff; color: #dd9933; border-color: #ffffff;\">E<\/span>l jueves pasado los docentes nucleados en la Uni\u00f3n de Educadores de la Provincia de C\u00f3rdoba (UEPC) marcharon por la ciudad. El motivo fue rechazar la \u00faltima propuesta salarial ofrecida por la patronal (Gobierno de la Provincia).<\/span><\/p>\n<p><span style=\"font-weight: 400;\">Con c\u00e1nticos contra el gobernador Schiaretti y arengando la lucha, m\u00e1s de 200 docentes expresaron su descontento en una movilizaci\u00f3n que arranc\u00f3 desde la sede de UEPC (San Mart\u00edn 469) y concluy\u00f3 con una asamblea frente a Plaza Centenario.<\/span><\/p>\n<p><span style=\"font-weight: 400;\">En di\u00e1logo con Tribuna, Carlos Andrada, secretario de UEPC San Mart\u00edn coment\u00f3 que hab\u00edan \u201cresuelto hacer una movilizaci\u00f3n en Villa Mar\u00eda contra la irresponsabilidad del gobernador porque esta discusi\u00f3n salarial deber\u00eda haber sido convocada en julio\u201d. Y a\u00f1adi\u00f3 que \u201cen enero del 2023 estar\u00edamos cobrando un aumento del enero pasado en el marco de un avance inflacionario\u201d. Se hicieron presentes integrantes de la CGT y la CTA Aut\u00f3noma local para apoyar la movilizaci\u00f3n.<\/span><\/p>\n<p><span style=\"font-weight: 400;\">En ese marco, Edgardo Garmendia de la CGT nos coment\u00f3 que \u201cla educaci\u00f3n es el factor que rompe las cadenas de la esclavitud. Estamos teniendo salarios que no son acordes a la situaci\u00f3n inflacionaria del pa\u00eds. Hay salarios que no llegan a cubrir una canasta b\u00e1sica\u201d<\/span><\/p>\n<p><img loading=\"lazy\" decoding=\"async\" class=\"aligncenter size-full wp-image-6435\" src=\"https:\/\/tribunavm.com.ar\/wp-content\/uploads\/2022\/08\/DECLARACIONES-garmendia-godoy-scaled.jpg\" alt=\"\" width=\"2560\" height=\"1707\" srcset=\"https:\/\/tribunavm.com.ar\/wp-content\/uploads\/2022\/08\/DECLARACIONES-garmendia-godoy-scaled.jpg 2560w, https:\/\/tribunavm.com.ar\/wp-content\/uploads\/2022\/08\/DECLARACIONES-garmendia-godoy-300x200.jpg 300w, https:\/\/tribunavm.com.ar\/wp-content\/uploads\/2022\/08\/DECLARACIONES-garmendia-godoy-1024x683.jpg 1024w, https:\/\/tribunavm.com.ar\/wp-content\/uploads\/2022\/08\/DECLARACIONES-garmendia-godoy-768x512.jpg 768w, https:\/\/tribunavm.com.ar\/wp-content\/uploads\/2022\/08\/DECLARACIONES-garmendia-godoy-1536x1024.jpg 1536w, https:\/\/tribunavm.com.ar\/wp-content\/uploads\/2022\/08\/DECLARACIONES-garmendia-godoy-2048x1365.jpg 2048w, https:\/\/tribunavm.com.ar\/wp-content\/uploads\/2022\/08\/DECLARACIONES-garmendia-godoy-750x500.jpg 750w, https:\/\/tribunavm.com.ar\/wp-content\/uploads\/2022\/08\/DECLARACIONES-garmendia-godoy-1140x760.jpg 1140w\" sizes=\"(max-width: 2560px) 100vw, 2560px\" \/><\/p>\n<p><span style=\"font-weight: 400;\">Por su parte, \u201cTito\u201d Godoy de CTA expres\u00f3 que en este contexto de pobreza \u201cel problema es el arreglo con el Fondo Monetario que ya se est\u00e1 dando a conocer con el \u00faltimo decreto d\u00f3nde reducen las partidas presupuestarias para educaci\u00f3n, salud y vivienda\u201d.<\/span><\/p>\n<p><img loading=\"lazy\" decoding=\"async\" class=\"aligncenter size-full wp-image-6424\" src=\"https:\/\/tribunavm.com.ar\/wp-content\/uploads\/2022\/08\/adentro-UEPC.jpg\" alt=\"\" width=\"1200\" height=\"1200\" srcset=\"https:\/\/tribunavm.com.ar\/wp-content\/uploads\/2022\/08\/adentro-UEPC.jpg 1200w, https:\/\/tribunavm.com.ar\/wp-content\/uploads\/2022\/08\/adentro-UEPC-300x300.jpg 300w, https:\/\/tribunavm.com.ar\/wp-content\/uploads\/2022\/08\/adentro-UEPC-1024x1024.jpg 1024w, https:\/\/tribunavm.com.ar\/wp-content\/uploads\/2022\/08\/adentro-UEPC-150x150.jpg 150w, https:\/\/tribunavm.com.ar\/wp-content\/uploads\/2022\/08\/adentro-UEPC-768x768.jpg 768w, https:\/\/tribunavm.com.ar\/wp-content\/uploads\/2022\/08\/adentro-UEPC-75x75.jpg 75w, https:\/\/tribunavm.com.ar\/wp-content\/uploads\/2022\/08\/adentro-UEPC-750x750.jpg 750w, https:\/\/tribunavm.com.ar\/wp-content\/uploads\/2022\/08\/adentro-UEPC-1140x1140.jpg 1140w\" sizes=\"(max-width: 1200px) 100vw, 1200px\" \/><\/p>\n<p><span style=\"font-weight: 400;\">El viernes en asamblea provincial de docentes se defini\u00f3 rechazar por segunda vez la propuesta ofrecida. Adem\u00e1s se activ\u00f3 un plan de lucha con asambleas, paro y movilizaci\u00f3n a la Capital el mi\u00e9rcoles pr\u00f3ximo.<\/span><\/p>\n<\/div>\n<\/div>\n","protected":false},"excerpt":{"rendered":"<p>Docentes reclamaron contra la propuesta salarial ofrecida por el Gobierno provincial. Se aviva la discusi\u00f3n luego de rechazarla nuevamente en asamblea. El jueves pasado los docentes nucleados en la Uni\u00f3n de Educadores de la Provincia de C\u00f3rdoba (UEPC) marcharon por la ciudad. El motivo fue rechazar la \u00faltima propuesta salarial ofrecida por la patronal (Gobierno [&hellip;]<\/p>\n","protected":false},"author":2,"featured_media":6436,"comment_status":"open","ping_status":"open","sticky":false,"template":"","format":"standard","meta":{"_exactmetrics_skip_tracking":false,"_exactmetrics_sitenote_active":false,"_exactmetrics_sitenote_note":"","_exactmetrics_sitenote_category":0,"jnews-multi-image_gallery":[],"jnews_single_post":{"source_name":"","source_url":"","via_name":"","via_url":"","override_template":"0","override":[{"template":"1","single_blog_custom":"","parallax":"1","fullscreen":"1","layout":"right-sidebar","sidebar":"default-sidebar","second_sidebar":"default-sidebar","sticky_sidebar":"1","share_position":"top","share_float_style":"share-monocrhome","show_share_counter":"1","show_view_counter":"1","show_featured":"1","show_post_meta":"1","show_post_author":"1","show_post_author_image":"1","show_post_date":"1","post_date_format":"default","post_date_format_custom":"Y\/m\/d","show_post_category":"1","show_post_reading_time":"0","post_reading_time_wpm":"300","show_zoom_button":"0","zoom_button_out_step":"2","zoom_button_in_step":"3","show_post_tag":"1","show_prev_next_post":"1","show_popup_post":"1","number_popup_post":"1","show_author_box":"0","show_post_related":"0","show_inline_post_related":"0"}],"override_image_size":"0","image_override":[{"single_post_thumbnail_size":"crop-500","single_post_gallery_size":"crop-500"}],"trending_post":"0","trending_post_position":"meta","trending_post_label":"Trending","sponsored_post":"0","sponsored_post_label":"Sponsored by","sponsored_post_name":"","sponsored_post_url":"","sponsored_post_logo_enable":"0","sponsored_post_logo":"","sponsored_post_desc":""},"jnews_primary_category":{"id":"22"},"jnews_social_meta":{"fb_title":"","fb_description":"","fb_image":"","twitter_title":"","twitter_description":"","twitter_image":""},"jnews_override_counter":{"override_view_counter":"0","view_counter_number":"0","override_share_counter":"0","share_counter_number":"0","override_like_counter":"0","like_counter_number":"0","override_dislike_counter":"0","dislike_counter_number":"0"},"_joinchat":[],"footnotes":""},"categories":[22],"tags":[181,261,85,35],"class_list":["post-6434","post","type-post","status-publish","format-standard","has-post-thumbnail","hentry","category-actualidad","tag-docentes","tag-edicion-96","tag-movilizaciones","tag-trabajadores"],"_links":{"self":[{"href":"https:\/\/tribunavm.com.ar\/index.php\/wp-json\/wp\/v2\/posts\/6434"}],"collection":[{"href":"https:\/\/tribunavm.com.ar\/index.php\/wp-json\/wp\/v2\/posts"}],"about":[{"href":"https:\/\/tribunavm.com.ar\/index.php\/wp-json\/wp\/v2\/types\/post"}],"author":[{"embeddable":true,"href":"https:\/\/tribunavm.com.ar\/index.php\/wp-json\/wp\/v2\/users\/2"}],"replies":[{"embeddable":true,"href":"https:\/\/tribunavm.com.ar\/index.php\/wp-json\/wp\/v2\/comments?post=6434"}],"version-history":[{"count":2,"href":"https:\/\/tribunavm.com.ar\/index.php\/wp-json\/wp\/v2\/posts\/6434\/revisions"}],"predecessor-version":[{"id":6438,"href":"https:\/\/tribunavm.com.ar\/index.php\/wp-json\/wp\/v2\/posts\/6434\/revisions\/6438"}],"wp:featuredmedia":[{"embeddable":true,"href":"https:\/\/tribunavm.com.ar\/index.php\/wp-json\/wp\/v2\/media\/6436"}],"wp:attachment":[{"href":"https:\/\/tribunavm.com.ar\/index.php\/wp-json\/wp\/v2\/media?parent=6434"}],"wp:term":[{"taxonomy":"category","embeddable":true,"href":"https:\/\/tribunavm.com.ar\/index.php\/wp-json\/wp\/v2\/categories?post=6434"},{"taxonomy":"post_tag","embeddable":true,"href":"https:\/\/tribunavm.com.ar\/index.php\/wp-json\/wp\/v2\/tags?post=6434"}],"curies":[{"name":"wp","href":"https:\/\/api.w.org\/{rel}","templated":true}]}}