{"id":6439,"date":"2022-08-29T03:02:13","date_gmt":"2022-08-29T03:02:13","guid":{"rendered":"https:\/\/tribunavm.com.ar\/?p=6439"},"modified":"2022-08-29T03:02:13","modified_gmt":"2022-08-29T03:02:13","slug":"ajuste-presupuestario","status":"publish","type":"post","link":"https:\/\/tribunavm.com.ar\/index.php\/2022\/08\/29\/ajuste-presupuestario\/","title":{"rendered":"Ajuste presupuestario"},"content":{"rendered":"<div class=\"row clearfix\">\n<div class=\"col-md-8\">\n<div class=\"intro-text\">\n<p><span style=\"font-weight: 400;\">Con las firmas de Massa y Manzur, el gobierno transfiri\u00f3 recursos de educaci\u00f3n, salud y viviendas al Tesoro Nacional para el pago de deuda.<\/span><\/p>\n<\/div>\n<p><span style=\"font-weight: 400;\"><span class=\"dropcap \" style=\"background-color: #ffffff; color: #dd9933; border-color: #ffffff;\">A<\/span> trav\u00e9s de la Decisi\u00f3n 826, publicada en el Bolet\u00edn Oficial, el Gobierno dispuso de un ajuste de $210.000 millones de partidas destinadas a seis ministerios.<\/span><\/p>\n<p><span style=\"font-weight: 400;\">El recorte, firmado por el ministro de Econom\u00eda, Sergio Massa y el jefe de Gabinete, Juan Manzur, afect\u00f3 a su vez a $20.000 millones de las arcas provinciales, que figuraban bajo el presupuesto asignado al Ministerio de Educaci\u00f3n que iba a ser transferido luego a las provincias.<\/span><\/p>\n<p><span style=\"font-weight: 400;\">En Educaci\u00f3n, el Tesoro determin\u00f3 un recorte de $70.000 millones de la cartera, de los cuales $50.000 millones eran del programa Conectar Igualdad. Otros $15.000 millones eran\u00a0 del programa de \u201cFortalecimiento edilicio de jardines infantiles\u201d y $5.000 millones una asignada originalmente a \u201cinfraestructura y equipamiento\u201d.<\/span><\/p>\n<p><span style=\"font-weight: 400;\">A su vez, el presupuesto para el Ministerio de Salud se vio reducido en $10.000 millones para una partida que estaba destinada a la compra de productos farmac\u00e9uticos y medicinales, bajo el Programa de Prevenci\u00f3n y Control de Enfermedades Transmisibles e Inmunoprevenibles.<\/span><\/p>\n<p><span style=\"font-weight: 400;\">El Tesoro tambi\u00e9n ajust\u00f3 las cuentas en $50.000 millones de las transferencias destinadas al Ministerio de Desarrollo Territorial y H\u00e1bitat, recursos direccionados espec\u00edficamente al programa de construcci\u00f3n de viviendas Procrear.<\/span><\/p>\n<p><span style=\"font-weight: 400;\">La sangr\u00eda de recursos se completa con las partidas presupuestarias por $70.000 de la Secretar\u00eda de Desarrollo Productivo, $10.000 millones del Ministerio de Transporte y $20.000 de la cartera de Obras P\u00fablicas.<\/span><\/p>\n<p><span style=\"font-weight: 400;\">En un comunicado, el Ministerio de Econom\u00eda aclar\u00f3 que su prioridad es el ordenamiento fiscal, justificando que los fondos son \u201cpartidas presupuestarias que no fueron ejecutadas a la fecha, por razones particulares de la gesti\u00f3n\u201d.<\/span><\/p>\n<p><span style=\"font-weight: 400;\">En paralelo, se sumaron $82.000 millones a las Obligaciones a cargo del Tesoro (que brinda asistencia financiera a diferentes jurisdicciones). As\u00ed, la reducci\u00f3n presupuestaria para la administraci\u00f3n ser\u00e1 de $128 mil millones, lo que representa el 0,17% del PBI.<\/span><\/p>\n<\/div>\n<\/div>\n","protected":false},"excerpt":{"rendered":"<p>Con las firmas de Massa y Manzur, el gobierno transfiri\u00f3 recursos de educaci\u00f3n, salud y viviendas al Tesoro Nacional para el pago de deuda. A trav\u00e9s de la Decisi\u00f3n 826, publicada en el Bolet\u00edn Oficial, el Gobierno dispuso de un ajuste de $210.000 millones de partidas destinadas a seis ministerios. El recorte, firmado por el [&hellip;]<\/p>\n","protected":false},"author":2,"featured_media":6440,"comment_status":"open","ping_status":"open","sticky":false,"template":"","format":"standard","meta":{"_exactmetrics_skip_tracking":false,"_exactmetrics_sitenote_active":false,"_exactmetrics_sitenote_note":"","_exactmetrics_sitenote_category":0,"jnews-multi-image_gallery":[],"jnews_single_post":{"source_name":"","source_url":"","via_name":"","via_url":"","override_template":"0","override":[{"template":"1","single_blog_custom":"","parallax":"1","fullscreen":"1","layout":"right-sidebar","sidebar":"default-sidebar","second_sidebar":"default-sidebar","sticky_sidebar":"1","share_position":"top","share_float_style":"share-monocrhome","show_share_counter":"1","show_view_counter":"1","show_featured":"1","show_post_meta":"1","show_post_author":"1","show_post_author_image":"1","show_post_date":"1","post_date_format":"default","post_date_format_custom":"Y\/m\/d","show_post_category":"1","show_post_reading_time":"0","post_reading_time_wpm":"300","show_zoom_button":"0","zoom_button_out_step":"2","zoom_button_in_step":"3","show_post_tag":"1","show_prev_next_post":"1","show_popup_post":"1","number_popup_post":"1","show_author_box":"0","show_post_related":"0","show_inline_post_related":"0"}],"override_image_size":"0","image_override":[{"single_post_thumbnail_size":"crop-500","single_post_gallery_size":"crop-500"}],"trending_post":"0","trending_post_position":"meta","trending_post_label":"Trending","sponsored_post":"0","sponsored_post_label":"Sponsored by","sponsored_post_name":"","sponsored_post_url":"","sponsored_post_logo_enable":"0","sponsored_post_logo":"","sponsored_post_desc":""},"jnews_primary_category":{"id":"22"},"jnews_social_meta":{"fb_title":"","fb_description":"","fb_image":"","twitter_title":"","twitter_description":"","twitter_image":""},"jnews_override_counter":{"override_view_counter":"0","view_counter_number":"0","override_share_counter":"0","share_counter_number":"0","override_like_counter":"0","like_counter_number":"0","override_dislike_counter":"0","dislike_counter_number":"0"},"_joinchat":[],"footnotes":""},"categories":[22],"tags":[261,52,39],"class_list":["post-6439","post","type-post","status-publish","format-standard","has-post-thumbnail","hentry","category-actualidad","tag-edicion-96","tag-finanzas","tag-gobierno"],"_links":{"self":[{"href":"https:\/\/tribunavm.com.ar\/index.php\/wp-json\/wp\/v2\/posts\/6439"}],"collection":[{"href":"https:\/\/tribunavm.com.ar\/index.php\/wp-json\/wp\/v2\/posts"}],"about":[{"href":"https:\/\/tribunavm.com.ar\/index.php\/wp-json\/wp\/v2\/types\/post"}],"author":[{"embeddable":true,"href":"https:\/\/tribunavm.com.ar\/index.php\/wp-json\/wp\/v2\/users\/2"}],"replies":[{"embeddable":true,"href":"https:\/\/tribunavm.com.ar\/index.php\/wp-json\/wp\/v2\/comments?post=6439"}],"version-history":[{"count":1,"href":"https:\/\/tribunavm.com.ar\/index.php\/wp-json\/wp\/v2\/posts\/6439\/revisions"}],"predecessor-version":[{"id":6441,"href":"https:\/\/tribunavm.com.ar\/index.php\/wp-json\/wp\/v2\/posts\/6439\/revisions\/6441"}],"wp:featuredmedia":[{"embeddable":true,"href":"https:\/\/tribunavm.com.ar\/index.php\/wp-json\/wp\/v2\/media\/6440"}],"wp:attachment":[{"href":"https:\/\/tribunavm.com.ar\/index.php\/wp-json\/wp\/v2\/media?parent=6439"}],"wp:term":[{"taxonomy":"category","embeddable":true,"href":"https:\/\/tribunavm.com.ar\/index.php\/wp-json\/wp\/v2\/categories?post=6439"},{"taxonomy":"post_tag","embeddable":true,"href":"https:\/\/tribunavm.com.ar\/index.php\/wp-json\/wp\/v2\/tags?post=6439"}],"curies":[{"name":"wp","href":"https:\/\/api.w.org\/{rel}","templated":true}]}}