{"id":6450,"date":"2022-08-29T03:11:19","date_gmt":"2022-08-29T03:11:19","guid":{"rendered":"https:\/\/tribunavm.com.ar\/?p=6450"},"modified":"2022-08-29T03:11:19","modified_gmt":"2022-08-29T03:11:19","slug":"la-prioridad-es-el-dolar","status":"publish","type":"post","link":"https:\/\/tribunavm.com.ar\/index.php\/2022\/08\/29\/la-prioridad-es-el-dolar\/","title":{"rendered":"La prioridad es el d\u00f3lar"},"content":{"rendered":"<div class=\"row clearfix\">\n<div class=\"col-md-8\">\n<div class=\"intro-text\">\n<p><span style=\"font-weight: 400;\">Con los cambios en la alianza de gobierno, las centrales rurales intensifican sus reclamos sobre la pol\u00edtica monetaria.<\/span><\/p>\n<\/div>\n<p><span style=\"font-weight: 400;\"><span class=\"dropcap \" style=\"background-color: #ffffff; color: #dd9933; border-color: #ffffff;\">T<\/span>ras su primer encuentro con el nuevo ministro de Econom\u00eda, Sergio Massa, en el parque industrial de Escobar, los dirigentes de la Mesa de Enlace presionan por imponer sus \u201cnecesidades\u201d en la agenda de medidas de gobierno.<\/span><\/p>\n<p><span style=\"font-weight: 400;\">Es as\u00ed como lo explicit\u00f3 Carlos Achetoni, presidente de Federaci\u00f3n Agraria Argentina (FAA), en el marco de la 7\u00aa jornada \u201cNegocios del campo\u201d, organizada por el diario La Nacion: \u201chay que ir hacia un sinceramiento del d\u00f3lar oficial, les gust\u00f3 dejarlo retrasado para sacarnos los granos al precio que se le antoje al Gobierno y lo dejaron retrasado con respecto a la inflaci\u00f3n\u201d.<\/span><\/p>\n<p><span style=\"font-weight: 400;\">La preocupaci\u00f3n sobre el d\u00f3lar fue retomada por Carlos Iannizzotto, presidente de Coninagro, en el 5\u00b0 Congreso de Coninagro, realizado en la Universidad Cat\u00f3lica Argentina (UCA): \u201cDebemos orientarnos hacia un sistema cambiario \u00fanico\u201d. Juan Jose Bahillo, designado en la Secretaria de Agricultura, atin\u00f3 a responder: \u201cVamos a ver hasta d\u00f3nde se puede dar respuesta\u201d.<\/span><\/p>\n<p><span style=\"font-weight: 400;\">Al d\u00eda siguiente, el ministro Massa visit\u00f3 la sede de Coninagro, entidad rural perteneciente a la Mesa de Enlace, donde afirm\u00f3 su intenci\u00f3n de no devaluar pero anticip\u00f3 que se conformar\u00e1 en el \u00e1mbito del Congreso una comisi\u00f3n que estudie una reforma tributaria integral.<\/span><\/p>\n<\/div>\n<\/div>\n","protected":false},"excerpt":{"rendered":"<p>Con los cambios en la alianza de gobierno, las centrales rurales intensifican sus reclamos sobre la pol\u00edtica monetaria. Tras su primer encuentro con el nuevo ministro de Econom\u00eda, Sergio Massa, en el parque industrial de Escobar, los dirigentes de la Mesa de Enlace presionan por imponer sus \u201cnecesidades\u201d en la agenda de medidas de gobierno. [&hellip;]<\/p>\n","protected":false},"author":2,"featured_media":6451,"comment_status":"open","ping_status":"open","sticky":false,"template":"","format":"standard","meta":{"_exactmetrics_skip_tracking":false,"_exactmetrics_sitenote_active":false,"_exactmetrics_sitenote_note":"","_exactmetrics_sitenote_category":0,"jnews-multi-image_gallery":[],"jnews_single_post":{"source_name":"","source_url":"","via_name":"","via_url":"","override_template":"0","override":[{"template":"1","single_blog_custom":"","parallax":"1","fullscreen":"1","layout":"right-sidebar","sidebar":"default-sidebar","second_sidebar":"default-sidebar","sticky_sidebar":"1","share_position":"top","share_float_style":"share-monocrhome","show_share_counter":"1","show_view_counter":"1","show_featured":"1","show_post_meta":"1","show_post_author":"1","show_post_author_image":"1","show_post_date":"1","post_date_format":"default","post_date_format_custom":"Y\/m\/d","show_post_category":"1","show_post_reading_time":"0","post_reading_time_wpm":"300","show_zoom_button":"0","zoom_button_out_step":"2","zoom_button_in_step":"3","show_post_tag":"1","show_prev_next_post":"1","show_popup_post":"1","number_popup_post":"1","show_author_box":"0","show_post_related":"0","show_inline_post_related":"0"}],"override_image_size":"0","image_override":[{"single_post_thumbnail_size":"crop-500","single_post_gallery_size":"crop-500"}],"trending_post":"0","trending_post_position":"meta","trending_post_label":"Trending","sponsored_post":"0","sponsored_post_label":"Sponsored by","sponsored_post_name":"","sponsored_post_url":"","sponsored_post_logo_enable":"0","sponsored_post_logo":"","sponsored_post_desc":""},"jnews_primary_category":{"id":"22"},"jnews_social_meta":{"fb_title":"","fb_description":"","fb_image":"","twitter_title":"","twitter_description":"","twitter_image":""},"jnews_override_counter":{"override_view_counter":"0","view_counter_number":"0","override_share_counter":"0","share_counter_number":"0","override_like_counter":"0","like_counter_number":"0","override_dislike_counter":"0","dislike_counter_number":"0"},"_joinchat":[],"footnotes":""},"categories":[22],"tags":[41,261,228],"class_list":["post-6450","post","type-post","status-publish","format-standard","has-post-thumbnail","hentry","category-actualidad","tag-agro","tag-edicion-96","tag-sector"],"_links":{"self":[{"href":"https:\/\/tribunavm.com.ar\/index.php\/wp-json\/wp\/v2\/posts\/6450"}],"collection":[{"href":"https:\/\/tribunavm.com.ar\/index.php\/wp-json\/wp\/v2\/posts"}],"about":[{"href":"https:\/\/tribunavm.com.ar\/index.php\/wp-json\/wp\/v2\/types\/post"}],"author":[{"embeddable":true,"href":"https:\/\/tribunavm.com.ar\/index.php\/wp-json\/wp\/v2\/users\/2"}],"replies":[{"embeddable":true,"href":"https:\/\/tribunavm.com.ar\/index.php\/wp-json\/wp\/v2\/comments?post=6450"}],"version-history":[{"count":1,"href":"https:\/\/tribunavm.com.ar\/index.php\/wp-json\/wp\/v2\/posts\/6450\/revisions"}],"predecessor-version":[{"id":6452,"href":"https:\/\/tribunavm.com.ar\/index.php\/wp-json\/wp\/v2\/posts\/6450\/revisions\/6452"}],"wp:featuredmedia":[{"embeddable":true,"href":"https:\/\/tribunavm.com.ar\/index.php\/wp-json\/wp\/v2\/media\/6451"}],"wp:attachment":[{"href":"https:\/\/tribunavm.com.ar\/index.php\/wp-json\/wp\/v2\/media?parent=6450"}],"wp:term":[{"taxonomy":"category","embeddable":true,"href":"https:\/\/tribunavm.com.ar\/index.php\/wp-json\/wp\/v2\/categories?post=6450"},{"taxonomy":"post_tag","embeddable":true,"href":"https:\/\/tribunavm.com.ar\/index.php\/wp-json\/wp\/v2\/tags?post=6450"}],"curies":[{"name":"wp","href":"https:\/\/api.w.org\/{rel}","templated":true}]}}