{"id":6507,"date":"2022-09-11T21:46:42","date_gmt":"2022-09-11T21:46:42","guid":{"rendered":"https:\/\/tribunavm.com.ar\/?p=6507"},"modified":"2022-09-11T21:51:53","modified_gmt":"2022-09-11T21:51:53","slug":"europa-trabajadores-denuncian-aumentos-de-tarifas","status":"publish","type":"post","link":"https:\/\/tribunavm.com.ar\/index.php\/2022\/09\/11\/europa-trabajadores-denuncian-aumentos-de-tarifas\/","title":{"rendered":"Europa: trabajadores denuncian aumentos de tarifas"},"content":{"rendered":"<div class=\"row clearfix\">\n<div class=\"col-md-8\">\n<div class=\"intro-text\">\n<p><span style=\"font-weight: 400;\">Con n\u00fameros r\u00e9cord de inflaci\u00f3n, los trabajadores quedan lejos de costear las tarifas de gas y luz con sus salarios. Piden congelamiento de tarifas.\u00a0\u00a0\u00a0<\/span><\/p>\n<\/div>\n<p><span style=\"font-weight: 400;\"><span class=\"dropcap \" style=\"background-color: #ffffff; color: #dd9933; border-color: #ffffff;\">L<\/span>a energ\u00eda (electricidad y combustibles), sumado a los alimentos,\u00a0 aumentan su precio mes a mes\u00a0 en el mercado europeo.\u00a0<\/span><\/p>\n<p><span style=\"font-weight: 400;\">Espa\u00f1a es uno de los pa\u00edses con mayor inflaci\u00f3n y problemas para controlar la escalada en la energ\u00eda el\u00e9ctrica. En un informe del Operador del Mercado Ib\u00e9rico de la Electricidad (OMIE), se dio a conocer que la energ\u00eda el\u00e9ctrica escal\u00f3 19% en el mes de agosto y rompi\u00f3 un nuevo r\u00e9cord hist\u00f3rico, situ\u00e1ndose en 307,80 euros el megavatio\/hora.<\/span><\/p>\n<p><span style=\"font-weight: 400;\">Acumulando tres meses seguidos de subidas y un encarecimiento que gira en 190% interanual, la inflaci\u00f3n se traslada a los dem\u00e1s bienes de primera necesidad. El \u00cdndice de Precios de Consumo (IPC) , enfrent\u00f3 una variaci\u00f3n anual del 10,4% en el mes de agosto, tercer mes consecutivo por encima de los dos d\u00edgitos, lo que no pasaba desde hace 34 a\u00f1os, seg\u00fan datos del Instituto Nacional de Estad\u00edstica (INE).<\/span><\/p>\n<p><span style=\"font-weight: 400;\">Adem\u00e1s, la OCDE (Organizaci\u00f3n para la Cooperaci\u00f3n y el Desarrollo Econ\u00f3micos), inform\u00f3 que los salarios se reducir\u00e1n un 4,4% en 2022, &#8220;El crecimiento de los salarios reales en Espa\u00f1a cay\u00f3 bruscamente en 2021 y se prev\u00e9 que siga cayendo un 4,4% en 2022&#8221;.<\/span><\/p>\n<h4><span style=\"color: #ff9900;\"><b>Fen\u00f3meno que atraviesa toda Europa.<\/b><\/span><\/h4>\n<p><span style=\"font-weight: 400;\">Los veintisiete pa\u00edses que integran la Uni\u00f3n Europea (UE), atraviesan un fen\u00f3meno inflacionario que rompe r\u00e9cord hist\u00f3ricos. La tasa de inflaci\u00f3n interanual de julio alcanz\u00f3 un nuevo m\u00e1ximo al ascender hasta el 9,8%.\u00a0<\/span><\/p>\n<figure id=\"attachment_6509\" aria-describedby=\"caption-attachment-6509\" style=\"width: 828px\" class=\"wp-caption aligncenter\"><img loading=\"lazy\" decoding=\"async\" class=\"size-full wp-image-6509\" src=\"https:\/\/tribunavm.com.ar\/wp-content\/uploads\/2022\/09\/La-inflacion-en-Europa.-Fuente_-Eurostat-y-elaboracion-diario-EL-PAIS.jpg\" alt=\"\" width=\"828\" height=\"713\" srcset=\"https:\/\/tribunavm.com.ar\/wp-content\/uploads\/2022\/09\/La-inflacion-en-Europa.-Fuente_-Eurostat-y-elaboracion-diario-EL-PAIS.jpg 828w, https:\/\/tribunavm.com.ar\/wp-content\/uploads\/2022\/09\/La-inflacion-en-Europa.-Fuente_-Eurostat-y-elaboracion-diario-EL-PAIS-300x258.jpg 300w, https:\/\/tribunavm.com.ar\/wp-content\/uploads\/2022\/09\/La-inflacion-en-Europa.-Fuente_-Eurostat-y-elaboracion-diario-EL-PAIS-768x661.jpg 768w, https:\/\/tribunavm.com.ar\/wp-content\/uploads\/2022\/09\/La-inflacion-en-Europa.-Fuente_-Eurostat-y-elaboracion-diario-EL-PAIS-750x646.jpg 750w\" sizes=\"(max-width: 828px) 100vw, 828px\" \/><figcaption id=\"caption-attachment-6509\" class=\"wp-caption-text\">La inflaci\u00f3n en Europa. Fuente: Eurostat y elaboraci\u00f3n diario EL PAIS<\/figcaption><\/figure>\n<p><span style=\"font-weight: 400;\">El foco principal est\u00e1 puesto en los aumentos de las tarifas el\u00e9ctricas y de gas que sufrieron un aumento interanual del 38% en toda Europa.\u00a0<\/span><\/p>\n<figure id=\"attachment_6510\" aria-describedby=\"caption-attachment-6510\" style=\"width: 300px\" class=\"wp-caption aligncenter\"><img loading=\"lazy\" decoding=\"async\" class=\"wp-image-6510 size-full\" src=\"https:\/\/tribunavm.com.ar\/wp-content\/uploads\/2022\/09\/Inflacion-por-sector.-Fuente-Diario-El-Pais.png\" alt=\"\" width=\"300\" height=\"493\" srcset=\"https:\/\/tribunavm.com.ar\/wp-content\/uploads\/2022\/09\/Inflacion-por-sector.-Fuente-Diario-El-Pais.png 300w, https:\/\/tribunavm.com.ar\/wp-content\/uploads\/2022\/09\/Inflacion-por-sector.-Fuente-Diario-El-Pais-183x300.png 183w\" sizes=\"(max-width: 300px) 100vw, 300px\" \/><figcaption id=\"caption-attachment-6510\" class=\"wp-caption-text\">Fuente: Diario El Pa\u00eds<\/figcaption><\/figure>\n<p><span style=\"font-weight: 400;\">Debido a esto, la Confederaci\u00f3n Europea de Sindicatos (ETUC) lanz\u00f3 un comunicado denunciando que \u201cel promedio de las facturas anuales de energ\u00eda es m\u00e1s alto que el salario m\u00ednimo\u201d.\u00a0<\/span><\/p>\n<p><span style=\"font-weight: 400;\">Otro comunicado del Instituto Sindical Europeo junto al centro de investigaci\u00f3n de la confederaci\u00f3n (ETUC), comentaron que \u201c9,5 millones de personas con trabajo ya ten\u00edan dificultades para pagar sus facturas de energ\u00eda antes de que la inflaci\u00f3n se disparara\u201d.<\/span><\/p>\n<p><span style=\"font-weight: 400;\">La ETUC present\u00f3 un plan de seis puntos que incluye demandas de aumentos salariales, pagos de emergencia, prohibici\u00f3n de desconexiones por falta de pago, un tope en el costo de las facturas y un impuesto sobre las ganancias excesivas que obtienen las empresas de energ\u00eda.<\/span><\/p>\n<p><a href=\"https:\/\/tribunavm.com.ar\/index.php\/2022\/09\/11\/aumento-de-tasas-y-minimo-historico-del-euro\/\"><span style=\"font-weight: 400; color: #ff9900;\">VER: AUMENTO DE TASAS DE INTERES (TRIBUNA)<\/span><\/a><\/p>\n<p><span style=\"font-weight: 400;\">Por su parte, el Banco Central Europeo (BCE), inform\u00f3 recientemente a trav\u00e9s de un comunicado que \u201cse deber\u00edan intensificar los esfuerzos para que las medidas compensatorias relacionadas con la energ\u00eda cada vez se destinen m\u00e1s a los hogares m\u00e1s vulnerables\u201d. A su vez, explic\u00f3 que <\/span><span style=\"font-weight: 400;\">\u201clos incentivos deber\u00edan dirigirse a reducir el uso de combustibles f\u00f3siles y la dependencia energ\u00e9tica de Rusia\u201d.\u00a0<\/span><\/p>\n<p><span style=\"font-weight: 400;\">En esa l\u00ednea, el Fondo Monetario Internacional (FMI), \u201crecomend\u00f3\u201d a los pa\u00edses europeos que \u201cabandonen las pol\u00edticas destinadas a subsidiar el coste de la energ\u00eda a nivel general, a cambio de centrarse en ayudar \u00fanicamente a los m\u00e1s pobres\u201d. <\/span><\/p>\n<\/div>\n<\/div>\n","protected":false},"excerpt":{"rendered":"<p>Con n\u00fameros r\u00e9cord de inflaci\u00f3n, los trabajadores quedan lejos de costear las tarifas de gas y luz con sus salarios. Piden congelamiento de tarifas.\u00a0\u00a0\u00a0 La energ\u00eda (electricidad y combustibles), sumado a los alimentos,\u00a0 aumentan su precio mes a mes\u00a0 en el mercado europeo.\u00a0 Espa\u00f1a es uno de los pa\u00edses con mayor inflaci\u00f3n y problemas para [&hellip;]<\/p>\n","protected":false},"author":2,"featured_media":6511,"comment_status":"open","ping_status":"open","sticky":false,"template":"","format":"standard","meta":{"_exactmetrics_skip_tracking":false,"_exactmetrics_sitenote_active":false,"_exactmetrics_sitenote_note":"","_exactmetrics_sitenote_category":0,"jnews-multi-image_gallery":[],"jnews_single_post":{"source_name":"","source_url":"","via_name":"","via_url":"","override_template":"0","override":[{"template":"1","single_blog_custom":"","parallax":"1","fullscreen":"1","layout":"right-sidebar","sidebar":"default-sidebar","second_sidebar":"default-sidebar","sticky_sidebar":"1","share_position":"top","share_float_style":"share-monocrhome","show_share_counter":"1","show_view_counter":"1","show_featured":"1","show_post_meta":"1","show_post_author":"1","show_post_author_image":"1","show_post_date":"1","post_date_format":"default","post_date_format_custom":"Y\/m\/d","show_post_category":"1","show_post_reading_time":"0","post_reading_time_wpm":"300","show_zoom_button":"0","zoom_button_out_step":"2","zoom_button_in_step":"3","show_post_tag":"1","show_prev_next_post":"1","show_popup_post":"1","number_popup_post":"1","show_author_box":"0","show_post_related":"0","show_inline_post_related":"0"}],"override_image_size":"0","image_override":[{"single_post_thumbnail_size":"crop-500","single_post_gallery_size":"crop-500"}],"trending_post":"0","trending_post_position":"meta","trending_post_label":"Trending","sponsored_post":"0","sponsored_post_label":"Sponsored by","sponsored_post_name":"","sponsored_post_url":"","sponsored_post_logo_enable":"0","sponsored_post_logo":"","sponsored_post_desc":""},"jnews_primary_category":{"id":"22"},"jnews_social_meta":{"fb_title":"","fb_description":"","fb_image":"","twitter_title":"","twitter_description":"","twitter_image":""},"jnews_override_counter":{"override_view_counter":"0","view_counter_number":"0","override_share_counter":"0","share_counter_number":"0","override_like_counter":"0","like_counter_number":"0","override_dislike_counter":"0","dislike_counter_number":"0"},"_joinchat":[],"footnotes":""},"categories":[22],"tags":[262,46,75],"class_list":["post-6507","post","type-post","status-publish","format-standard","has-post-thumbnail","hentry","category-actualidad","tag-edicion-97","tag-energia","tag-internacional"],"_links":{"self":[{"href":"https:\/\/tribunavm.com.ar\/index.php\/wp-json\/wp\/v2\/posts\/6507"}],"collection":[{"href":"https:\/\/tribunavm.com.ar\/index.php\/wp-json\/wp\/v2\/posts"}],"about":[{"href":"https:\/\/tribunavm.com.ar\/index.php\/wp-json\/wp\/v2\/types\/post"}],"author":[{"embeddable":true,"href":"https:\/\/tribunavm.com.ar\/index.php\/wp-json\/wp\/v2\/users\/2"}],"replies":[{"embeddable":true,"href":"https:\/\/tribunavm.com.ar\/index.php\/wp-json\/wp\/v2\/comments?post=6507"}],"version-history":[{"count":2,"href":"https:\/\/tribunavm.com.ar\/index.php\/wp-json\/wp\/v2\/posts\/6507\/revisions"}],"predecessor-version":[{"id":6517,"href":"https:\/\/tribunavm.com.ar\/index.php\/wp-json\/wp\/v2\/posts\/6507\/revisions\/6517"}],"wp:featuredmedia":[{"embeddable":true,"href":"https:\/\/tribunavm.com.ar\/index.php\/wp-json\/wp\/v2\/media\/6511"}],"wp:attachment":[{"href":"https:\/\/tribunavm.com.ar\/index.php\/wp-json\/wp\/v2\/media?parent=6507"}],"wp:term":[{"taxonomy":"category","embeddable":true,"href":"https:\/\/tribunavm.com.ar\/index.php\/wp-json\/wp\/v2\/categories?post=6507"},{"taxonomy":"post_tag","embeddable":true,"href":"https:\/\/tribunavm.com.ar\/index.php\/wp-json\/wp\/v2\/tags?post=6507"}],"curies":[{"name":"wp","href":"https:\/\/api.w.org\/{rel}","templated":true}]}}