{"id":6535,"date":"2022-09-11T22:22:54","date_gmt":"2022-09-11T22:22:54","guid":{"rendered":"https:\/\/tribunavm.com.ar\/?p=6535"},"modified":"2022-09-11T22:22:54","modified_gmt":"2022-09-11T22:22:54","slug":"nuevo-paro-en-el-bancor","status":"publish","type":"post","link":"https:\/\/tribunavm.com.ar\/index.php\/2022\/09\/11\/nuevo-paro-en-el-bancor\/","title":{"rendered":"Nuevo paro en el Bancor"},"content":{"rendered":"<div class=\"row clearfix\">\n<div class=\"col-md-8\">\n<div class=\"intro-text\">\n<p><span style=\"font-weight: 400;\">Los trabajadores reclaman por sus condiciones laborales. La entidad gremial defini\u00f3 un paro de 48 horas en la provincia de C\u00f3rdoba.\u00a0<\/span><\/p>\n<\/div>\n<p><span style=\"font-weight: 400;\"><span class=\"dropcap \" style=\"background-color: #ffffff; color: #dd9933; border-color: #ffffff;\">L<\/span>a Asociaci\u00f3n Bancaria de C\u00f3rdoba, dispuso un paro de actividades en todas las sucursales del Banco de la Provincia de C\u00f3rdoba (Bancor), los d\u00edas 14 y 15 de septiembre. La medida se llevar\u00e1 a cabo en las ciudades de Villa Mar\u00eda, C\u00f3rdoba, Marcos Ju\u00e1rez, R\u00edo Cuarto y San Francisco.\u00a0<\/span><\/p>\n<p><span style=\"font-weight: 400;\">La acci\u00f3n se har\u00e1 bajo la modalidad de asistencia a los lugares de trabajo, y enmarca reclamos de precarizaci\u00f3n y fraude laboral, falta de personal en todas las sucursales y falta de inversi\u00f3n en actualizaci\u00f3n de sistemas.<\/span><\/p>\n<p><span style=\"font-weight: 400;\">En este sentido, desde el gremio informaron que <\/span><i><span style=\"font-weight: 400;\">\u201cen forma paralela iniciaremos acciones legales en contra de los representantes del banco\u201d<\/span><\/i><span style=\"font-weight: 400;\">.\u00a0<\/span><\/p>\n<figure id=\"attachment_6536\" aria-describedby=\"caption-attachment-6536\" style=\"width: 600px\" class=\"wp-caption aligncenter\"><img loading=\"lazy\" decoding=\"async\" class=\"size-full wp-image-6536\" src=\"https:\/\/tribunavm.com.ar\/wp-content\/uploads\/2022\/09\/Fuente_-Villa-Mia-Vivo-banco-de-cordoba_central.jpeg\" alt=\"\" width=\"600\" height=\"400\" srcset=\"https:\/\/tribunavm.com.ar\/wp-content\/uploads\/2022\/09\/Fuente_-Villa-Mia-Vivo-banco-de-cordoba_central.jpeg 600w, https:\/\/tribunavm.com.ar\/wp-content\/uploads\/2022\/09\/Fuente_-Villa-Mia-Vivo-banco-de-cordoba_central-300x200.jpeg 300w\" sizes=\"(max-width: 600px) 100vw, 600px\" \/><figcaption id=\"caption-attachment-6536\" class=\"wp-caption-text\">Foto: Fuente Villa Mar\u00eda Vivo<\/figcaption><\/figure>\n<p><span style=\"font-weight: 400;\">\u201cLa indiferencia, las promesas incumplidas, el di\u00e1logo poco sincero, el menosprecio a los laburantes, la falta de acci\u00f3n ante el maltrato a los clientes y el desapego al cumplimiento de las normas laborales por parte de las autoridades del banco, son las causas que nos llevan a continuar y ahondar el plan de lucha\u201d, dijo en un comunicado La Bancaria.<\/span><\/p>\n<p><span style=\"font-weight: 400;\">Los trabajadores del Banco C\u00f3rdoba vienen reclamando desde mitad de a\u00f1o. El viernes 12 de agosto, <\/span><span style=\"color: #ff9900;\"><a style=\"color: #ff9900;\" href=\"https:\/\/tribunavm.com.ar\/index.php\/2022\/08\/15\/movilizacion-de-bancarios\/\"><span style=\"font-weight: 400;\">ya hab\u00edan llevado adelante un paro por 24 horas con movilizaci\u00f3n.<\/span><\/a><\/span><\/p>\n<\/div>\n<\/div>\n","protected":false},"excerpt":{"rendered":"<p>Los trabajadores reclaman por sus condiciones laborales. La entidad gremial defini\u00f3 un paro de 48 horas en la provincia de C\u00f3rdoba.\u00a0 La Asociaci\u00f3n Bancaria de C\u00f3rdoba, dispuso un paro de actividades en todas las sucursales del Banco de la Provincia de C\u00f3rdoba (Bancor), los d\u00edas 14 y 15 de septiembre. La medida se llevar\u00e1 a [&hellip;]<\/p>\n","protected":false},"author":2,"featured_media":6537,"comment_status":"open","ping_status":"open","sticky":false,"template":"","format":"standard","meta":{"_exactmetrics_skip_tracking":false,"_exactmetrics_sitenote_active":false,"_exactmetrics_sitenote_note":"","_exactmetrics_sitenote_category":0,"jnews-multi-image_gallery":[],"jnews_single_post":{"source_name":"","source_url":"","via_name":"","via_url":"","override_template":"0","override":[{"template":"1","single_blog_custom":"","parallax":"1","fullscreen":"1","layout":"right-sidebar","sidebar":"default-sidebar","second_sidebar":"default-sidebar","sticky_sidebar":"1","share_position":"top","share_float_style":"share-monocrhome","show_share_counter":"1","show_view_counter":"1","show_featured":"1","show_post_meta":"1","show_post_author":"1","show_post_author_image":"1","show_post_date":"1","post_date_format":"default","post_date_format_custom":"Y\/m\/d","show_post_category":"1","show_post_reading_time":"0","post_reading_time_wpm":"300","show_zoom_button":"0","zoom_button_out_step":"2","zoom_button_in_step":"3","show_post_tag":"1","show_prev_next_post":"1","show_popup_post":"1","number_popup_post":"1","show_author_box":"0","show_post_related":"0","show_inline_post_related":"0"}],"override_image_size":"0","image_override":[{"single_post_thumbnail_size":"crop-500","single_post_gallery_size":"crop-500"}],"trending_post":"0","trending_post_position":"meta","trending_post_label":"Trending","sponsored_post":"0","sponsored_post_label":"Sponsored by","sponsored_post_name":"","sponsored_post_url":"","sponsored_post_logo_enable":"0","sponsored_post_logo":"","sponsored_post_desc":""},"jnews_primary_category":{"id":"22"},"jnews_social_meta":{"fb_title":"","fb_description":"","fb_image":"","twitter_title":"","twitter_description":"","twitter_image":""},"jnews_override_counter":{"override_view_counter":"0","view_counter_number":"0","override_share_counter":"0","share_counter_number":"0","override_like_counter":"0","like_counter_number":"0","override_dislike_counter":"0","dislike_counter_number":"0"},"_joinchat":[],"footnotes":""},"categories":[22],"tags":[],"class_list":["post-6535","post","type-post","status-publish","format-standard","has-post-thumbnail","hentry","category-actualidad"],"_links":{"self":[{"href":"https:\/\/tribunavm.com.ar\/index.php\/wp-json\/wp\/v2\/posts\/6535"}],"collection":[{"href":"https:\/\/tribunavm.com.ar\/index.php\/wp-json\/wp\/v2\/posts"}],"about":[{"href":"https:\/\/tribunavm.com.ar\/index.php\/wp-json\/wp\/v2\/types\/post"}],"author":[{"embeddable":true,"href":"https:\/\/tribunavm.com.ar\/index.php\/wp-json\/wp\/v2\/users\/2"}],"replies":[{"embeddable":true,"href":"https:\/\/tribunavm.com.ar\/index.php\/wp-json\/wp\/v2\/comments?post=6535"}],"version-history":[{"count":1,"href":"https:\/\/tribunavm.com.ar\/index.php\/wp-json\/wp\/v2\/posts\/6535\/revisions"}],"predecessor-version":[{"id":6538,"href":"https:\/\/tribunavm.com.ar\/index.php\/wp-json\/wp\/v2\/posts\/6535\/revisions\/6538"}],"wp:featuredmedia":[{"embeddable":true,"href":"https:\/\/tribunavm.com.ar\/index.php\/wp-json\/wp\/v2\/media\/6537"}],"wp:attachment":[{"href":"https:\/\/tribunavm.com.ar\/index.php\/wp-json\/wp\/v2\/media?parent=6535"}],"wp:term":[{"taxonomy":"category","embeddable":true,"href":"https:\/\/tribunavm.com.ar\/index.php\/wp-json\/wp\/v2\/categories?post=6535"},{"taxonomy":"post_tag","embeddable":true,"href":"https:\/\/tribunavm.com.ar\/index.php\/wp-json\/wp\/v2\/tags?post=6535"}],"curies":[{"name":"wp","href":"https:\/\/api.w.org\/{rel}","templated":true}]}}