{"id":6607,"date":"2022-09-25T22:03:41","date_gmt":"2022-09-25T22:03:41","guid":{"rendered":"https:\/\/tribunavm.com.ar\/?p=6607"},"modified":"2022-09-25T22:07:19","modified_gmt":"2022-09-25T22:07:19","slug":"ola-de-huelgas-en-europa-y-ee-uu","status":"publish","type":"post","link":"https:\/\/tribunavm.com.ar\/index.php\/2022\/09\/25\/ola-de-huelgas-en-europa-y-ee-uu\/","title":{"rendered":"Ola de huelgas en Europa y EE.UU."},"content":{"rendered":"<div class=\"row clearfix\">\n<div class=\"col-md-8\">\n<p><span style=\"font-weight: 400;\"><span class=\"dropcap \" style=\"background-color: #ffffff; color: #dd9933; border-color: #ffffff;\">L<\/span>as condiciones de vida en los pa\u00edses centrales se siguen deteriorando y la crisis econ\u00f3mica-inflacionaria ha dado lugar a una ola de huelgas que ha marcado la agenda en Europa y EE.UU. a lo largo del a\u00f1o.\u00a0<\/span><\/p>\n<p><span style=\"font-weight: 400;\">En EE.UU. la movilizaci\u00f3n de los trabajadores ferroviarios puso en alerta al Gobierno de Biden, donde tuvo que intervenir para que los sindicatos y los empresarios llegar\u00e1n a un acuerdo. Las movilizaciones y los reclamos de los trabajadores del sector reclamaron condiciones de vida para las familias trabajadoras de Norteam\u00e9rica deterioradas por la escalada inflacionaria que alcanz\u00f3 el punto m\u00e1s alto en los \u00faltimos 41 a\u00f1os, y la falta de derechos laborales b\u00e1sicos.\u00a0<\/span><\/p>\n<p><span style=\"font-weight: 400;\">En Francia, se prepara a trav\u00e9s de las redes sociales,\u00a0 una movilizaci\u00f3n contra el Gobierno de Emmanuel Macron. La convocatoria se centra en el descontento por la subida de los precios que ha disparado el costo de vida en el pa\u00eds. En este marco de descontento, la CGT tambi\u00e9n lanz\u00f3 una convocatoria para manifestarse el 29 de septiembre.\u00a0<\/span><\/p>\n<p style=\"text-align: left;\"><span style=\"font-weight: 400;\">Entre los puntos, la central remarc\u00f3 \u201cla necesidad de un salario m\u00ednimo de 2.000 brutos (15 \u20ac la hora), igualdad laboral y salarial entre mujeres y hombres, reconocimiento de t\u00edtulos al momento de la contrataci\u00f3n y pago de la calificaci\u00f3n en el mismo nivel, incremento de las pensiones de los jubilados, asignaci\u00f3n de autonom\u00eda para estudiantes y j\u00f3venes en busca de su primer empleo, reducci\u00f3n del IVA al 5,5% en art\u00edculos de primera necesidad, reducci\u00f3n de los precios de los combustibles\u201d, entre otros.<\/span><\/p>\n<p><span style=\"font-weight: 400;\">Austria tambi\u00e9n se vi\u00f3 envuelta en movilizaciones cuando miles de ciudadanos acudieron a las calles de Viena, donde se estiman unos 20.000 participantes, y otras ciudades para reclamar por la suba de los precios del combustible, la energ\u00eda y los alimentos. En este marco, los manifestantes exclamaron: \u201chacemos ruido porque est\u00e1n robando nuestro futuro\u201d.<\/span><\/p>\n<p><span style=\"font-weight: 400;\">Tambi\u00e9n en B\u00e9lgica, el 21 de septiembre, cerca de 10.000 personas se reunieron en Bruselas para reclamar por el alza de precios del gas, la energ\u00eda, los alimentos y el costo de vida de las familias trabajadoras en general. En este marco cientos de pancartas expresaron el descontento con frases tales como \u201ctodo est\u00e1 subiendo, excepto los salarios\u201d y \u201cla vida es demasiado cara, queremos soluciones ahora\u201d.<\/span><\/p>\n<p>&nbsp;<\/p>\n<\/div>\n<\/div>\n","protected":false},"excerpt":{"rendered":"<p>Las condiciones de vida en los pa\u00edses centrales se siguen deteriorando y la crisis econ\u00f3mica-inflacionaria ha dado lugar a una ola de huelgas que ha marcado la agenda en Europa y EE.UU. a lo largo del a\u00f1o.\u00a0 En EE.UU. la movilizaci\u00f3n de los trabajadores ferroviarios puso en alerta al Gobierno de Biden, donde tuvo que [&hellip;]<\/p>\n","protected":false},"author":2,"featured_media":6609,"comment_status":"open","ping_status":"open","sticky":false,"template":"","format":"standard","meta":{"_exactmetrics_skip_tracking":false,"_exactmetrics_sitenote_active":false,"_exactmetrics_sitenote_note":"","_exactmetrics_sitenote_category":0,"jnews-multi-image_gallery":[],"jnews_single_post":{"source_name":"","source_url":"","via_name":"","via_url":"","override_template":"0","override":[{"template":"1","single_blog_custom":"","parallax":"1","fullscreen":"1","layout":"right-sidebar","sidebar":"default-sidebar","second_sidebar":"default-sidebar","sticky_sidebar":"1","share_position":"top","share_float_style":"share-monocrhome","show_share_counter":"1","show_view_counter":"1","show_featured":"1","show_post_meta":"1","show_post_author":"1","show_post_author_image":"1","show_post_date":"1","post_date_format":"default","post_date_format_custom":"Y\/m\/d","show_post_category":"1","show_post_reading_time":"0","post_reading_time_wpm":"300","show_zoom_button":"0","zoom_button_out_step":"2","zoom_button_in_step":"3","show_post_tag":"1","show_prev_next_post":"1","show_popup_post":"1","number_popup_post":"1","show_author_box":"0","show_post_related":"0","show_inline_post_related":"0"}],"override_image_size":"0","image_override":[{"single_post_thumbnail_size":"crop-500","single_post_gallery_size":"crop-500"}],"trending_post":"0","trending_post_position":"meta","trending_post_label":"Trending","sponsored_post":"0","sponsored_post_label":"Sponsored by","sponsored_post_name":"","sponsored_post_url":"","sponsored_post_logo_enable":"0","sponsored_post_logo":"","sponsored_post_desc":""},"jnews_primary_category":{"id":"22"},"jnews_social_meta":{"fb_title":"","fb_description":"","fb_image":"","twitter_title":"","twitter_description":"","twitter_image":""},"jnews_override_counter":{"override_view_counter":"0","view_counter_number":"0","override_share_counter":"0","share_counter_number":"0","override_like_counter":"0","like_counter_number":"0","override_dislike_counter":"0","dislike_counter_number":"0"},"_joinchat":[],"footnotes":""},"categories":[22],"tags":[183,263,75,85,35],"class_list":["post-6607","post","type-post","status-publish","format-standard","has-post-thumbnail","hentry","category-actualidad","tag-condiciones-de-trabajo","tag-edicion-98","tag-internacional","tag-movilizaciones","tag-trabajadores"],"_links":{"self":[{"href":"https:\/\/tribunavm.com.ar\/index.php\/wp-json\/wp\/v2\/posts\/6607"}],"collection":[{"href":"https:\/\/tribunavm.com.ar\/index.php\/wp-json\/wp\/v2\/posts"}],"about":[{"href":"https:\/\/tribunavm.com.ar\/index.php\/wp-json\/wp\/v2\/types\/post"}],"author":[{"embeddable":true,"href":"https:\/\/tribunavm.com.ar\/index.php\/wp-json\/wp\/v2\/users\/2"}],"replies":[{"embeddable":true,"href":"https:\/\/tribunavm.com.ar\/index.php\/wp-json\/wp\/v2\/comments?post=6607"}],"version-history":[{"count":1,"href":"https:\/\/tribunavm.com.ar\/index.php\/wp-json\/wp\/v2\/posts\/6607\/revisions"}],"predecessor-version":[{"id":6610,"href":"https:\/\/tribunavm.com.ar\/index.php\/wp-json\/wp\/v2\/posts\/6607\/revisions\/6610"}],"wp:featuredmedia":[{"embeddable":true,"href":"https:\/\/tribunavm.com.ar\/index.php\/wp-json\/wp\/v2\/media\/6609"}],"wp:attachment":[{"href":"https:\/\/tribunavm.com.ar\/index.php\/wp-json\/wp\/v2\/media?parent=6607"}],"wp:term":[{"taxonomy":"category","embeddable":true,"href":"https:\/\/tribunavm.com.ar\/index.php\/wp-json\/wp\/v2\/categories?post=6607"},{"taxonomy":"post_tag","embeddable":true,"href":"https:\/\/tribunavm.com.ar\/index.php\/wp-json\/wp\/v2\/tags?post=6607"}],"curies":[{"name":"wp","href":"https:\/\/api.w.org\/{rel}","templated":true}]}}