{"id":6647,"date":"2022-09-25T23:01:53","date_gmt":"2022-09-25T23:01:53","guid":{"rendered":"https:\/\/tribunavm.com.ar\/?p=6647"},"modified":"2022-09-25T23:01:53","modified_gmt":"2022-09-25T23:01:53","slug":"diputados-se-aproxima-el-debate-por-el-presupuesto-2023","status":"publish","type":"post","link":"https:\/\/tribunavm.com.ar\/index.php\/2022\/09\/25\/diputados-se-aproxima-el-debate-por-el-presupuesto-2023\/","title":{"rendered":"Diputados: se aproxima el debate por el Presupuesto 2023"},"content":{"rendered":"<div class=\"row clearfix\">\n<div class=\"col-md-8\">\n<p><span style=\"color: #212121; font-size: 1.5em; letter-spacing: -0.01em;\">Luego de atravesar el 2022 sin presupuesto aprobado, el Ministerio de Econom\u00eda envi\u00f3 al Congreso el Presupuesto 2023.<\/span><\/p>\n<p><span style=\"font-weight: 400;\"><span class=\"dropcap \" style=\"background-color: #ffffff; color: #dd9933; border-color: #ffffff;\">E<\/span>l proyecto contempla un gasto cercano a los 29 billones de pesos, un crecimiento del 2%, una inflaci\u00f3n estimada en el 60%, y un descenso del d\u00e9ficit fiscal del 2,5 al 1,9%. Este mi\u00e9rcoles el ministro de Econom\u00eda, Sergio Massa, presentar\u00e1 formalmente el texto en la C\u00e1mara de Diputados.<\/span><\/p>\n<p><span style=\"font-weight: 400;\">En los fundamentos de la presentaci\u00f3n, el gobierno se\u00f1ala que el &#8220;presupuesto que se presenta propende a la estabilidad macroecon\u00f3mica, a la recomposici\u00f3n del poder adquisitivo de los ingresos y al fortalecimiento del mercado interno&#8221;.<\/span><\/p>\n<p><span style=\"font-weight: 400;\">A su vez, precisaron que la proyecci\u00f3n de d\u00e9ficit primario ser\u00e1 equivalente al 1,9% del PBI, contra el 2,5% previsto para 2022, en l\u00ednea con el compromiso asumido por el Gobierno en el acuerdo firmado con el Fondo Monetario Internacional (FMI) en marzo pasado. Esta baja se realizar\u00e1 a partir de una reducci\u00f3n de los subsidios y la eliminaci\u00f3n de algunas excepciones impositivas vigentes.<\/span><\/p>\n<p><span style=\"font-weight: 400;\">Entre las \u00e1reas afectadas, el presupuesto destinado a las universidades determina una asignaci\u00f3n de $ 752.482.394.720. En comparaci\u00f3n con el presupuesto que se ejecutar\u00e1 este a\u00f1o, esta asignaci\u00f3n a universidades tendr\u00e1 un incremento nominal del 44%. Considerando la proyecci\u00f3n de inflaci\u00f3n, el proyecto implicar\u00eda un recorte de un 10%.<\/span><\/p>\n<p><span style=\"font-weight: 400;\">El PBI pasar\u00eda de crecer 4% en el a\u00f1o en curso a 2% en 2023. En ese sentido, se prev\u00e9 una menor expansi\u00f3n de la inversi\u00f3n, que pasar\u00eda de crecer 10% a 2,9%. Tambi\u00e9n se desacelerar\u00eda el consumo privado pasando de un aumento de 6,5% en el a\u00f1o en curso a un incremento de 2% el pr\u00f3ximo.<\/span><\/p>\n<p><span style=\"font-weight: 400;\">Esta ca\u00edda se ver\u00eda compensada por el aumento que se espera en las exportaciones, de 7,1%, contra las importaciones que aumentar\u00edan 2%. De esta manera, el super\u00e1vit comercial pasar\u00eda de 7.751 millones de d\u00f3lares en 2022 a 12.347 millones en 2023.<\/span><\/p>\n<p><span style=\"font-weight: 400;\">Con respecto al tipo de cambio, se espera que hacia diciembre pr\u00f3ximo el d\u00f3lar oficial se ubique en 166,50 pesos por d\u00f3lar y que aumente a 269,90 hacia fines del a\u00f1o que viene.<\/span><\/p>\n<\/div>\n<\/div>\n","protected":false},"excerpt":{"rendered":"<p>Luego de atravesar el 2022 sin presupuesto aprobado, el Ministerio de Econom\u00eda envi\u00f3 al Congreso el Presupuesto 2023. El proyecto contempla un gasto cercano a los 29 billones de pesos, un crecimiento del 2%, una inflaci\u00f3n estimada en el 60%, y un descenso del d\u00e9ficit fiscal del 2,5 al 1,9%. Este mi\u00e9rcoles el ministro de [&hellip;]<\/p>\n","protected":false},"author":2,"featured_media":6648,"comment_status":"open","ping_status":"open","sticky":false,"template":"","format":"standard","meta":{"_exactmetrics_skip_tracking":false,"_exactmetrics_sitenote_active":false,"_exactmetrics_sitenote_note":"","_exactmetrics_sitenote_category":0,"jnews-multi-image_gallery":[],"jnews_single_post":{"source_name":"","source_url":"","via_name":"","via_url":"","override_template":"0","override":[{"template":"1","single_blog_custom":"","parallax":"1","fullscreen":"1","layout":"right-sidebar","sidebar":"default-sidebar","second_sidebar":"default-sidebar","sticky_sidebar":"1","share_position":"top","share_float_style":"share-monocrhome","show_share_counter":"1","show_view_counter":"1","show_featured":"1","show_post_meta":"1","show_post_author":"1","show_post_author_image":"1","show_post_date":"1","post_date_format":"default","post_date_format_custom":"Y\/m\/d","show_post_category":"1","show_post_reading_time":"0","post_reading_time_wpm":"300","show_zoom_button":"0","zoom_button_out_step":"2","zoom_button_in_step":"3","show_post_tag":"1","show_prev_next_post":"1","show_popup_post":"1","number_popup_post":"1","show_author_box":"0","show_post_related":"0","show_inline_post_related":"0"}],"override_image_size":"0","image_override":[{"single_post_thumbnail_size":"crop-500","single_post_gallery_size":"crop-500"}],"trending_post":"0","trending_post_position":"meta","trending_post_label":"Trending","sponsored_post":"0","sponsored_post_label":"Sponsored by","sponsored_post_name":"","sponsored_post_url":"","sponsored_post_logo_enable":"0","sponsored_post_logo":"","sponsored_post_desc":""},"jnews_primary_category":{"id":"22"},"jnews_social_meta":{"fb_title":"","fb_description":"","fb_image":"","twitter_title":"","twitter_description":"","twitter_image":""},"jnews_override_counter":{"override_view_counter":"0","view_counter_number":"0","override_share_counter":"0","share_counter_number":"0","override_like_counter":"0","like_counter_number":"0","override_dislike_counter":"0","dislike_counter_number":"0"},"_joinchat":[],"footnotes":""},"categories":[22],"tags":[263,39],"class_list":["post-6647","post","type-post","status-publish","format-standard","has-post-thumbnail","hentry","category-actualidad","tag-edicion-98","tag-gobierno"],"_links":{"self":[{"href":"https:\/\/tribunavm.com.ar\/index.php\/wp-json\/wp\/v2\/posts\/6647"}],"collection":[{"href":"https:\/\/tribunavm.com.ar\/index.php\/wp-json\/wp\/v2\/posts"}],"about":[{"href":"https:\/\/tribunavm.com.ar\/index.php\/wp-json\/wp\/v2\/types\/post"}],"author":[{"embeddable":true,"href":"https:\/\/tribunavm.com.ar\/index.php\/wp-json\/wp\/v2\/users\/2"}],"replies":[{"embeddable":true,"href":"https:\/\/tribunavm.com.ar\/index.php\/wp-json\/wp\/v2\/comments?post=6647"}],"version-history":[{"count":1,"href":"https:\/\/tribunavm.com.ar\/index.php\/wp-json\/wp\/v2\/posts\/6647\/revisions"}],"predecessor-version":[{"id":6649,"href":"https:\/\/tribunavm.com.ar\/index.php\/wp-json\/wp\/v2\/posts\/6647\/revisions\/6649"}],"wp:featuredmedia":[{"embeddable":true,"href":"https:\/\/tribunavm.com.ar\/index.php\/wp-json\/wp\/v2\/media\/6648"}],"wp:attachment":[{"href":"https:\/\/tribunavm.com.ar\/index.php\/wp-json\/wp\/v2\/media?parent=6647"}],"wp:term":[{"taxonomy":"category","embeddable":true,"href":"https:\/\/tribunavm.com.ar\/index.php\/wp-json\/wp\/v2\/categories?post=6647"},{"taxonomy":"post_tag","embeddable":true,"href":"https:\/\/tribunavm.com.ar\/index.php\/wp-json\/wp\/v2\/tags?post=6647"}],"curies":[{"name":"wp","href":"https:\/\/api.w.org\/{rel}","templated":true}]}}