{"id":6653,"date":"2022-09-25T23:10:11","date_gmt":"2022-09-25T23:10:11","guid":{"rendered":"https:\/\/tribunavm.com.ar\/?p=6653"},"modified":"2022-09-25T23:10:11","modified_gmt":"2022-09-25T23:10:11","slug":"gobierno-promulga-beneficios-para-la-industria-automotriz","status":"publish","type":"post","link":"https:\/\/tribunavm.com.ar\/index.php\/2022\/09\/25\/gobierno-promulga-beneficios-para-la-industria-automotriz\/","title":{"rendered":"Gobierno promulga beneficios para la industria automotriz"},"content":{"rendered":"<div class=\"row clearfix\">\n<div class=\"col-md-8\">\n<div class=\"intro-text\">\n<p><span style=\"font-weight: 400;\">Autoridades de las terminales automotrices celebraron los incentivos al sector.<\/span><\/p>\n<\/div>\n<p><span style=\"font-weight: 400;\"><span class=\"dropcap \" style=\"background-color: #ffffff; color: #dd9933; border-color: #ffffff;\">D<\/span>esde la planta de Ford ubicada en General Pacheco, Buenos Aires, el Gobierno anunci\u00f3 la promulgaci\u00f3n de la Ley de Promoci\u00f3n de la Industria Automotriz, <\/span><span style=\"color: #ff9900;\"><a style=\"color: #ff9900;\" href=\"https:\/\/tribunavm.com.ar\/index.php\/2022\/09\/11\/mejoras-en-regimen-de-exportacion-para-automotrices\/\"><span style=\"font-weight: 400;\">medida aprobada recientemente por el Senado<\/span><\/a><span style=\"font-weight: 400;\">.<\/span><\/span><\/p>\n<p><span style=\"font-weight: 400;\">La ley contempla beneficios para las inversiones automotrices, como la devoluci\u00f3n anticipada del Impuesto al Valor Agregado (IVA), donde el plazo se reducir\u00e1 de seis a tres a\u00f1os, y la amortizaci\u00f3n de bienes de capital que se reduce de cinco a tres a\u00f1os.<\/span><\/p>\n<p><span style=\"font-weight: 400;\">Participaron del acto representantes de la Asociaci\u00f3n de Fabricantes de Automotores (ADEFA); de los sindicatos de UOM y SMATA; y desde el gobierno se hicieron presentes el presidente Alberto Fern\u00e1ndez, el ministro de Econom\u00eda, Sergio Massa, y el secretario de Industria, Jos\u00e9 Ignacio de Mendiguren, entre otros.<\/span><\/p>\n<p><span style=\"font-weight: 400;\">Mart\u00edn Galdeano, titular de ADEFA, afirm\u00f3 que la ley \u201cbrinda herramientas clave para profundizar el desarrollo de nuestra industria en momentos en los que se est\u00e1n definiendo nuevos proyectos de largo plazo\u201d.<\/span><\/p>\n<p><span style=\"font-weight: 400;\">De acuerdo con datos del Indec, en julio el sector automotor creci\u00f3 21,2% frente al mismo mes del a\u00f1o \u00faltimo, cuando el promedio industrial fue de 5,8%.<\/span><\/p>\n<\/div>\n<\/div>\n","protected":false},"excerpt":{"rendered":"<p>Autoridades de las terminales automotrices celebraron los incentivos al sector. Desde la planta de Ford ubicada en General Pacheco, Buenos Aires, el Gobierno anunci\u00f3 la promulgaci\u00f3n de la Ley de Promoci\u00f3n de la Industria Automotriz, medida aprobada recientemente por el Senado. La ley contempla beneficios para las inversiones automotrices, como la devoluci\u00f3n anticipada del Impuesto [&hellip;]<\/p>\n","protected":false},"author":2,"featured_media":6654,"comment_status":"open","ping_status":"open","sticky":false,"template":"","format":"standard","meta":{"_exactmetrics_skip_tracking":false,"_exactmetrics_sitenote_active":false,"_exactmetrics_sitenote_note":"","_exactmetrics_sitenote_category":0,"jnews-multi-image_gallery":[],"jnews_single_post":{"source_name":"","source_url":"","via_name":"","via_url":"","override_template":"0","override":[{"template":"1","single_blog_custom":"","parallax":"1","fullscreen":"1","layout":"right-sidebar","sidebar":"default-sidebar","second_sidebar":"default-sidebar","sticky_sidebar":"1","share_position":"top","share_float_style":"share-monocrhome","show_share_counter":"1","show_view_counter":"1","show_featured":"1","show_post_meta":"1","show_post_author":"1","show_post_author_image":"1","show_post_date":"1","post_date_format":"default","post_date_format_custom":"Y\/m\/d","show_post_category":"1","show_post_reading_time":"0","post_reading_time_wpm":"300","show_zoom_button":"0","zoom_button_out_step":"2","zoom_button_in_step":"3","show_post_tag":"1","show_prev_next_post":"1","show_popup_post":"1","number_popup_post":"1","show_author_box":"0","show_post_related":"0","show_inline_post_related":"0"}],"override_image_size":"0","image_override":[{"single_post_thumbnail_size":"crop-500","single_post_gallery_size":"crop-500"}],"trending_post":"0","trending_post_position":"meta","trending_post_label":"Trending","sponsored_post":"0","sponsored_post_label":"Sponsored by","sponsored_post_name":"","sponsored_post_url":"","sponsored_post_logo_enable":"0","sponsored_post_logo":"","sponsored_post_desc":""},"jnews_primary_category":{"id":"22"},"jnews_social_meta":{"fb_title":"","fb_description":"","fb_image":"","twitter_title":"","twitter_description":"","twitter_image":""},"jnews_override_counter":{"override_view_counter":"0","view_counter_number":"0","override_share_counter":"0","share_counter_number":"0","override_like_counter":"0","like_counter_number":"0","override_dislike_counter":"0","dislike_counter_number":"0"},"_joinchat":[],"footnotes":""},"categories":[22],"tags":[263,39,228],"class_list":["post-6653","post","type-post","status-publish","format-standard","has-post-thumbnail","hentry","category-actualidad","tag-edicion-98","tag-gobierno","tag-sector"],"_links":{"self":[{"href":"https:\/\/tribunavm.com.ar\/index.php\/wp-json\/wp\/v2\/posts\/6653"}],"collection":[{"href":"https:\/\/tribunavm.com.ar\/index.php\/wp-json\/wp\/v2\/posts"}],"about":[{"href":"https:\/\/tribunavm.com.ar\/index.php\/wp-json\/wp\/v2\/types\/post"}],"author":[{"embeddable":true,"href":"https:\/\/tribunavm.com.ar\/index.php\/wp-json\/wp\/v2\/users\/2"}],"replies":[{"embeddable":true,"href":"https:\/\/tribunavm.com.ar\/index.php\/wp-json\/wp\/v2\/comments?post=6653"}],"version-history":[{"count":1,"href":"https:\/\/tribunavm.com.ar\/index.php\/wp-json\/wp\/v2\/posts\/6653\/revisions"}],"predecessor-version":[{"id":6655,"href":"https:\/\/tribunavm.com.ar\/index.php\/wp-json\/wp\/v2\/posts\/6653\/revisions\/6655"}],"wp:featuredmedia":[{"embeddable":true,"href":"https:\/\/tribunavm.com.ar\/index.php\/wp-json\/wp\/v2\/media\/6654"}],"wp:attachment":[{"href":"https:\/\/tribunavm.com.ar\/index.php\/wp-json\/wp\/v2\/media?parent=6653"}],"wp:term":[{"taxonomy":"category","embeddable":true,"href":"https:\/\/tribunavm.com.ar\/index.php\/wp-json\/wp\/v2\/categories?post=6653"},{"taxonomy":"post_tag","embeddable":true,"href":"https:\/\/tribunavm.com.ar\/index.php\/wp-json\/wp\/v2\/tags?post=6653"}],"curies":[{"name":"wp","href":"https:\/\/api.w.org\/{rel}","templated":true}]}}