{"id":6679,"date":"2022-09-26T00:26:52","date_gmt":"2022-09-26T00:26:52","guid":{"rendered":"https:\/\/tribunavm.com.ar\/?p=6679"},"modified":"2022-09-26T00:26:52","modified_gmt":"2022-09-26T00:26:52","slug":"con-foco-en-la-deuda-y-la-energia","status":"publish","type":"post","link":"https:\/\/tribunavm.com.ar\/index.php\/2022\/09\/26\/con-foco-en-la-deuda-y-la-energia\/","title":{"rendered":"Con foco en la deuda y la energ\u00eda"},"content":{"rendered":"<div class=\"row clearfix\">\n<div class=\"col-md-8\">\n<div class=\"intro-text\">\n<p><span style=\"font-weight: 400;\">Alberto Fern\u00e1ndez visit\u00f3 EE.UU., donde mantuvo reuniones con el FMI y empresas energ\u00e9ticas.\u00a0<\/span><\/p>\n<\/div>\n<p><span style=\"font-weight: 400;\"><span class=\"dropcap \" style=\"background-color: #ffffff; color: #dd9933; border-color: #ffffff;\">E<\/span>n Nueva York, Fern\u00e1ndez se reuni\u00f3 con Kristalina Georgieva, titular del Fondo Monetario Internacional, quien destac\u00f3 el \u201ccompromiso expresado por el equipo del ministro Massa nos ha dejado satisfechos\u201d y anunci\u00f3 la aprobaci\u00f3n de la segunda revisi\u00f3n del acuerdo.<\/span><\/p>\n<p><span style=\"font-weight: 400;\">Por otro lado, el presidente disert\u00f3 en Nueva York en el d\u00e9cimo aniversario de la Corporaci\u00f3n Andina de Fomento (CAF)-Banco de Desarrollo de Am\u00e9rica Latina, donde sostuvo que \u201cAm\u00e9rica Latina necesita financiar mucha infraestructura para poder afianzar la senda de crecimiento&#8221;.<\/span><\/p>\n<p><span style=\"font-weight: 400;\">En otra escala de su viaje, en Houston, Fern\u00e1ndez expuso ante directivos de 30 de las empresas energ\u00e9ticas, a quienes anunci\u00f3 la presentaci\u00f3n de un proyecto para dar \u201cseguridad jur\u00eddica\u201d a las inversiones que se destinen a las producciones de litio y gas licuado.<\/span><\/p>\n<\/div>\n<\/div>\n","protected":false},"excerpt":{"rendered":"<p>Alberto Fern\u00e1ndez visit\u00f3 EE.UU., donde mantuvo reuniones con el FMI y empresas energ\u00e9ticas.\u00a0 En Nueva York, Fern\u00e1ndez se reuni\u00f3 con Kristalina Georgieva, titular del Fondo Monetario Internacional, quien destac\u00f3 el \u201ccompromiso expresado por el equipo del ministro Massa nos ha dejado satisfechos\u201d y anunci\u00f3 la aprobaci\u00f3n de la segunda revisi\u00f3n del acuerdo. Por otro lado, [&hellip;]<\/p>\n","protected":false},"author":2,"featured_media":6682,"comment_status":"open","ping_status":"open","sticky":false,"template":"","format":"standard","meta":{"_exactmetrics_skip_tracking":false,"_exactmetrics_sitenote_active":false,"_exactmetrics_sitenote_note":"","_exactmetrics_sitenote_category":0,"jnews-multi-image_gallery":[],"jnews_single_post":{"source_name":"","source_url":"","via_name":"","via_url":"","override_template":"0","override":[{"template":"1","single_blog_custom":"","parallax":"1","fullscreen":"1","layout":"right-sidebar","sidebar":"default-sidebar","second_sidebar":"default-sidebar","sticky_sidebar":"1","share_position":"top","share_float_style":"share-monocrhome","show_share_counter":"1","show_view_counter":"1","show_featured":"1","show_post_meta":"1","show_post_author":"1","show_post_author_image":"1","show_post_date":"1","post_date_format":"default","post_date_format_custom":"Y\/m\/d","show_post_category":"1","show_post_reading_time":"0","post_reading_time_wpm":"300","show_zoom_button":"0","zoom_button_out_step":"2","zoom_button_in_step":"3","show_post_tag":"1","show_prev_next_post":"1","show_popup_post":"1","number_popup_post":"1","show_author_box":"0","show_post_related":"0","show_inline_post_related":"0"}],"override_image_size":"0","image_override":[{"single_post_thumbnail_size":"crop-500","single_post_gallery_size":"crop-500"}],"trending_post":"0","trending_post_position":"meta","trending_post_label":"Trending","sponsored_post":"0","sponsored_post_label":"Sponsored by","sponsored_post_name":"","sponsored_post_url":"","sponsored_post_logo_enable":"0","sponsored_post_logo":"","sponsored_post_desc":""},"jnews_primary_category":{"id":"22"},"jnews_social_meta":{"fb_title":"","fb_description":"","fb_image":"","twitter_title":"","twitter_description":"","twitter_image":""},"jnews_override_counter":{"override_view_counter":"0","view_counter_number":"0","override_share_counter":"0","share_counter_number":"0","override_like_counter":"0","like_counter_number":"0","override_dislike_counter":"0","dislike_counter_number":"0"},"_joinchat":[],"footnotes":""},"categories":[22],"tags":[263,39],"class_list":["post-6679","post","type-post","status-publish","format-standard","has-post-thumbnail","hentry","category-actualidad","tag-edicion-98","tag-gobierno"],"_links":{"self":[{"href":"https:\/\/tribunavm.com.ar\/index.php\/wp-json\/wp\/v2\/posts\/6679"}],"collection":[{"href":"https:\/\/tribunavm.com.ar\/index.php\/wp-json\/wp\/v2\/posts"}],"about":[{"href":"https:\/\/tribunavm.com.ar\/index.php\/wp-json\/wp\/v2\/types\/post"}],"author":[{"embeddable":true,"href":"https:\/\/tribunavm.com.ar\/index.php\/wp-json\/wp\/v2\/users\/2"}],"replies":[{"embeddable":true,"href":"https:\/\/tribunavm.com.ar\/index.php\/wp-json\/wp\/v2\/comments?post=6679"}],"version-history":[{"count":1,"href":"https:\/\/tribunavm.com.ar\/index.php\/wp-json\/wp\/v2\/posts\/6679\/revisions"}],"predecessor-version":[{"id":6683,"href":"https:\/\/tribunavm.com.ar\/index.php\/wp-json\/wp\/v2\/posts\/6679\/revisions\/6683"}],"wp:featuredmedia":[{"embeddable":true,"href":"https:\/\/tribunavm.com.ar\/index.php\/wp-json\/wp\/v2\/media\/6682"}],"wp:attachment":[{"href":"https:\/\/tribunavm.com.ar\/index.php\/wp-json\/wp\/v2\/media?parent=6679"}],"wp:term":[{"taxonomy":"category","embeddable":true,"href":"https:\/\/tribunavm.com.ar\/index.php\/wp-json\/wp\/v2\/categories?post=6679"},{"taxonomy":"post_tag","embeddable":true,"href":"https:\/\/tribunavm.com.ar\/index.php\/wp-json\/wp\/v2\/tags?post=6679"}],"curies":[{"name":"wp","href":"https:\/\/api.w.org\/{rel}","templated":true}]}}