{"id":6701,"date":"2022-10-09T21:47:30","date_gmt":"2022-10-09T21:47:30","guid":{"rendered":"https:\/\/tribunavm.com.ar\/?p=6701"},"modified":"2022-10-09T21:47:40","modified_gmt":"2022-10-09T21:47:40","slug":"trabajadores-en-pie-de-lucha-por-aumentos-salariales","status":"publish","type":"post","link":"https:\/\/tribunavm.com.ar\/index.php\/2022\/10\/09\/trabajadores-en-pie-de-lucha-por-aumentos-salariales\/","title":{"rendered":"Trabajadores en pie de lucha por aumentos salariales"},"content":{"rendered":"<div class=\"row clearfix\">\n<div class=\"col-md-8\">\n<div class=\"intro-text\">\n<p><span style=\"font-weight: 400;\">Los trabajadores europeos siguen movilizados para reclamar aumentos en materia salarial en un contexto de alza inflacionaria que afecta las condiciones de vida de las familias trabajadoras.<\/span><\/p>\n<\/div>\n<p><span style=\"font-weight: 400;\"><span class=\"dropcap \" style=\"background-color: #ffffff; color: #dd9933; border-color: #ffffff;\">E<\/span>n Espa\u00f1a, nueve sindicatos de diversos sectores han salido a las calles el jueves 6 de octubre para reclamar acciones concretas al gobierno ante la p\u00e9rdida de poder adquisitivo de los salarios de los trabajadores.<\/span><\/p>\n<p><span style=\"font-weight: 400;\">Bajo el lema \u201cRecuperar poder adquisitivo, YA\u201d, las demandas de los sindicatos movilizados se vinculan con retomar las negociaciones colectivas para garantizar el acceso a productos de primera necesidad, para lo que tambi\u00e9n se reclama un reducciones impositivas para este tipo de productos.<\/span><\/p>\n<p><span style=\"font-weight: 400;\">Las huelgas inician un nuevo frente de movilizaciones en el pa\u00eds ib\u00e9rico. La Conferencia Europea de Sindicatos (CES), el CCOO y la UGT que han participado de las mismas ya han anunciado una nueva medida de fuerza para el 22 de este mismo mes.<\/span><\/p>\n<p><span style=\"font-weight: 400;\">En Francia, miles de personas protestaron en las calles de varias ciudades tras el llamado a huelga para el 29 de septiembre. Los sindicatos participantes de la movilizaci\u00f3n expresaron que todos los trabajadores del pa\u00eds est\u00e1n aunados en un mismo reclamo ligado al aumento de los salarios y la eliminaci\u00f3n de la reforma jubilatoria que pretende elevar la edad de jubilaci\u00f3n.<\/span><\/p>\n<p><span style=\"font-weight: 400;\">Se dieron cerca de 200 movilizaciones en todo el pa\u00eds -m\u00e1s de 250.000 personas seg\u00fan las cifras provistas por la CGT- para reclamar por mejoras salariales en un contexto de una profunda escalada de la inflaci\u00f3n, la cual lleg\u00f3 en agosto al 5,9 %.<\/span><\/p>\n<p><span style=\"font-weight: 400;\">En este marco, la CGT francesa ha presentado 10 &#8220;medidas urgentes para los salarios y el poder adquisitivo&#8221; entre las cuales se destaca el incremento salarial, el aumento de becas y subsidios sociales, y la ca\u00edda de la propuesta gubernamental de reforma jubilatoria y previsional, la cual supondr\u00eda el aumento en la edad de jubilaci\u00f3n de 62 a 65 a\u00f1os.<\/span><\/p>\n<\/div>\n<\/div>\n","protected":false},"excerpt":{"rendered":"<p>Los trabajadores europeos siguen movilizados para reclamar aumentos en materia salarial en un contexto de alza inflacionaria que afecta las condiciones de vida de las familias trabajadoras. En Espa\u00f1a, nueve sindicatos de diversos sectores han salido a las calles el jueves 6 de octubre para reclamar acciones concretas al gobierno ante la p\u00e9rdida de poder [&hellip;]<\/p>\n","protected":false},"author":2,"featured_media":6703,"comment_status":"open","ping_status":"open","sticky":false,"template":"","format":"standard","meta":{"_exactmetrics_skip_tracking":false,"_exactmetrics_sitenote_active":false,"_exactmetrics_sitenote_note":"","_exactmetrics_sitenote_category":0,"jnews-multi-image_gallery":[],"jnews_single_post":{"source_name":"","source_url":"","via_name":"","via_url":"","override_template":"0","override":[{"template":"1","single_blog_custom":"","parallax":"1","fullscreen":"1","layout":"right-sidebar","sidebar":"default-sidebar","second_sidebar":"default-sidebar","sticky_sidebar":"1","share_position":"top","share_float_style":"share-monocrhome","show_share_counter":"1","show_view_counter":"1","show_featured":"1","show_post_meta":"1","show_post_author":"1","show_post_author_image":"1","show_post_date":"1","post_date_format":"default","post_date_format_custom":"Y\/m\/d","show_post_category":"1","show_post_reading_time":"0","post_reading_time_wpm":"300","show_zoom_button":"0","zoom_button_out_step":"2","zoom_button_in_step":"3","show_post_tag":"1","show_prev_next_post":"1","show_popup_post":"1","number_popup_post":"1","show_author_box":"0","show_post_related":"0","show_inline_post_related":"0"}],"override_image_size":"0","image_override":[{"single_post_thumbnail_size":"crop-500","single_post_gallery_size":"crop-500"}],"trending_post":"0","trending_post_position":"meta","trending_post_label":"Trending","sponsored_post":"0","sponsored_post_label":"Sponsored by","sponsored_post_name":"","sponsored_post_url":"","sponsored_post_logo_enable":"0","sponsored_post_logo":"","sponsored_post_desc":""},"jnews_primary_category":{"id":"22"},"jnews_social_meta":{"fb_title":"","fb_description":"","fb_image":"","twitter_title":"","twitter_description":"","twitter_image":""},"jnews_override_counter":{"override_view_counter":"0","view_counter_number":"0","override_share_counter":"0","share_counter_number":"0","override_like_counter":"0","like_counter_number":"0","override_dislike_counter":"0","dislike_counter_number":"0"},"_joinchat":[],"footnotes":""},"categories":[22],"tags":[264,75,35],"class_list":["post-6701","post","type-post","status-publish","format-standard","has-post-thumbnail","hentry","category-actualidad","tag-edicion-99","tag-internacional","tag-trabajadores"],"_links":{"self":[{"href":"https:\/\/tribunavm.com.ar\/index.php\/wp-json\/wp\/v2\/posts\/6701"}],"collection":[{"href":"https:\/\/tribunavm.com.ar\/index.php\/wp-json\/wp\/v2\/posts"}],"about":[{"href":"https:\/\/tribunavm.com.ar\/index.php\/wp-json\/wp\/v2\/types\/post"}],"author":[{"embeddable":true,"href":"https:\/\/tribunavm.com.ar\/index.php\/wp-json\/wp\/v2\/users\/2"}],"replies":[{"embeddable":true,"href":"https:\/\/tribunavm.com.ar\/index.php\/wp-json\/wp\/v2\/comments?post=6701"}],"version-history":[{"count":2,"href":"https:\/\/tribunavm.com.ar\/index.php\/wp-json\/wp\/v2\/posts\/6701\/revisions"}],"predecessor-version":[{"id":6705,"href":"https:\/\/tribunavm.com.ar\/index.php\/wp-json\/wp\/v2\/posts\/6701\/revisions\/6705"}],"wp:featuredmedia":[{"embeddable":true,"href":"https:\/\/tribunavm.com.ar\/index.php\/wp-json\/wp\/v2\/media\/6703"}],"wp:attachment":[{"href":"https:\/\/tribunavm.com.ar\/index.php\/wp-json\/wp\/v2\/media?parent=6701"}],"wp:term":[{"taxonomy":"category","embeddable":true,"href":"https:\/\/tribunavm.com.ar\/index.php\/wp-json\/wp\/v2\/categories?post=6701"},{"taxonomy":"post_tag","embeddable":true,"href":"https:\/\/tribunavm.com.ar\/index.php\/wp-json\/wp\/v2\/tags?post=6701"}],"curies":[{"name":"wp","href":"https:\/\/api.w.org\/{rel}","templated":true}]}}