{"id":6726,"date":"2022-10-09T22:22:56","date_gmt":"2022-10-09T22:22:56","guid":{"rendered":"https:\/\/tribunavm.com.ar\/?p=6726"},"modified":"2022-10-09T22:22:56","modified_gmt":"2022-10-09T22:22:56","slug":"tenaris-despide-13-trabajadores-en-valentin-alsina","status":"publish","type":"post","link":"https:\/\/tribunavm.com.ar\/index.php\/2022\/10\/09\/tenaris-despide-13-trabajadores-en-valentin-alsina\/","title":{"rendered":"Tenaris despide 13 trabajadores en Valentin Alsina"},"content":{"rendered":"<div class=\"row clearfix\">\n<div class=\"col-md-8\">\n<div class=\"intro-text\">\n<p><span style=\"font-weight: 400;\">Tras el env\u00edo de 13 telegramas la empresa del grupo Techint entra en conflicto con los trabajadores y el gobierno nacional dicta la conciliaci\u00f3n obligatoria.<\/span><\/p>\n<\/div>\n<p><span style=\"font-weight: 400;\"><span class=\"dropcap \" style=\"background-color: #ffffff; color: #dd9933; border-color: #ffffff;\">L<\/span>a empresa Tenaris Campana ubicada en Valent\u00edn Alsina, propiedad del grupo Techint, anunci\u00f3 el martes de la semana pasada 13 despidos por medio de telegramas alegando problemas de performance de seguridad de los trabajadores afectados.\u00a0<\/span><\/p>\n<p><span style=\"font-weight: 400;\">El establecimiento, que produce ca\u00f1os para el gasoducto N\u00e9stor Kirchner, se hab\u00eda paralizado el viernes 30 tras el anuncio del paro que iniciaron los trabajadores de la Uni\u00f3n Obrera Metal\u00fargica (UOM). El mismo se levant\u00f3 horas m\u00e1s tarde tras el llamado a conciliaci\u00f3n obligatoria por parte del Gobierno que dur\u00f3 una semana.\u00a0<\/span><\/p>\n<p><span style=\"font-weight: 400;\">Pese a la intervenci\u00f3n del Ministerio de Trabajo, la empresa no respet\u00f3 la conciliaci\u00f3n con lo cual se defini\u00f3 por medio de una asamblea dentro de la f\u00e1brica el paro por tiempo indeterminado por la reincorporaci\u00f3n de los 13 trabajadores.<\/span><\/p>\n<p><span style=\"font-weight: 400;\">Jos\u00e9 Villa, representante de la comisi\u00f3n interna de Tenaris Siat, dijo que \u201cel grupo Techint aplica los contratos temporales por tres meses en todas las plantas de la empresa, pero no son trabajos por tres meses. Ac\u00e1 no hay respeto al convenio colectivo de trabajo de la UOM\u201d.<\/span><\/p>\n<p><span style=\"font-weight: 400;\">A trav\u00e9s de un Twitter los trabajadores difundieron el mensaje del paro total en la planta arrobando a los representantes del Gobierno.<\/span><\/p>\n<blockquote class=\"twitter-tweet\" data-width=\"500\" data-dnt=\"true\">\n<p lang=\"es\" dir=\"ltr\">TENARIS SIAT<br \/>No a los despidos!<\/p>\n<p>GASODUCTO NESTOR KIRCHNER <\/p>\n<p>Fabrica parada<\/p>\n<p> Resoluci\u00f3n de ASAMBLEA <\/p>\n<p>Comision Interna <br \/>UOM AVELLANEDA<a href=\"https:\/\/twitter.com\/alferdez?ref_src=twsrc%5Etfw\">@alferdez<\/a> <a href=\"https:\/\/twitter.com\/CFKArgentina?ref_src=twsrc%5Etfw\">@CFKArgentina<\/a> <a href=\"https:\/\/twitter.com\/SergioMassa?ref_src=twsrc%5Etfw\">@SergioMassa<\/a> <a href=\"https:\/\/twitter.com\/Kicillofok?ref_src=twsrc%5Etfw\">@Kicillofok<\/a> <a href=\"https:\/\/twitter.com\/waltercorreaok?ref_src=twsrc%5Etfw\">@waltercorreaok<\/a> @MinTrabajoAR <a href=\"https:\/\/t.co\/F4HBfboIn5\">pic.twitter.com\/F4HBfboIn5<\/a><\/p>\n<p>&mdash; @TrabajadorSiat (@TrabajadorSiat) <a href=\"https:\/\/twitter.com\/TrabajadorSiat\/status\/1575803265270226950?ref_src=twsrc%5Etfw\">September 30, 2022<\/a><\/p><\/blockquote>\n<p><script async src=\"https:\/\/platform.twitter.com\/widgets.js\" charset=\"utf-8\"><\/script><\/p>\n<p><span style=\"font-weight: 400;\">Por su parte, Abel Furl\u00e1n, secretario general de la UOM, dijo que van \u201ca trazar un plan de lucha en defensa de los puestos de trabajo y del salario, no vamos a quedarnos de brazos cruzados en un contexto en el que el poder adquisitivo fue pulverizado por la inflaci\u00f3n\u201d, y apunt\u00f3 que \u201ca fines del 2015, el promedio salarial de nuestra planta era de 2.300 d\u00f3lares. Hoy es de 900\u201d.<\/span><\/p>\n<\/div>\n<\/div>\n","protected":false},"excerpt":{"rendered":"<p>Tras el env\u00edo de 13 telegramas la empresa del grupo Techint entra en conflicto con los trabajadores y el gobierno nacional dicta la conciliaci\u00f3n obligatoria. La empresa Tenaris Campana ubicada en Valent\u00edn Alsina, propiedad del grupo Techint, anunci\u00f3 el martes de la semana pasada 13 despidos por medio de telegramas alegando problemas de performance de [&hellip;]<\/p>\n","protected":false},"author":2,"featured_media":6727,"comment_status":"open","ping_status":"open","sticky":false,"template":"","format":"standard","meta":{"_exactmetrics_skip_tracking":false,"_exactmetrics_sitenote_active":false,"_exactmetrics_sitenote_note":"","_exactmetrics_sitenote_category":0,"jnews-multi-image_gallery":[],"jnews_single_post":{"source_name":"","source_url":"","via_name":"","via_url":"","override_template":"0","override":[{"template":"1","single_blog_custom":"","parallax":"1","fullscreen":"1","layout":"right-sidebar","sidebar":"default-sidebar","second_sidebar":"default-sidebar","sticky_sidebar":"1","share_position":"top","share_float_style":"share-monocrhome","show_share_counter":"1","show_view_counter":"1","show_featured":"1","show_post_meta":"1","show_post_author":"1","show_post_author_image":"1","show_post_date":"1","post_date_format":"default","post_date_format_custom":"Y\/m\/d","show_post_category":"1","show_post_reading_time":"0","post_reading_time_wpm":"300","show_zoom_button":"0","zoom_button_out_step":"2","zoom_button_in_step":"3","show_post_tag":"1","show_prev_next_post":"1","show_popup_post":"1","number_popup_post":"1","show_author_box":"0","show_post_related":"0","show_inline_post_related":"0"}],"override_image_size":"0","image_override":[{"single_post_thumbnail_size":"crop-500","single_post_gallery_size":"crop-500"}],"trending_post":"0","trending_post_position":"meta","trending_post_label":"Trending","sponsored_post":"0","sponsored_post_label":"Sponsored by","sponsored_post_name":"","sponsored_post_url":"","sponsored_post_logo_enable":"0","sponsored_post_logo":"","sponsored_post_desc":""},"jnews_primary_category":{"id":"22"},"jnews_social_meta":{"fb_title":"","fb_description":"","fb_image":"","twitter_title":"","twitter_description":"","twitter_image":""},"jnews_override_counter":{"override_view_counter":"0","view_counter_number":"0","override_share_counter":"0","share_counter_number":"0","override_like_counter":"0","like_counter_number":"0","override_dislike_counter":"0","dislike_counter_number":"0"},"_joinchat":[],"footnotes":""},"categories":[22],"tags":[],"class_list":["post-6726","post","type-post","status-publish","format-standard","has-post-thumbnail","hentry","category-actualidad"],"_links":{"self":[{"href":"https:\/\/tribunavm.com.ar\/index.php\/wp-json\/wp\/v2\/posts\/6726"}],"collection":[{"href":"https:\/\/tribunavm.com.ar\/index.php\/wp-json\/wp\/v2\/posts"}],"about":[{"href":"https:\/\/tribunavm.com.ar\/index.php\/wp-json\/wp\/v2\/types\/post"}],"author":[{"embeddable":true,"href":"https:\/\/tribunavm.com.ar\/index.php\/wp-json\/wp\/v2\/users\/2"}],"replies":[{"embeddable":true,"href":"https:\/\/tribunavm.com.ar\/index.php\/wp-json\/wp\/v2\/comments?post=6726"}],"version-history":[{"count":1,"href":"https:\/\/tribunavm.com.ar\/index.php\/wp-json\/wp\/v2\/posts\/6726\/revisions"}],"predecessor-version":[{"id":6728,"href":"https:\/\/tribunavm.com.ar\/index.php\/wp-json\/wp\/v2\/posts\/6726\/revisions\/6728"}],"wp:featuredmedia":[{"embeddable":true,"href":"https:\/\/tribunavm.com.ar\/index.php\/wp-json\/wp\/v2\/media\/6727"}],"wp:attachment":[{"href":"https:\/\/tribunavm.com.ar\/index.php\/wp-json\/wp\/v2\/media?parent=6726"}],"wp:term":[{"taxonomy":"category","embeddable":true,"href":"https:\/\/tribunavm.com.ar\/index.php\/wp-json\/wp\/v2\/categories?post=6726"},{"taxonomy":"post_tag","embeddable":true,"href":"https:\/\/tribunavm.com.ar\/index.php\/wp-json\/wp\/v2\/tags?post=6726"}],"curies":[{"name":"wp","href":"https:\/\/api.w.org\/{rel}","templated":true}]}}