{"id":6767,"date":"2022-10-09T23:06:38","date_gmt":"2022-10-09T23:06:38","guid":{"rendered":"https:\/\/tribunavm.com.ar\/?p=6767"},"modified":"2022-10-09T23:52:31","modified_gmt":"2022-10-09T23:52:31","slug":"sesgo-exportable-en-el-pais-de-la-pobreza","status":"publish","type":"post","link":"https:\/\/tribunavm.com.ar\/index.php\/2022\/10\/09\/sesgo-exportable-en-el-pais-de-la-pobreza\/","title":{"rendered":"Sesgo exportable en el pa\u00eds de la pobreza"},"content":{"rendered":"<div class=\"row clearfix\">\n<div class=\"col-md-8\">\n<div class=\"intro-text\">\n<p><span style=\"font-weight: 400;\">Una producci\u00f3n con matriz extractiva: d\u00f3lares y granos. Las 10 empresas con mayores beneficios del &#8220;d\u00f3lar soja&#8221;. La otra cara de la moneda, el 80% de los trabajadores no llegaron a cubrir con sus ingresos la canasta b\u00e1sica de una familia tipo.<\/span><\/p>\n<\/div>\n<p><span style=\"font-weight: 400;\"><span class=\"dropcap \" style=\"background-color: #ffffff; color: #dd9933; border-color: #ffffff;\">E<\/span>l control sobre la producci\u00f3n de los recursos y la capacidad de definir hacia d\u00f3nde orientar los mismos se asienta como idea b\u00e1sica sobre la cual es posible un proyecto de soberan\u00eda.<\/span><\/p>\n<p><span style=\"font-weight: 400;\">De lo contrario, el comportamiento aut\u00f3nomo e imperante desde los capitales privados tender\u00e1 siempre a asumir su l\u00f3gica de acumulaci\u00f3n sobre la cual dicha producci\u00f3n y orientaci\u00f3n de recursos quedar\u00e1 subordinada a un sesgo extractivo y depredatorio que condena a la pobreza a millones de personas.<\/span><\/p>\n<p><span style=\"font-weight: 400;\">Es momento de poner mojones a esta situaci\u00f3n, de marcarla, establecer l\u00edmites que permitan distanciar entre lo que efectivamente es y lo que se pretende.<\/span><\/p>\n<h4><span style=\"color: #ff9900;\"><b>Pauperizaci\u00f3n del trabajo<\/b><\/span><\/h4>\n<p><span style=\"font-weight: 400;\">Las condiciones de vida en Argentina se recrudecen. Recientemente el Indec public\u00f3 el informe sobre <\/span><span style=\"color: #ff9900;\"><a style=\"color: #ff9900;\" href=\"https:\/\/www.indec.gob.ar\/uploads\/informesdeprensa\/eph_pobreza_09_2223ECC71AE4.pdf\"><span style=\"font-weight: 400;\">\u201cIncidencia de la pobreza y la indigencia en 31 aglomerados urbanos\u201d<\/span><\/a><\/span><span style=\"font-weight: 400;\"> del cual surge que el porcentaje de hogares por debajo de la l\u00ednea de pobreza alcanz\u00f3 el 27,7% para el primer semestre del a\u00f1o. Alrededor de 10,6 millones de personas viven bajo la l\u00ednea de la pobreza, osea que no alcanzan a cubrir el ingreso necesario para adquirir alimentos, servicios b\u00e1sicos.<\/span><\/p>\n<figure id=\"attachment_6769\" aria-describedby=\"caption-attachment-6769\" style=\"width: 1200px\" class=\"wp-caption aligncenter\"><img loading=\"lazy\" decoding=\"async\" class=\"wp-image-6769 size-full\" src=\"https:\/\/tribunavm.com.ar\/wp-content\/uploads\/2022\/10\/salario-argentinajpg.png\" alt=\"\" width=\"1200\" height=\"800\" srcset=\"https:\/\/tribunavm.com.ar\/wp-content\/uploads\/2022\/10\/salario-argentinajpg.png 1200w, https:\/\/tribunavm.com.ar\/wp-content\/uploads\/2022\/10\/salario-argentinajpg-300x200.png 300w, https:\/\/tribunavm.com.ar\/wp-content\/uploads\/2022\/10\/salario-argentinajpg-1024x683.png 1024w, https:\/\/tribunavm.com.ar\/wp-content\/uploads\/2022\/10\/salario-argentinajpg-768x512.png 768w, https:\/\/tribunavm.com.ar\/wp-content\/uploads\/2022\/10\/salario-argentinajpg-750x500.png 750w, https:\/\/tribunavm.com.ar\/wp-content\/uploads\/2022\/10\/salario-argentinajpg-1140x760.png 1140w\" sizes=\"(max-width: 1200px) 100vw, 1200px\" \/><figcaption id=\"caption-attachment-6769\" class=\"wp-caption-text\">El salario ha muerto- &#8220;organizaciones sociales hicieron un velorio por la defuncion del salario m\u00ednimo&#8221;<\/figcaption><\/figure>\n<p><span style=\"font-weight: 400;\">Adem\u00e1s, el organismo difundi\u00f3 su informe sobre <\/span><span style=\"color: #ff9900;\"><a style=\"color: #ff9900;\" href=\"https:\/\/www.indec.gob.ar\/uploads\/informesdeprensa\/ingresos_2trim22BF474C3CB1.pdf\"><span style=\"font-weight: 400;\">\u201cEvoluci\u00f3n distribuci\u00f3n del ingreso correspondiente al tercer trimestre del 2022\u201d<\/span><\/a><\/span><span style=\"font-weight: 400;\">. Seg\u00fan el documento, en este trimestre el crecimiento de la masa total de los ingresos obtenidos por la poblaci\u00f3n fue del 61,4% frente a una inflaci\u00f3n del per\u00edodo que super\u00f3 el 64%.<\/span><\/p>\n<p><span style=\"font-weight: 400;\">Los ingresos medios del segmento m\u00e1s alto (decil 10) llegaron a $203.884. Los ingresos individuales del decil m\u00e1s bajo (decil 1) llegaron a $10.642. El 10% de la poblaci\u00f3n del d\u00e9cimo decil obtiene 19 veces los ingresos del primer decil.\u00a0<\/span><\/p>\n<p><span style=\"color: #ff9900;\"><a style=\"color: #ff9900;\" href=\"https:\/\/www.indec.gob.ar\/uploads\/informesdeprensa\/canasta_09_22EBC067F570.pdf\"><span style=\"font-weight: 400;\">Para el mes de agosto la canasta b\u00e1sica total<\/span><\/a><\/span><span style=\"font-weight: 400;\">, con la que se mide la pobreza, se ubic\u00f3 en $38.756 para un adulto. Seg\u00fan escala de ingreso per c\u00e1pita familiar <\/span><b>el 60% no alcanz\u00f3 a cubrir la canasta<\/b><span style=\"font-weight: 400;\">. Y el s\u00e9ptimo decil lo hizo superando apenas los $3.157.\u00a0<\/span><\/p>\n<p><span style=\"font-weight: 400;\">El ingreso salarial promedio fue de 70.678 pesos. Por ello, <\/span><b>el 80% de los trabajadores no llegaron al precio de la CBT de una familia tipo<\/b><span style=\"font-weight: 400;\"> la cual lleg\u00f3 casi a los 104.216 pesos para junio de este a\u00f1o.<\/span><\/p>\n<p><span style=\"font-weight: 400;\">Contracara de la pauperizaci\u00f3n fueron los m\u00e1rgenes de ganancias obtenidos por el complejo exportador granario en el mes de septiembre.\u00a0<\/span><\/p>\n<h4><span style=\"color: #ff9900;\"><b>Un \u201cPIE\u201d que aplasta<\/b><\/span><\/h4>\n<p><span style=\"font-weight: 400;\">El 5 de septiembre el Gobierno oficializ\u00f3 la creaci\u00f3n del \u201cPrograma de Incremento Exportador\u201d (PIE). El mismo estableci\u00f3 un tipo de cambio (valor del d\u00f3lar frente al peso) de $200 para las exportaciones de soja con el objetivo de acumular divisas y reforzar las reservas del Banco Central, seg\u00fan expresa el <\/span><span style=\"color: #ff9900;\"><a style=\"color: #ff9900;\" href=\"https:\/\/www.boletinoficial.gob.ar\/detalleAviso\/primera\/270972\/20220905\"><span style=\"font-weight: 400;\">Decreto 576\/2022 publicado en el Bolet\u00edn Oficial<\/span><\/a><span style=\"font-weight: 400;\">.<\/span><\/span><\/p>\n<p><img loading=\"lazy\" decoding=\"async\" class=\"aligncenter size-full wp-image-6772\" src=\"https:\/\/tribunavm.com.ar\/wp-content\/uploads\/2022\/10\/massa-anuncio-PIE.jpg\" alt=\"\" width=\"1920\" height=\"1080\" srcset=\"https:\/\/tribunavm.com.ar\/wp-content\/uploads\/2022\/10\/massa-anuncio-PIE.jpg 1920w, https:\/\/tribunavm.com.ar\/wp-content\/uploads\/2022\/10\/massa-anuncio-PIE-300x169.jpg 300w, https:\/\/tribunavm.com.ar\/wp-content\/uploads\/2022\/10\/massa-anuncio-PIE-1024x576.jpg 1024w, https:\/\/tribunavm.com.ar\/wp-content\/uploads\/2022\/10\/massa-anuncio-PIE-768x432.jpg 768w, https:\/\/tribunavm.com.ar\/wp-content\/uploads\/2022\/10\/massa-anuncio-PIE-1536x864.jpg 1536w, https:\/\/tribunavm.com.ar\/wp-content\/uploads\/2022\/10\/massa-anuncio-PIE-750x422.jpg 750w, https:\/\/tribunavm.com.ar\/wp-content\/uploads\/2022\/10\/massa-anuncio-PIE-1140x641.jpg 1140w\" sizes=\"(max-width: 1920px) 100vw, 1920px\" \/><\/p>\n<p><span style=\"font-weight: 400;\"><span style=\"color: #ff9900;\">A trav\u00e9s del DNU los exportadores de porotos<\/span> de soja, harinas\/pellets y derivados, fueron beneficiados al liquidar los d\u00f3lares por ventas al exterior haci\u00e9ndose de un valor diferencial. La medida estableci\u00f3 la creaci\u00f3n de fondos destinados a pymes, peque\u00f1os y medianos productores y recursos para poblaciones de extrema vulnerabilidad, aunque a\u00fan no se ha definido con qu\u00e9 pol\u00edticas ser\u00e1n \u201cbeneficiadas\u201d.<\/span><\/p>\n<p><span style=\"font-weight: 400;\">La normativa autoriz\u00f3 al Ministerio de Econom\u00eda a emitir letras en d\u00f3lares a 10 a\u00f1os \u201cpor hasta un monto tal que cubra la diferencia patrimonial por las operaciones del presente decreto\u201d. Lo que equivale a nueva deuda p\u00fablica para completar la diferencia por cada d\u00f3lar soja.<\/span><\/p>\n<h4><span style=\"color: #ff9900;\"><b>Top 10 ganadoras<\/b><\/span><\/h4>\n<p><span style=\"font-weight: 400;\">Al cierre del Programa de Incremento Exportador se registraron ventas externas del complejo soja por m\u00e1s de 13,3 millones de toneladas. Esta cifra representa un r\u00e9cord hist\u00f3rico en cuanto a vol\u00famenes operados en el mes de septiembre, m\u00e1s que triplicando el promedio hist\u00f3rico mensual que se aproxima a los 4,5 millones de toneladas. Tambi\u00e9n superando el anterior r\u00e9cord hist\u00f3rico registrado en mayo del 2019 por un volumen total de 13,3 millones de toneladas.<\/span><\/p>\n<figure id=\"attachment_6768\" aria-describedby=\"caption-attachment-6768\" style=\"width: 715px\" class=\"wp-caption aligncenter\"><img loading=\"lazy\" decoding=\"async\" class=\"wp-image-6768 size-full\" src=\"https:\/\/tribunavm.com.ar\/wp-content\/uploads\/2022\/10\/Top-10-empresas-participantes-del-PIE.png\" alt=\"Massa anunci\u00f3 el programa PIE\" width=\"715\" height=\"521\" srcset=\"https:\/\/tribunavm.com.ar\/wp-content\/uploads\/2022\/10\/Top-10-empresas-participantes-del-PIE.png 715w, https:\/\/tribunavm.com.ar\/wp-content\/uploads\/2022\/10\/Top-10-empresas-participantes-del-PIE-300x219.png 300w, https:\/\/tribunavm.com.ar\/wp-content\/uploads\/2022\/10\/Top-10-empresas-participantes-del-PIE-120x86.png 120w\" sizes=\"(max-width: 715px) 100vw, 715px\" \/><figcaption id=\"caption-attachment-6768\" class=\"wp-caption-text\">Massa anunci\u00f3 el programa PIE<\/figcaption><\/figure>\n<p><span style=\"font-weight: 400;\">Ante la posibilidad de liquidar a un d\u00f3lar que \u201clicu\u00f3\u201d los derechos de exportaci\u00f3n (retenciones del 33%) grandes empresas del complejo agroexportador, acopiadores y productores decidieron vender. Es decir, hab\u00eda granos y no se estaban vendiendo esperando este escenario.<\/span><\/p>\n<p><span style=\"font-weight: 400;\">Un<\/span><span style=\"color: #ff9900;\"><a style=\"color: #ff9900;\" href=\"https:\/\/www.bcr.com.ar\/es\/mercados\/mercado-de-granos\/noticias\/que-nos-dejo-el-dolar-soja\"><span style=\"font-weight: 400;\"> informe elaborado por Natalia Mar\u00edn, Tom\u00e1s Rodr\u00edguez Zurro, Emilce Terr\u00e9 para la Bolsa de Comercio de Rosario<\/span><\/a><\/span><span style=\"font-weight: 400;\"> registr\u00f3 que dentro de las 10 empresas con mayores Declaraciones Juradas de Ventas al Exterior (DJVE) se destacan Viterra (ex Glencore), Cargill y AGD (Aceitera General Deheza).<\/span><\/p>\n<p><span style=\"font-weight: 400;\">Seg\u00fan los registros \u201cel valor de las ventas externas declaradas al exterior entre el 5\/9 y el 30\/9 asciende a 6.706 millones de d\u00f3lares. El aporte en concepto de derechos de exportaci\u00f3n al Estado asciende a 2.213 millones de d\u00f3lares, habida cuenta que la al\u00edcuota de derechos de exportaci\u00f3n de los tres productos mencionados es de 33% sobre el valor FOB. Esto equivale a 442.607 millones tomando el contravalor especial de $200 por d\u00f3lar\u201d.<\/span><\/p>\n<p><span style=\"font-weight: 400;\">La firma Viterra, filial del grupo Glencore, desde el 2020 a la fecha pas\u00f3 a ser la principal operadora de las instalaciones de Vicentin: almacenamiento, f\u00e1bricas de harina y aceite, e instalaciones portuarias. La empresa que, en alg\u00fan momento se plante\u00f3 la posibilidad de ser controlada por el Estado, ahora en manos del capital privado es beneficiada con los mejores esquemas cambiarios.<\/span><\/p>\n<p><span style=\"font-weight: 400;\">Completan el ranking Bunge, LDC (Louis Dreyfus), Molinos Agro, COFCO, A.C.A (Asociaci\u00f3n de Cooperativas Argentinas), Amaggi y ADM. Todas empresas del complejo agroexportador, due\u00f1as de puertos en el Gran Rosario y dispersas por todo el territorio nacional a trav\u00e9s del control de plantas acopiadoras de granos y servicios de transportes por v\u00edas f\u00e9rreas y mar\u00edtimas\/portuarias.<\/span><\/p>\n<h4><span style=\"color: #ff9900;\"><b>Enroque financiero<\/b><\/span><\/h4>\n<p><span style=\"font-weight: 400;\">Las cifras oficiales fueron celebradas por el ministro Sergio Massa a trav\u00e9s de una conferencia de prensa d\u00f3nde se repas\u00f3 el saldo del \u201cPIE\u201d.<\/span><\/p>\n<p><span style=\"font-weight: 400;\">\u201cRealmente tenemos resultados que son m\u00e1s que satisfactorios, que nos entusiasman y nos permiten mostrar n\u00fameros de una contundencia que constituye un r\u00e9cord en t\u00e9rminos de liquidaciones y exportaciones en la historia argentina\u201d. &#8220;Ahora cada d\u00f3lar que entr\u00f3 lo tenemos que cuidar&#8221;, sostuvo el ministro.<\/span><\/p>\n<p><span style=\"font-weight: 400;\">Para el mes de septiembre el Banco Central (BCRA) embols\u00f3 reservas por $4.968 millones de d\u00f3lares (64% ingresado por el PIE) y alcanz\u00f3 un nivel de reservas de $37.621 millones de d\u00f3lares.<\/span><\/p>\n<p><span style=\"font-weight: 400;\">El economista <\/span><span style=\"color: #ff9900;\"><a style=\"color: #ff9900;\" href=\"https:\/\/www.infobae.com\/economia\/2022\/10\/03\/en-septiembre-el-banco-central-tuvo-que-pagar-230-pesos-por-cada-dolar-que-gano-de-reservas\/\"><span style=\"font-weight: 400;\">Jorge Vasconcelos, de IERAL<\/span><\/a><\/span><span style=\"font-weight: 400;\">, relata que la contraparte de estos ingresos corresponden a la mayor emisi\u00f3n monetaria (creaci\u00f3n de pesos) a la que acudi\u00f3 el BCRA para financiar el \u201cd\u00f3lar soja\u201d.\u00a0<\/span><\/p>\n<p><img loading=\"lazy\" decoding=\"async\" class=\"aligncenter size-full wp-image-6770\" src=\"https:\/\/tribunavm.com.ar\/wp-content\/uploads\/2022\/10\/torre-galicia-central-.jpg\" alt=\"\" width=\"1080\" height=\"1350\" srcset=\"https:\/\/tribunavm.com.ar\/wp-content\/uploads\/2022\/10\/torre-galicia-central-.jpg 1080w, https:\/\/tribunavm.com.ar\/wp-content\/uploads\/2022\/10\/torre-galicia-central--240x300.jpg 240w, https:\/\/tribunavm.com.ar\/wp-content\/uploads\/2022\/10\/torre-galicia-central--819x1024.jpg 819w, https:\/\/tribunavm.com.ar\/wp-content\/uploads\/2022\/10\/torre-galicia-central--768x960.jpg 768w, https:\/\/tribunavm.com.ar\/wp-content\/uploads\/2022\/10\/torre-galicia-central--750x938.jpg 750w\" sizes=\"(max-width: 1080px) 100vw, 1080px\" \/><\/p>\n<p><span style=\"font-weight: 400;\">En septiembre el Central emiti\u00f3 $1,2 billones de pesos para financiar las operaciones. Ese excedente de pesos luego fue \u201cesterilizado\u201d con la creaci\u00f3n de nuevas letras financieras como Leliqs y Notaliqs.<\/span><\/p>\n<p><span style=\"font-weight: 400;\">\u201cEntre el martes 6 y el viernes 30 de septiembre el Central compr\u00f3 $7.663,8 millones de d\u00f3lares \u2018sojeros\u2019 y vendi\u00f3 $2.692 millones \u2018no sojeros\u2019, lo que result\u00f3 en una compra neta de $4.971,8 millones de d\u00f3lares, la cifra en que engord\u00f3 sus reservas. Del cotejo entre emisi\u00f3n neta de pesos y variaci\u00f3n neta de reservas surge que <\/span><b>al Central cada d\u00f3lar le cost\u00f3 230,4 pesos<\/b><span style=\"font-weight: 400;\">\u201d , a\u00f1adi\u00f3 el analista.<\/span><\/p>\n<p><img loading=\"lazy\" decoding=\"async\" class=\"aligncenter size-full wp-image-6771\" src=\"https:\/\/tribunavm.com.ar\/wp-content\/uploads\/2022\/10\/Pasivos-remunerados-BCRA-sobre-base-monetaria.jpg\" alt=\"\" width=\"768\" height=\"432\" srcset=\"https:\/\/tribunavm.com.ar\/wp-content\/uploads\/2022\/10\/Pasivos-remunerados-BCRA-sobre-base-monetaria.jpg 768w, https:\/\/tribunavm.com.ar\/wp-content\/uploads\/2022\/10\/Pasivos-remunerados-BCRA-sobre-base-monetaria-300x169.jpg 300w, https:\/\/tribunavm.com.ar\/wp-content\/uploads\/2022\/10\/Pasivos-remunerados-BCRA-sobre-base-monetaria-750x422.jpg 750w\" sizes=\"(max-width: 768px) 100vw, 768px\" \/><\/p>\n<p><span style=\"font-weight: 400;\">Adem\u00e1s \u201clos \u2018pasivos remunerados\u2019 del Banco Central (la deuda que coloca entre los bancos para neutralizar la expansi\u00f3n monetaria), ya supera los 8 billones de pesos\u201d. \u201cDe hecho, en septiembre la emisi\u00f3n neta de pesos super\u00f3 el 27% de la Base Monetaria, un ritmo insostenible y que explica la transitoriedad del d\u00f3lar-soja\u201d, sentenci\u00f3.<\/span><\/p>\n<p><span style=\"font-weight: 400;\">La creaci\u00f3n de incentivos de liquidaci\u00f3n de d\u00f3lares al complejo sojero tuvo como medida el enroque financiero a trav\u00e9s del cual se emitieron m\u00e1s pesos y deuda para pagar esa diferencia. Por otro lado, las reservas tambi\u00e9n se vieron disminuidas ya que en septiembre se completaron pagos al FMI por $2.590 millones de d\u00f3lares.<\/span><\/p>\n<p><span style=\"font-weight: 400;\">Seg\u00fan <\/span><span style=\"color: #ff9900;\"><a style=\"color: #ff9900;\" href=\"https:\/\/www.elcohetealaluna.com\/aportes-y-contribuciones\/\"><span style=\"font-weight: 400;\">Horacio Rovelli, en su columna dominical<\/span><\/a><\/span><span style=\"font-weight: 400;\">, el\u00a0 \u201cd\u00f3lar soja\u201d incentiv\u00f3 la liquidaci\u00f3n de 8.123 millones de d\u00f3lares. Sin embargo, las reservas internacionales s\u00f3lo se hab\u00edan incrementado en 891 millones de d\u00f3lares.\u00a0<\/span><\/p>\n<p><span style=\"font-weight: 400;\">\u201cEn un mes, gracias al d\u00f3lar soja, el total de las Leliqs y Notaliqs se increment\u00f3 en casi un bill\u00f3n de pesos. Al 30 de septiembre, su masa total asciende a 7 billones de pesos (al tipo de cambio oficial es equivalente a 45.000 millones de d\u00f3lares), que se suman al pasivo de t\u00edtulos en pesos que financia el Tesoro de la Naci\u00f3n\u201d.<\/span><\/p>\n<p><span style=\"font-weight: 400;\">Entre el mejoramiento de los saldos exportables y el mecanismo financiero de ganancias para los bancos, crece la informalidad laboral, y los ingresos del 80% de los asalariados no llega a cubrir la canasta b\u00e1sica. Esto marca algunas pautas que el sesgo exportador solo crece a costa del mayor empobrecimiento de la clase trabajadora del pa\u00eds.<\/span><\/p>\n<\/div>\n<\/div>\n","protected":false},"excerpt":{"rendered":"<p>Una producci\u00f3n con matriz extractiva: d\u00f3lares y granos. Las 10 empresas con mayores beneficios del &#8220;d\u00f3lar soja&#8221;. La otra cara de la moneda, el 80% de los trabajadores no llegaron a cubrir con sus ingresos la canasta b\u00e1sica de una familia tipo. El control sobre la producci\u00f3n de los recursos y la capacidad de definir [&hellip;]<\/p>\n","protected":false},"author":2,"featured_media":6773,"comment_status":"open","ping_status":"open","sticky":false,"template":"","format":"standard","meta":{"_exactmetrics_skip_tracking":false,"_exactmetrics_sitenote_active":false,"_exactmetrics_sitenote_note":"","_exactmetrics_sitenote_category":0,"jnews-multi-image_gallery":[],"jnews_single_post":{"source_name":"","source_url":"","via_name":"","via_url":"","override_template":"0","override":[{"template":"1","single_blog_custom":"","parallax":"1","fullscreen":"1","layout":"right-sidebar","sidebar":"default-sidebar","second_sidebar":"default-sidebar","sticky_sidebar":"1","share_position":"top","share_float_style":"share-monocrhome","show_share_counter":"1","show_view_counter":"1","show_featured":"1","show_post_meta":"1","show_post_author":"1","show_post_author_image":"1","show_post_date":"1","post_date_format":"default","post_date_format_custom":"Y\/m\/d","show_post_category":"1","show_post_reading_time":"0","post_reading_time_wpm":"300","show_zoom_button":"0","zoom_button_out_step":"2","zoom_button_in_step":"3","show_post_tag":"1","show_prev_next_post":"1","show_popup_post":"1","number_popup_post":"1","show_author_box":"0","show_post_related":"0","show_inline_post_related":"0"}],"override_image_size":"0","image_override":[{"single_post_thumbnail_size":"crop-500","single_post_gallery_size":"crop-500"}],"trending_post":"0","trending_post_position":"meta","trending_post_label":"Trending","sponsored_post":"0","sponsored_post_label":"Sponsored by","sponsored_post_name":"","sponsored_post_url":"","sponsored_post_logo_enable":"0","sponsored_post_logo":"","sponsored_post_desc":""},"jnews_primary_category":{"id":"23"},"jnews_social_meta":{"fb_title":"","fb_description":"","fb_image":"","twitter_title":"","twitter_description":"","twitter_image":""},"jnews_override_counter":{"override_view_counter":"0","view_counter_number":"0","override_share_counter":"0","share_counter_number":"0","override_like_counter":"0","like_counter_number":"0","override_dislike_counter":"0","dislike_counter_number":"0"},"_joinchat":[],"footnotes":""},"categories":[23],"tags":[],"class_list":["post-6767","post","type-post","status-publish","format-standard","has-post-thumbnail","hentry","category-analisis"],"_links":{"self":[{"href":"https:\/\/tribunavm.com.ar\/index.php\/wp-json\/wp\/v2\/posts\/6767"}],"collection":[{"href":"https:\/\/tribunavm.com.ar\/index.php\/wp-json\/wp\/v2\/posts"}],"about":[{"href":"https:\/\/tribunavm.com.ar\/index.php\/wp-json\/wp\/v2\/types\/post"}],"author":[{"embeddable":true,"href":"https:\/\/tribunavm.com.ar\/index.php\/wp-json\/wp\/v2\/users\/2"}],"replies":[{"embeddable":true,"href":"https:\/\/tribunavm.com.ar\/index.php\/wp-json\/wp\/v2\/comments?post=6767"}],"version-history":[{"count":3,"href":"https:\/\/tribunavm.com.ar\/index.php\/wp-json\/wp\/v2\/posts\/6767\/revisions"}],"predecessor-version":[{"id":6792,"href":"https:\/\/tribunavm.com.ar\/index.php\/wp-json\/wp\/v2\/posts\/6767\/revisions\/6792"}],"wp:featuredmedia":[{"embeddable":true,"href":"https:\/\/tribunavm.com.ar\/index.php\/wp-json\/wp\/v2\/media\/6773"}],"wp:attachment":[{"href":"https:\/\/tribunavm.com.ar\/index.php\/wp-json\/wp\/v2\/media?parent=6767"}],"wp:term":[{"taxonomy":"category","embeddable":true,"href":"https:\/\/tribunavm.com.ar\/index.php\/wp-json\/wp\/v2\/categories?post=6767"},{"taxonomy":"post_tag","embeddable":true,"href":"https:\/\/tribunavm.com.ar\/index.php\/wp-json\/wp\/v2\/tags?post=6767"}],"curies":[{"name":"wp","href":"https:\/\/api.w.org\/{rel}","templated":true}]}}