{"id":6799,"date":"2022-10-19T19:26:49","date_gmt":"2022-10-19T19:26:49","guid":{"rendered":"https:\/\/tribunavm.com.ar\/?p=6799"},"modified":"2022-10-19T19:33:00","modified_gmt":"2022-10-19T19:33:00","slug":"contundente-paro-de-trabajadores-de-prensa","status":"publish","type":"post","link":"https:\/\/tribunavm.com.ar\/index.php\/2022\/10\/19\/contundente-paro-de-trabajadores-de-prensa\/","title":{"rendered":"Contundente paro de trabajadores de prensa"},"content":{"rendered":"<div class=\"row clearfix\">\n<div class=\"col-md-8\">\n<div class=\"intro-text\">\n<p><span style=\"font-weight: 400;\">Se realiz\u00f3 en reclamo por aumento salarial. En paralelo se realiz\u00f3 una jornada nacional de lucha organizada desde FATPREN. Los medios autogestionados apoyaron la medida con sus consignas.<\/span><\/p>\n<\/div>\n<p><span style=\"font-weight: 400;\"><span class=\"dropcap \" style=\"background-color: #ffffff; color: #dd9933; border-color: #ffffff;\">E<\/span>l d\u00eda de hoy se realiz\u00f3 un contundente paro de trabajadores de prensa de toda la provincia nucleados en el C\u00edrculo Sindical de la Prensa y la Comunicaci\u00f3n (CISPREN), el gremio del sector, para exigir un aumento del 50% para el semestre.<\/span><\/p>\n<p><span style=\"font-weight: 400;\">En la ciudad de C\u00f3rdoba se llev\u00f3 a cabo una movilizaci\u00f3n y volanteada, mientras que en la ciudad de R\u00edo Cuarto y Villa Mar\u00eda se realizaron asambleas y actividades de difusi\u00f3n de la jornada de lucha.<\/span><\/p>\n<p><img loading=\"lazy\" decoding=\"async\" class=\"aligncenter size-full wp-image-6807\" src=\"https:\/\/tribunavm.com.ar\/wp-content\/uploads\/2022\/10\/WhatsApp-Image-2022-10-19-at-13.00.10.jpeg\" alt=\"\" width=\"1600\" height=\"720\" srcset=\"https:\/\/tribunavm.com.ar\/wp-content\/uploads\/2022\/10\/WhatsApp-Image-2022-10-19-at-13.00.10.jpeg 1600w, https:\/\/tribunavm.com.ar\/wp-content\/uploads\/2022\/10\/WhatsApp-Image-2022-10-19-at-13.00.10-300x135.jpeg 300w, https:\/\/tribunavm.com.ar\/wp-content\/uploads\/2022\/10\/WhatsApp-Image-2022-10-19-at-13.00.10-1024x461.jpeg 1024w, https:\/\/tribunavm.com.ar\/wp-content\/uploads\/2022\/10\/WhatsApp-Image-2022-10-19-at-13.00.10-768x346.jpeg 768w, https:\/\/tribunavm.com.ar\/wp-content\/uploads\/2022\/10\/WhatsApp-Image-2022-10-19-at-13.00.10-1536x691.jpeg 1536w, https:\/\/tribunavm.com.ar\/wp-content\/uploads\/2022\/10\/WhatsApp-Image-2022-10-19-at-13.00.10-750x338.jpeg 750w, https:\/\/tribunavm.com.ar\/wp-content\/uploads\/2022\/10\/WhatsApp-Image-2022-10-19-at-13.00.10-1140x513.jpeg 1140w\" sizes=\"(max-width: 1600px) 100vw, 1600px\" \/><\/p>\n<p><span style=\"font-weight: 400;\">Adem\u00e1s, la iniciativa estuvo enmarcada en la jornada nacional de lucha impulsada por la Federaci\u00f3n Argentina de Trabajadores de Prensa (FATPREN). \u201cAnte la emergencia laboral en prensa con sueldos por debajo de la canasta b\u00e1sica y una inflaci\u00f3n incesante, desde FATPREN y los sindicatos adheridos colocamos nuestros reclamos y denuncias en las tapas de los medios de todo el pa\u00eds en el marco de la jornada nacional de lucha que estamos llevando adelante hoy\u201d, comentaron por redes sociales.<\/span><\/p>\n<p><img loading=\"lazy\" decoding=\"async\" class=\"aligncenter size-full wp-image-6800\" src=\"https:\/\/tribunavm.com.ar\/wp-content\/uploads\/2022\/10\/WhatsApp-Image-2022-10-17-at-20.31.32.jpeg\" alt=\"\" width=\"1080\" height=\"1080\" srcset=\"https:\/\/tribunavm.com.ar\/wp-content\/uploads\/2022\/10\/WhatsApp-Image-2022-10-17-at-20.31.32.jpeg 1080w, https:\/\/tribunavm.com.ar\/wp-content\/uploads\/2022\/10\/WhatsApp-Image-2022-10-17-at-20.31.32-300x300.jpeg 300w, https:\/\/tribunavm.com.ar\/wp-content\/uploads\/2022\/10\/WhatsApp-Image-2022-10-17-at-20.31.32-1024x1024.jpeg 1024w, https:\/\/tribunavm.com.ar\/wp-content\/uploads\/2022\/10\/WhatsApp-Image-2022-10-17-at-20.31.32-150x150.jpeg 150w, https:\/\/tribunavm.com.ar\/wp-content\/uploads\/2022\/10\/WhatsApp-Image-2022-10-17-at-20.31.32-768x768.jpeg 768w, https:\/\/tribunavm.com.ar\/wp-content\/uploads\/2022\/10\/WhatsApp-Image-2022-10-17-at-20.31.32-75x75.jpeg 75w, https:\/\/tribunavm.com.ar\/wp-content\/uploads\/2022\/10\/WhatsApp-Image-2022-10-17-at-20.31.32-750x750.jpeg 750w\" sizes=\"(max-width: 1080px) 100vw, 1080px\" \/><\/p>\n<p><span style=\"font-weight: 400;\">Durante la jornada, empresas del sector solicitaron al Ministerio de Trabajo que se dicte la conciliaci\u00f3n obligatoria, cuesti\u00f3n acatada por el sindicato. La adhesi\u00f3n hasta ese momento fue masiva.<\/span><\/p>\n<p><span style=\"color: #ff9900;\"><b>Sobran los motivos<\/b><\/span><\/p>\n<p><span style=\"font-weight: 400;\">El sindicato comunic\u00f3 su definici\u00f3n luego de rechazar la propuesta salarial de la patronal, ya que los porcentajes son \u201cinsuficientes y no se adec\u00faan a las previsiones del Conv. 95 de la OIT y a los precedentes de la Corte Suprema de Justicia en relaci\u00f3n a la inconstitucionalidad del pago de sumas no remunerativas\u201d.<\/span><\/p>\n<p><img loading=\"lazy\" decoding=\"async\" class=\"aligncenter size-full wp-image-6801\" src=\"https:\/\/tribunavm.com.ar\/wp-content\/uploads\/2022\/10\/312116639_3318642925120541_1255990151399093708_n.jpg\" alt=\"\" width=\"512\" height=\"640\" srcset=\"https:\/\/tribunavm.com.ar\/wp-content\/uploads\/2022\/10\/312116639_3318642925120541_1255990151399093708_n.jpg 512w, https:\/\/tribunavm.com.ar\/wp-content\/uploads\/2022\/10\/312116639_3318642925120541_1255990151399093708_n-240x300.jpg 240w\" sizes=\"(max-width: 512px) 100vw, 512px\" \/><\/p>\n<p><span style=\"font-weight: 400;\">La propuesta labrada por las empresas de medios no llega a cubrir \u201cla previsi\u00f3n de inflaci\u00f3n informada por el Banco Central (BCRA) para el corriente a\u00f1o, del 100%\u201d, seg\u00fan el comunicado del sindicato provincial. Estos aspectos se vienen mencionando en asambleas por medios y distintas reuniones mantenidas entre el sindicato y los trabajadores de prensa de toda la provincia.<\/span><\/p>\n<p><span style=\"color: #ff9900;\"><b>Boicot empresarial<\/b><\/span><\/p>\n<p><span style=\"font-weight: 400;\">Ayer, el Cispren repudi\u00f3 p\u00fablicamente a las empresas period\u00edsticas de la provincia que participan en la mesa paritaria por \u201cmala fe negocial y pr\u00e1ctica desleal al no comparecer en la audiencia de este martes en el Ministerio de Trabajo de la Naci\u00f3n\u201d, exigiendo \u201cque se apliquen las sanciones correspondientes por la mencionada incomparencia\u201d.<\/span><\/p>\n<p><img loading=\"lazy\" decoding=\"async\" class=\"aligncenter size-full wp-image-6804\" src=\"https:\/\/tribunavm.com.ar\/wp-content\/uploads\/2022\/10\/312175882_3319531211698379_2003389926989706047_n.jpg\" alt=\"\" width=\"526\" height=\"522\" srcset=\"https:\/\/tribunavm.com.ar\/wp-content\/uploads\/2022\/10\/312175882_3319531211698379_2003389926989706047_n.jpg 526w, https:\/\/tribunavm.com.ar\/wp-content\/uploads\/2022\/10\/312175882_3319531211698379_2003389926989706047_n-300x298.jpg 300w, https:\/\/tribunavm.com.ar\/wp-content\/uploads\/2022\/10\/312175882_3319531211698379_2003389926989706047_n-150x150.jpg 150w, https:\/\/tribunavm.com.ar\/wp-content\/uploads\/2022\/10\/312175882_3319531211698379_2003389926989706047_n-75x75.jpg 75w\" sizes=\"(max-width: 526px) 100vw, 526px\" \/><\/p>\n<p><span style=\"font-weight: 400;\">Adem\u00e1s, denunci\u00f3 a \u201cLa Voz del Interior por pr\u00e1cticas antisindicales al pretender no autorizar una asamblea notificada en tiempo y forma como establece la ley y por actitudes intimidatorias para desalentar la adhesi\u00f3n\u201d e inst\u00f3 a los trabajadores del sector a adherir a la medida de fuerza.<\/span><\/p>\n<p><span style=\"color: #ff9900;\"><b>Solidaridad del movimiento obrero<\/b><\/span><\/p>\n<p><span style=\"font-weight: 400;\">En la ciudad de Villa Mar\u00eda, las organizaciones del movimiento obrero expresaron su solidaridad con los trabajadores de prensa. Edgardo Garmendia, secretario general de la CGT, Enrique Godoy, secretario general de la CTA Aut\u00f3noma, y Fernando Mercado, secretario general de ATE, hicieron llegar su apoyo a trav\u00e9s de fotos y videos.<\/span><\/p>\n<p><img loading=\"lazy\" decoding=\"async\" class=\"aligncenter size-full wp-image-6802\" src=\"https:\/\/tribunavm.com.ar\/wp-content\/uploads\/2022\/10\/WhatsApp-Image-2022-10-18-at-21.19.58.jpeg\" alt=\"\" width=\"1034\" height=\"1280\" srcset=\"https:\/\/tribunavm.com.ar\/wp-content\/uploads\/2022\/10\/WhatsApp-Image-2022-10-18-at-21.19.58.jpeg 1034w, https:\/\/tribunavm.com.ar\/wp-content\/uploads\/2022\/10\/WhatsApp-Image-2022-10-18-at-21.19.58-242x300.jpeg 242w, https:\/\/tribunavm.com.ar\/wp-content\/uploads\/2022\/10\/WhatsApp-Image-2022-10-18-at-21.19.58-827x1024.jpeg 827w, https:\/\/tribunavm.com.ar\/wp-content\/uploads\/2022\/10\/WhatsApp-Image-2022-10-18-at-21.19.58-768x951.jpeg 768w, https:\/\/tribunavm.com.ar\/wp-content\/uploads\/2022\/10\/WhatsApp-Image-2022-10-18-at-21.19.58-750x928.jpeg 750w\" sizes=\"(max-width: 1034px) 100vw, 1034px\" \/><\/p>\n<p><span style=\"color: #ff9900;\"><b>Medios autogestionados en lucha<\/b><\/span><\/p>\n<p><span style=\"font-weight: 400;\">Trabajadores de medios autogestionados de C\u00f3rdoba realizaron una reuni\u00f3n el d\u00eda lunes para acompa\u00f1ar la protesta y solidarizarse con los trabajadores de los medios de comunicaci\u00f3n tradicionales, definiendo una jornada de paro y lucha para el d\u00eda de hoy.\u00a0<\/span><\/p>\n<p><img loading=\"lazy\" decoding=\"async\" class=\"aligncenter size-full wp-image-6803\" src=\"https:\/\/tribunavm.com.ar\/wp-content\/uploads\/2022\/10\/WhatsApp-Image-2022-10-18-at-12.37.13.jpeg\" alt=\"\" width=\"1024\" height=\"1280\" srcset=\"https:\/\/tribunavm.com.ar\/wp-content\/uploads\/2022\/10\/WhatsApp-Image-2022-10-18-at-12.37.13.jpeg 1024w, https:\/\/tribunavm.com.ar\/wp-content\/uploads\/2022\/10\/WhatsApp-Image-2022-10-18-at-12.37.13-240x300.jpeg 240w, https:\/\/tribunavm.com.ar\/wp-content\/uploads\/2022\/10\/WhatsApp-Image-2022-10-18-at-12.37.13-819x1024.jpeg 819w, https:\/\/tribunavm.com.ar\/wp-content\/uploads\/2022\/10\/WhatsApp-Image-2022-10-18-at-12.37.13-768x960.jpeg 768w, https:\/\/tribunavm.com.ar\/wp-content\/uploads\/2022\/10\/WhatsApp-Image-2022-10-18-at-12.37.13-750x938.jpeg 750w\" sizes=\"(max-width: 1024px) 100vw, 1024px\" \/><\/p>\n<p><span style=\"font-weight: 400;\">En las definiciones enunciaron que \u201cvivimos bajo la l\u00ednea de pobreza mientras las grandes empresas period\u00edsticas duplicaron su pauta publicitaria oficial\u201d, por ello \u201cluchamos por el 50% de aumento salarial y por la democratizaci\u00f3n de la pauta oficial\u201d; \u201cPeleamos contra la precarizaci\u00f3n y sobrecarga laboral a la que nos someten las empresas period\u00edsticas\u201d; \u201cDemandamos la efectivizaci\u00f3n, en sus puestos de trabajo, de todes les trabajadores contratados y contratadas\u201d; entre otras demandas.<\/span><\/p>\n<\/div>\n<p>&nbsp;<\/p>\n<\/div>\n","protected":false},"excerpt":{"rendered":"<p>Se realiz\u00f3 en reclamo por aumento salarial. En paralelo se realiz\u00f3 una jornada nacional de lucha organizada desde FATPREN. Los medios autogestionados apoyaron la medida con sus consignas. El d\u00eda de hoy se realiz\u00f3 un contundente paro de trabajadores de prensa de toda la provincia nucleados en el C\u00edrculo Sindical de la Prensa y la [&hellip;]<\/p>\n","protected":false},"author":2,"featured_media":6805,"comment_status":"open","ping_status":"open","sticky":false,"template":"","format":"standard","meta":{"_exactmetrics_skip_tracking":false,"_exactmetrics_sitenote_active":false,"_exactmetrics_sitenote_note":"","_exactmetrics_sitenote_category":0,"jnews-multi-image_gallery":[],"jnews_single_post":{"source_name":"","source_url":"","via_name":"","via_url":"","override_template":"0","override":[{"template":"1","single_blog_custom":"","parallax":"1","fullscreen":"1","layout":"right-sidebar","sidebar":"default-sidebar","second_sidebar":"default-sidebar","sticky_sidebar":"1","share_position":"top","share_float_style":"share-monocrhome","show_share_counter":"1","show_view_counter":"1","show_featured":"1","show_post_meta":"1","show_post_author":"1","show_post_author_image":"1","show_post_date":"1","post_date_format":"default","post_date_format_custom":"Y\/m\/d","show_post_category":"1","show_post_reading_time":"0","post_reading_time_wpm":"300","show_zoom_button":"0","zoom_button_out_step":"2","zoom_button_in_step":"3","show_post_tag":"1","show_prev_next_post":"1","show_popup_post":"1","number_popup_post":"1","show_author_box":"0","show_post_related":"0","show_inline_post_related":"0"}],"override_image_size":"0","image_override":[{"single_post_thumbnail_size":"crop-500","single_post_gallery_size":"crop-500"}],"trending_post":"0","trending_post_position":"meta","trending_post_label":"Trending","sponsored_post":"0","sponsored_post_label":"Sponsored by","sponsored_post_name":"","sponsored_post_url":"","sponsored_post_logo_enable":"0","sponsored_post_logo":"","sponsored_post_desc":""},"jnews_primary_category":{"id":"22"},"jnews_social_meta":{"fb_title":"","fb_description":"","fb_image":"","twitter_title":"","twitter_description":"","twitter_image":""},"jnews_override_counter":{"override_view_counter":"0","view_counter_number":"0","override_share_counter":"0","share_counter_number":"0","override_like_counter":"0","like_counter_number":"0","override_dislike_counter":"0","dislike_counter_number":"0"},"_joinchat":[],"footnotes":""},"categories":[22],"tags":[267,192,35],"class_list":["post-6799","post","type-post","status-publish","format-standard","has-post-thumbnail","hentry","category-actualidad","tag-edicion-digiital","tag-movimiento","tag-trabajadores"],"_links":{"self":[{"href":"https:\/\/tribunavm.com.ar\/index.php\/wp-json\/wp\/v2\/posts\/6799"}],"collection":[{"href":"https:\/\/tribunavm.com.ar\/index.php\/wp-json\/wp\/v2\/posts"}],"about":[{"href":"https:\/\/tribunavm.com.ar\/index.php\/wp-json\/wp\/v2\/types\/post"}],"author":[{"embeddable":true,"href":"https:\/\/tribunavm.com.ar\/index.php\/wp-json\/wp\/v2\/users\/2"}],"replies":[{"embeddable":true,"href":"https:\/\/tribunavm.com.ar\/index.php\/wp-json\/wp\/v2\/comments?post=6799"}],"version-history":[{"count":3,"href":"https:\/\/tribunavm.com.ar\/index.php\/wp-json\/wp\/v2\/posts\/6799\/revisions"}],"predecessor-version":[{"id":6809,"href":"https:\/\/tribunavm.com.ar\/index.php\/wp-json\/wp\/v2\/posts\/6799\/revisions\/6809"}],"wp:featuredmedia":[{"embeddable":true,"href":"https:\/\/tribunavm.com.ar\/index.php\/wp-json\/wp\/v2\/media\/6805"}],"wp:attachment":[{"href":"https:\/\/tribunavm.com.ar\/index.php\/wp-json\/wp\/v2\/media?parent=6799"}],"wp:term":[{"taxonomy":"category","embeddable":true,"href":"https:\/\/tribunavm.com.ar\/index.php\/wp-json\/wp\/v2\/categories?post=6799"},{"taxonomy":"post_tag","embeddable":true,"href":"https:\/\/tribunavm.com.ar\/index.php\/wp-json\/wp\/v2\/tags?post=6799"}],"curies":[{"name":"wp","href":"https:\/\/api.w.org\/{rel}","templated":true}]}}