{"id":6831,"date":"2022-10-24T02:12:21","date_gmt":"2022-10-24T02:12:21","guid":{"rendered":"https:\/\/tribunavm.com.ar\/?p=6831"},"modified":"2022-10-24T02:12:21","modified_gmt":"2022-10-24T02:12:21","slug":"castillo-acude-a-la-oea-para-la-preservacion-de-la-institucionalidad-democratica","status":"publish","type":"post","link":"https:\/\/tribunavm.com.ar\/index.php\/2022\/10\/24\/castillo-acude-a-la-oea-para-la-preservacion-de-la-institucionalidad-democratica\/","title":{"rendered":"Castillo acude a la OEA para la \u201cpreservaci\u00f3n de la institucionalidad democr\u00e1tica\u201d"},"content":{"rendered":"<div class=\"row clearfix\">\n<div class=\"col-md-8\">\n<div class=\"intro-text\">\n<p><span style=\"font-weight: 400;\">Tras la denuncia formal de la Fiscal\u00eda ante el Congreso, el presidente de Per\u00fa activ\u00f3 la llamada \u201cCarta Democr\u00e1tica\u201d de la OEA. El organismo enviar\u00e1 una delegaci\u00f3n.<\/span><\/p>\n<\/div>\n<p><span style=\"font-weight: 400;\"><span class=\"dropcap \" style=\"background-color: #ffffff; color: #dd9933; border-color: #ffffff;\">E<\/span>n un nuevo episodio de las disputas pol\u00edticas, la Fiscal\u00eda envi\u00f3 una nueva denuncia por corrupci\u00f3n contra Castillo al Congreso de la Rep\u00fablica del Per\u00fa.\u00a0<\/span><\/p>\n<p><span style=\"font-weight: 400;\">La denuncia de la Justicia fue interpretada por el gobierno como un nuevo intento para destituirlo ilegalmente, intento que se sumar\u00eda a las tres presentaciones de \u201cmociones de vacancia\u201d a lo largo de su mandato.<\/span><\/p>\n<p><span style=\"font-weight: 400;\">Ante esta situaci\u00f3n, el presidente solicit\u00f3 la activaci\u00f3n de los art\u00edculos 17 y 18 de la Carta Democr\u00e1tica Interamericana de la Organizaci\u00f3n de Estados Americanos (OEA). La normativa establece que \u201ccuando el gobierno de un Estado Miembro considere que est\u00e1 en riesgo su proceso pol\u00edtico institucional democr\u00e1tico o su leg\u00edtimo ejercicio del poder, podr\u00e1 recurrir al Secretario General o el Consejo Permanente, a fin de solicitar asistencia para el fortalecimiento y preservaci\u00f3n de la institucionalidad democr\u00e1tica\u201d.<\/span><\/p>\n<p><span style=\"font-weight: 400;\">Tras el pedido de Castillo, el Consejo Permanente de la OEA se reuni\u00f3 de forma extraordinaria y concert\u00f3 el env\u00edo de una delegaci\u00f3n que formar\u00e1n equipos expertos de los Estados Miembros de la OEA.\u00a0<\/span><\/p>\n<p><span style=\"font-weight: 400;\">Seg\u00fan la resoluci\u00f3n comunicada por el organismo, el grupo de trabajo buscar\u00e1 &#8220;promover el di\u00e1logo\u201d y fortalecer el &#8220;sistema democr\u00e1tico\u201d de Per\u00fa. Hasta el momento no se ha detallado la fecha en la cual se enviar\u00e1 el equipo.<\/span><\/p>\n<p><span style=\"font-weight: 400;\">La \u00faltima vez que la OEA envi\u00f3 un grupo de estas caracter\u00edsticas fue en 2021 cuando El Salvador solicit\u00f3 asistencia para \u201cfortalecer el estado de derecho\u201d en el marco de las elecciones legislativas.<\/span><\/p>\n<\/div>\n<\/div>\n","protected":false},"excerpt":{"rendered":"<p>Tras la denuncia formal de la Fiscal\u00eda ante el Congreso, el presidente de Per\u00fa activ\u00f3 la llamada \u201cCarta Democr\u00e1tica\u201d de la OEA. El organismo enviar\u00e1 una delegaci\u00f3n. En un nuevo episodio de las disputas pol\u00edticas, la Fiscal\u00eda envi\u00f3 una nueva denuncia por corrupci\u00f3n contra Castillo al Congreso de la Rep\u00fablica del Per\u00fa.\u00a0 La denuncia de [&hellip;]<\/p>\n","protected":false},"author":2,"featured_media":6832,"comment_status":"open","ping_status":"open","sticky":false,"template":"","format":"standard","meta":{"_exactmetrics_skip_tracking":false,"_exactmetrics_sitenote_active":false,"_exactmetrics_sitenote_note":"","_exactmetrics_sitenote_category":0,"jnews-multi-image_gallery":[],"jnews_single_post":{"source_name":"","source_url":"","via_name":"","via_url":"","override_template":"0","override":[{"template":"1","single_blog_custom":"","parallax":"1","fullscreen":"1","layout":"right-sidebar","sidebar":"default-sidebar","second_sidebar":"default-sidebar","sticky_sidebar":"1","share_position":"top","share_float_style":"share-monocrhome","show_share_counter":"1","show_view_counter":"1","show_featured":"1","show_post_meta":"1","show_post_author":"1","show_post_author_image":"1","show_post_date":"1","post_date_format":"default","post_date_format_custom":"Y\/m\/d","show_post_category":"1","show_post_reading_time":"0","post_reading_time_wpm":"300","show_zoom_button":"0","zoom_button_out_step":"2","zoom_button_in_step":"3","show_post_tag":"1","show_prev_next_post":"1","show_popup_post":"1","number_popup_post":"1","show_author_box":"0","show_post_related":"0","show_inline_post_related":"0"}],"override_image_size":"0","image_override":[{"single_post_thumbnail_size":"crop-500","single_post_gallery_size":"crop-500"}],"trending_post":"0","trending_post_position":"meta","trending_post_label":"Trending","sponsored_post":"0","sponsored_post_label":"Sponsored by","sponsored_post_name":"","sponsored_post_url":"","sponsored_post_logo_enable":"0","sponsored_post_logo":"","sponsored_post_desc":""},"jnews_primary_category":{"id":"Latinoamerica"},"jnews_social_meta":{"fb_title":"","fb_description":"","fb_image":"","twitter_title":"","twitter_description":"","twitter_image":""},"jnews_override_counter":{"override_view_counter":"0","view_counter_number":"0","override_share_counter":"0","share_counter_number":"0","override_like_counter":"0","like_counter_number":"0","override_dislike_counter":"0","dislike_counter_number":"0"},"_joinchat":[],"footnotes":""},"categories":[22],"tags":[268,69],"class_list":["post-6831","post","type-post","status-publish","format-standard","has-post-thumbnail","hentry","category-actualidad","tag-edicion-100","tag-latinoamerica"],"_links":{"self":[{"href":"https:\/\/tribunavm.com.ar\/index.php\/wp-json\/wp\/v2\/posts\/6831"}],"collection":[{"href":"https:\/\/tribunavm.com.ar\/index.php\/wp-json\/wp\/v2\/posts"}],"about":[{"href":"https:\/\/tribunavm.com.ar\/index.php\/wp-json\/wp\/v2\/types\/post"}],"author":[{"embeddable":true,"href":"https:\/\/tribunavm.com.ar\/index.php\/wp-json\/wp\/v2\/users\/2"}],"replies":[{"embeddable":true,"href":"https:\/\/tribunavm.com.ar\/index.php\/wp-json\/wp\/v2\/comments?post=6831"}],"version-history":[{"count":1,"href":"https:\/\/tribunavm.com.ar\/index.php\/wp-json\/wp\/v2\/posts\/6831\/revisions"}],"predecessor-version":[{"id":6833,"href":"https:\/\/tribunavm.com.ar\/index.php\/wp-json\/wp\/v2\/posts\/6831\/revisions\/6833"}],"wp:featuredmedia":[{"embeddable":true,"href":"https:\/\/tribunavm.com.ar\/index.php\/wp-json\/wp\/v2\/media\/6832"}],"wp:attachment":[{"href":"https:\/\/tribunavm.com.ar\/index.php\/wp-json\/wp\/v2\/media?parent=6831"}],"wp:term":[{"taxonomy":"category","embeddable":true,"href":"https:\/\/tribunavm.com.ar\/index.php\/wp-json\/wp\/v2\/categories?post=6831"},{"taxonomy":"post_tag","embeddable":true,"href":"https:\/\/tribunavm.com.ar\/index.php\/wp-json\/wp\/v2\/tags?post=6831"}],"curies":[{"name":"wp","href":"https:\/\/api.w.org\/{rel}","templated":true}]}}