{"id":6834,"date":"2022-10-24T02:15:19","date_gmt":"2022-10-24T02:15:19","guid":{"rendered":"https:\/\/tribunavm.com.ar\/?p=6834"},"modified":"2022-10-24T02:15:19","modified_gmt":"2022-10-24T02:15:19","slug":"el-pueblo-haitiano-se-moviliza-contra-la-intervencion-extranjera","status":"publish","type":"post","link":"https:\/\/tribunavm.com.ar\/index.php\/2022\/10\/24\/el-pueblo-haitiano-se-moviliza-contra-la-intervencion-extranjera\/","title":{"rendered":"El pueblo haitiano se moviliza contra la intervenci\u00f3n extranjera"},"content":{"rendered":"<div class=\"row clearfix\">\n<div class=\"col-md-8\">\n<p>Your Content Goes Here<\/p>\n<div class=\"intro-text\">\n<p><span style=\"font-weight: 400;\">Miles de haitianos tomaron las calles para protestar contra la llegada de tropas extranjeras al suelo caribe\u00f1o. El primer ministro, Ariel Henry, solicit\u00f3 a la ONU el despliegue de fuerzas militares internacionales para combatir al crimen organizado.<\/span><\/p>\n<\/div>\n<p><span style=\"font-weight: 400;\"><span class=\"dropcap \" style=\"background-color: #ffffff; color: #dd9933; border-color: #ffffff;\">H<\/span>ait\u00ed vive d\u00edas convulsos. La crisis pol\u00edtica haitiana, recrudecida tras el magnicidio de Jovenel Moise del 7 de julio de 2021, ha dado un nuevo cap\u00edtulo tras el pedido de env\u00edo de tropas extranjeras para enfrentar a las \u201cbandas criminales\u201d por parte de Ariel Henry, primer ministro.<\/span><\/p>\n<p><span style=\"font-weight: 400;\">El petitorio ha generado un gran malestar en la poblaci\u00f3n haitiana, que ha convivido con soldados y fuerzas armadas for\u00e1neas en las \u00faltimas d\u00e9cadas. En este marco de malestar social se dieron movilizaciones que reunieron a miles de haitianos en Puerto Pr\u00edncipe, capital del pa\u00eds.\u00a0<\/span><\/p>\n<p><img loading=\"lazy\" decoding=\"async\" class=\"aligncenter size-full wp-image-6836\" src=\"https:\/\/tribunavm.com.ar\/wp-content\/uploads\/2022\/10\/Haiti-2.jpg\" alt=\"\" width=\"828\" height=\"552\" srcset=\"https:\/\/tribunavm.com.ar\/wp-content\/uploads\/2022\/10\/Haiti-2.jpg 828w, https:\/\/tribunavm.com.ar\/wp-content\/uploads\/2022\/10\/Haiti-2-300x200.jpg 300w, https:\/\/tribunavm.com.ar\/wp-content\/uploads\/2022\/10\/Haiti-2-768x512.jpg 768w, https:\/\/tribunavm.com.ar\/wp-content\/uploads\/2022\/10\/Haiti-2-750x500.jpg 750w\" sizes=\"(max-width: 828px) 100vw, 828px\" \/><\/p>\n<p><span style=\"font-weight: 400;\">Asimismo, la protesta contra la intervenci\u00f3n extranjera se suma a las cr\u00edticas de la sociedad al gobierno en un contexto de crisis econ\u00f3mica y social provocada por el aumento de los precios de los alimentos y del combustible. Adem\u00e1s, las alarmas encendidas por la llegada de aviones norteamericanos en las \u00faltimas semanas y la preocupaci\u00f3n sanitaria por el regreso del c\u00f3lera, enfermedad supuestamente erradicada hace 10 a\u00f1os.<\/span><\/p>\n<p><span style=\"font-weight: 400;\">Ante la situaci\u00f3n en suelo caribe\u00f1o, el Consejo de Seguridad de la ONU aprob\u00f3 una Resoluci\u00f3n, impulsada por EE.UU. y M\u00e9xico, para exigir \u201cel cese inmediato de la violencia\u201d en la que se incluyen medidas tales como el congelamiento de activos, prohibiciones de viaje y embargo de armas durante un a\u00f1o.<\/span><\/p>\n<\/div>\n<\/div>\n","protected":false},"excerpt":{"rendered":"<p>Your Content Goes Here Miles de haitianos tomaron las calles para protestar contra la llegada de tropas extranjeras al suelo caribe\u00f1o. El primer ministro, Ariel Henry, solicit\u00f3 a la ONU el despliegue de fuerzas militares internacionales para combatir al crimen organizado. Hait\u00ed vive d\u00edas convulsos. La crisis pol\u00edtica haitiana, recrudecida tras el magnicidio de Jovenel [&hellip;]<\/p>\n","protected":false},"author":2,"featured_media":6835,"comment_status":"open","ping_status":"open","sticky":false,"template":"","format":"standard","meta":{"_exactmetrics_skip_tracking":false,"_exactmetrics_sitenote_active":false,"_exactmetrics_sitenote_note":"","_exactmetrics_sitenote_category":0,"jnews-multi-image_gallery":[],"jnews_single_post":{"source_name":"","source_url":"","via_name":"","via_url":"","override_template":"0","override":[{"template":"1","single_blog_custom":"","parallax":"1","fullscreen":"1","layout":"right-sidebar","sidebar":"default-sidebar","second_sidebar":"default-sidebar","sticky_sidebar":"1","share_position":"top","share_float_style":"share-monocrhome","show_share_counter":"1","show_view_counter":"1","show_featured":"1","show_post_meta":"1","show_post_author":"1","show_post_author_image":"1","show_post_date":"1","post_date_format":"default","post_date_format_custom":"Y\/m\/d","show_post_category":"1","show_post_reading_time":"0","post_reading_time_wpm":"300","show_zoom_button":"0","zoom_button_out_step":"2","zoom_button_in_step":"3","show_post_tag":"1","show_prev_next_post":"1","show_popup_post":"1","number_popup_post":"1","show_author_box":"0","show_post_related":"0","show_inline_post_related":"0"}],"override_image_size":"0","image_override":[{"single_post_thumbnail_size":"crop-500","single_post_gallery_size":"crop-500"}],"trending_post":"0","trending_post_position":"meta","trending_post_label":"Trending","sponsored_post":"0","sponsored_post_label":"Sponsored by","sponsored_post_name":"","sponsored_post_url":"","sponsored_post_logo_enable":"0","sponsored_post_logo":"","sponsored_post_desc":""},"jnews_primary_category":{"id":"22"},"jnews_social_meta":{"fb_title":"","fb_description":"","fb_image":"","twitter_title":"","twitter_description":"","twitter_image":""},"jnews_override_counter":{"override_view_counter":"0","view_counter_number":"0","override_share_counter":"0","share_counter_number":"0","override_like_counter":"0","like_counter_number":"0","override_dislike_counter":"0","dislike_counter_number":"0"},"_joinchat":[],"footnotes":""},"categories":[22],"tags":[],"class_list":["post-6834","post","type-post","status-publish","format-standard","has-post-thumbnail","hentry","category-actualidad"],"_links":{"self":[{"href":"https:\/\/tribunavm.com.ar\/index.php\/wp-json\/wp\/v2\/posts\/6834"}],"collection":[{"href":"https:\/\/tribunavm.com.ar\/index.php\/wp-json\/wp\/v2\/posts"}],"about":[{"href":"https:\/\/tribunavm.com.ar\/index.php\/wp-json\/wp\/v2\/types\/post"}],"author":[{"embeddable":true,"href":"https:\/\/tribunavm.com.ar\/index.php\/wp-json\/wp\/v2\/users\/2"}],"replies":[{"embeddable":true,"href":"https:\/\/tribunavm.com.ar\/index.php\/wp-json\/wp\/v2\/comments?post=6834"}],"version-history":[{"count":1,"href":"https:\/\/tribunavm.com.ar\/index.php\/wp-json\/wp\/v2\/posts\/6834\/revisions"}],"predecessor-version":[{"id":6837,"href":"https:\/\/tribunavm.com.ar\/index.php\/wp-json\/wp\/v2\/posts\/6834\/revisions\/6837"}],"wp:featuredmedia":[{"embeddable":true,"href":"https:\/\/tribunavm.com.ar\/index.php\/wp-json\/wp\/v2\/media\/6835"}],"wp:attachment":[{"href":"https:\/\/tribunavm.com.ar\/index.php\/wp-json\/wp\/v2\/media?parent=6834"}],"wp:term":[{"taxonomy":"category","embeddable":true,"href":"https:\/\/tribunavm.com.ar\/index.php\/wp-json\/wp\/v2\/categories?post=6834"},{"taxonomy":"post_tag","embeddable":true,"href":"https:\/\/tribunavm.com.ar\/index.php\/wp-json\/wp\/v2\/tags?post=6834"}],"curies":[{"name":"wp","href":"https:\/\/api.w.org\/{rel}","templated":true}]}}