{"id":6862,"date":"2022-10-24T02:44:59","date_gmt":"2022-10-24T02:44:59","guid":{"rendered":"https:\/\/tribunavm.com.ar\/?p=6862"},"modified":"2022-10-24T02:46:53","modified_gmt":"2022-10-24T02:46:53","slug":"funcionarios-del-municipio-viajaron-a-portugal","status":"publish","type":"post","link":"https:\/\/tribunavm.com.ar\/index.php\/2022\/10\/24\/funcionarios-del-municipio-viajaron-a-portugal\/","title":{"rendered":"Funcionarios del municipio viajaron a Portugal"},"content":{"rendered":"<div class=\"row clearfix\">\n<div class=\"col-md-8\">\n<p><span style=\"color: #212121; font-size: 1.5em; letter-spacing: -0.01em;\">En Braga mantuvieron encuentros con empresas y autoridades locales.\u00a0<\/span><\/p>\n<p><span style=\"font-weight: 400;\"><span class=\"dropcap \" style=\"background-color: #ffffff; color: #dd9933; border-color: #ffffff;\">S<\/span>eg\u00fan informaron desde el gobierno local la comitiva desarroll\u00f3 actividades en el marco del Programa de Desarrollo Integrado (PDI) financiado por la Uni\u00f3n Europea. En una de ellas se visit\u00f3 la agencia de dinamizaci\u00f3n econ\u00f3mica Invest Braga y el Laboratorio Internacional Ib\u00e9rico de Nanotecnolog\u00eda (INL).<\/span><\/p>\n<p><span style=\"font-weight: 400;\">El Programa de Desarrollo Integrado es una iniciativa de la Municipalidad de Villa Mar\u00eda financiada por la Uni\u00f3n Europea que fomenta la \u201cEconom\u00eda Circular, el cuidado del Ambiente, la promoci\u00f3n del Ecosistema Emprendedor, el fortalecimiento de la Gobernanza y la Inclusi\u00f3n a partir de la integraci\u00f3n urbana y cultural\u201d.<\/span><\/p>\n<p><span style=\"font-weight: 400;\">Adem\u00e1s se entrevistaron con el alcalde de la localidad, Ricardo R\u00edo. Tambi\u00e9n recorrieron el Centro de Innovaci\u00f3n Social de Braga. Est\u00e1 previsto que en diciembre contin\u00faen los encuentros con funcionarios de Braga y Asunci\u00f3n (Paraguay), quienes integran el tri\u00e1ngulo de ciudades enmarcadas en el proyecto de la Uni\u00f3n Europea.<\/span><\/p>\n<p><span style=\"font-weight: 400;\">En su exposici\u00f3n junto al alcalde, el intendente Martin Gill expres\u00f3 que \u201cnuevamente ratificamos el compromiso y la importancia de trabajar los gobiernos locales mancomunadamente para el cumplimiento de los <\/span><span style=\"color: #ff9900;\"><a style=\"color: #ff9900;\" href=\"https:\/\/www.villamaria.gob.ar\/content\/docs\/suplemento_ods.pdf\"><span style=\"font-weight: 400;\">Objetivos de Desarrollo Sostenible (ODS)<\/span><\/a><span style=\"font-weight: 400;\">\u201d.<\/span><\/span><\/p>\n<p><span style=\"color: #ff9900;\"><a style=\"color: #ff9900;\" href=\"https:\/\/www.villamaria.gob.ar\/programa-desarrollo-integrado\"><span style=\"font-weight: 400;\">En el caso de Villa Mar\u00eda el abordaje de los ODS<\/span><\/a><\/span><span style=\"font-weight: 400;\"> son trabajados a partir de la \u201ceconom\u00eda circular\u201d, \u201cecosistema emprendedor\u201d, \u201cambiente, promoci\u00f3n del desarrollo urbano sostenible y ecol\u00f3gico\u201d, \u201cinclusi\u00f3n, integraci\u00f3n de centros comunitarios\u201d, \u201cgobernanza: incorporaci\u00f3n de nuevas tecnolog\u00edas de la informaci\u00f3n\u201d.<\/span><\/p>\n<p><span style=\"font-weight: 400;\">Fue en el marco de este programa que se desarroll\u00f3 la instalaci\u00f3n de las oficinas de la uni\u00f3n europea en el \u201cGab\u00edn\u201d de Las Playas.<\/span><\/p>\n<p><span style=\"font-weight: 400;\">En tanto, ayer se dirigieron al Centro de Innovaci\u00f3n Social de Braga tras ser recibidos por el alcalde de la localidad, Ricardo Rio. De este modo, la delegaci\u00f3n villamariense tiene por objetivo adentrarse en las pol\u00edticas p\u00fablicas sustentables empleadas en todo el mundo con el prop\u00f3sito de explorar aquellos preceptos que puedan ser replicados a nivel local.<\/span><\/p>\n<p><span style=\"font-weight: 400;\">En esta l\u00ednea, en los pr\u00f3ximos d\u00edas los integrantes de la misi\u00f3n mantendr\u00e1n un encuentro con el embajador argentino en Portugal, Rodolfo Gil, para analizar intercambios productivos, tecnol\u00f3gicos y educativos; y junto a su par brindar\u00e1 una conferencia sobre \u201cLas oportunidades econ\u00f3micas entre Argentina y Portugal. El caso Villa Mar\u00eda-Braga\u201d. Del encuentro tambi\u00e9n participar\u00e1 el consejero de la Embajada Argentina en Portugal, Mariano Guida.<\/span><\/p>\n<p><span style=\"font-weight: 400;\">Adem\u00e1s, a lo largo de las jornadas, los funcionarios compartir\u00e1n junto a autoridades del municipio de Asunci\u00f3n, Paraguay, ciudad socia en el Programa de Desarrollo Integrado, para generar intercambios y avanzar as\u00ed en la gesti\u00f3n y fusi\u00f3n de proyectos afines, adem\u00e1s de definir el cronograma de la visita de funcionarios de Braga a Villa Mar\u00eda prevista para diciembre. Asimismo, en cumplimiento con el cronograma visitar\u00e1n plantas y empresas vinculadas a la recolecci\u00f3n, dep\u00f3sito y tratamiento de residuos urbanos.<\/span><\/p>\n<\/div>\n<\/div>\n","protected":false},"excerpt":{"rendered":"<p>En Braga mantuvieron encuentros con empresas y autoridades locales.\u00a0 Seg\u00fan informaron desde el gobierno local la comitiva desarroll\u00f3 actividades en el marco del Programa de Desarrollo Integrado (PDI) financiado por la Uni\u00f3n Europea. En una de ellas se visit\u00f3 la agencia de dinamizaci\u00f3n econ\u00f3mica Invest Braga y el Laboratorio Internacional Ib\u00e9rico de Nanotecnolog\u00eda (INL). El [&hellip;]<\/p>\n","protected":false},"author":2,"featured_media":6863,"comment_status":"open","ping_status":"open","sticky":false,"template":"","format":"standard","meta":{"_exactmetrics_skip_tracking":false,"_exactmetrics_sitenote_active":false,"_exactmetrics_sitenote_note":"","_exactmetrics_sitenote_category":0,"jnews-multi-image_gallery":[],"jnews_single_post":{"source_name":"","source_url":"","via_name":"","via_url":"","override_template":"0","override":[{"template":"1","single_blog_custom":"","parallax":"1","fullscreen":"1","layout":"right-sidebar","sidebar":"default-sidebar","second_sidebar":"default-sidebar","sticky_sidebar":"1","share_position":"top","share_float_style":"share-monocrhome","show_share_counter":"1","show_view_counter":"1","show_featured":"1","show_post_meta":"1","show_post_author":"1","show_post_author_image":"1","show_post_date":"1","post_date_format":"default","post_date_format_custom":"Y\/m\/d","show_post_category":"1","show_post_reading_time":"0","post_reading_time_wpm":"300","show_zoom_button":"0","zoom_button_out_step":"2","zoom_button_in_step":"3","show_post_tag":"1","show_prev_next_post":"1","show_popup_post":"1","number_popup_post":"1","show_author_box":"0","show_post_related":"0","show_inline_post_related":"0"}],"override_image_size":"0","image_override":[{"single_post_thumbnail_size":"crop-500","single_post_gallery_size":"crop-500"}],"trending_post":"0","trending_post_position":"meta","trending_post_label":"Trending","sponsored_post":"0","sponsored_post_label":"Sponsored by","sponsored_post_name":"","sponsored_post_url":"","sponsored_post_logo_enable":"0","sponsored_post_logo":"","sponsored_post_desc":""},"jnews_primary_category":{"id":"22"},"jnews_social_meta":{"fb_title":"","fb_description":"","fb_image":"","twitter_title":"","twitter_description":"","twitter_image":""},"jnews_override_counter":{"override_view_counter":"0","view_counter_number":"0","override_share_counter":"0","share_counter_number":"0","override_like_counter":"0","like_counter_number":"0","override_dislike_counter":"0","dislike_counter_number":"0"},"_joinchat":[],"footnotes":""},"categories":[22],"tags":[268,210],"class_list":["post-6862","post","type-post","status-publish","format-standard","has-post-thumbnail","hentry","category-actualidad","tag-edicion-100","tag-local"],"_links":{"self":[{"href":"https:\/\/tribunavm.com.ar\/index.php\/wp-json\/wp\/v2\/posts\/6862"}],"collection":[{"href":"https:\/\/tribunavm.com.ar\/index.php\/wp-json\/wp\/v2\/posts"}],"about":[{"href":"https:\/\/tribunavm.com.ar\/index.php\/wp-json\/wp\/v2\/types\/post"}],"author":[{"embeddable":true,"href":"https:\/\/tribunavm.com.ar\/index.php\/wp-json\/wp\/v2\/users\/2"}],"replies":[{"embeddable":true,"href":"https:\/\/tribunavm.com.ar\/index.php\/wp-json\/wp\/v2\/comments?post=6862"}],"version-history":[{"count":1,"href":"https:\/\/tribunavm.com.ar\/index.php\/wp-json\/wp\/v2\/posts\/6862\/revisions"}],"predecessor-version":[{"id":6864,"href":"https:\/\/tribunavm.com.ar\/index.php\/wp-json\/wp\/v2\/posts\/6862\/revisions\/6864"}],"wp:featuredmedia":[{"embeddable":true,"href":"https:\/\/tribunavm.com.ar\/index.php\/wp-json\/wp\/v2\/media\/6863"}],"wp:attachment":[{"href":"https:\/\/tribunavm.com.ar\/index.php\/wp-json\/wp\/v2\/media?parent=6862"}],"wp:term":[{"taxonomy":"category","embeddable":true,"href":"https:\/\/tribunavm.com.ar\/index.php\/wp-json\/wp\/v2\/categories?post=6862"},{"taxonomy":"post_tag","embeddable":true,"href":"https:\/\/tribunavm.com.ar\/index.php\/wp-json\/wp\/v2\/tags?post=6862"}],"curies":[{"name":"wp","href":"https:\/\/api.w.org\/{rel}","templated":true}]}}