{"id":6880,"date":"2022-10-24T03:57:49","date_gmt":"2022-10-24T03:57:49","guid":{"rendered":"https:\/\/tribunavm.com.ar\/?p=6880"},"modified":"2022-10-24T03:57:49","modified_gmt":"2022-10-24T03:57:49","slug":"empresarios-llaman-a-ceder","status":"publish","type":"post","link":"https:\/\/tribunavm.com.ar\/index.php\/2022\/10\/24\/empresarios-llaman-a-ceder\/","title":{"rendered":"Empresarios llaman a \u201cceder\u201d"},"content":{"rendered":"<div class=\"row clearfix\">\n<div class=\"col-md-8\">\n<div class=\"intro-text\">\n<p><span style=\"font-weight: 400;\">Con el lema \u201cceder para crecer\u201d se desarroll\u00f3 en Mar del Plata el 58\u00b0 Coloquio del Instituto para el Desarrollo Empresarial de la Argentina (IDEA).<\/span><\/p>\n<\/div>\n<p><span style=\"font-weight: 400;\"><span class=\"dropcap \" style=\"background-color: #ffffff; color: #dd9933; border-color: #ffffff;\">E<\/span>n un comunicado de convocatoria al evento, la entidad augur\u00f3 que los problemas del pa\u00eds (entre los que enumer\u00f3, adem\u00e1s de la pobreza y la inflaci\u00f3n, a la \u201ccrisis educativa\u201d y la \u201cinseguridad jur\u00eddica\u201d) \u201cno se solucionan simplemente sent\u00e1ndonos a una mesa a conversar. Administrar las pujas de intereses exige ceder.\u201d<\/span><\/p>\n<p><span style=\"font-weight: 400;\">Bajo esa premisa, Daniel Herrero, ex-CEO de Toyota, en su rol de presidente del 58\u00b0 Coloquio, redobl\u00f3 el llamado a consensos que permitan \u201cdesarrollar reglas claras y una institucionalidad fuerte que permita un crecimiento sostenible\u201d.<\/span><\/p>\n<p><span style=\"font-weight: 400;\">Por su parte, el ministro de Econom\u00eda, Sergio Massa, llam\u00f3 a empresarios y sindicalistas a discutir un plan basado en orden fiscal, super\u00e1vit comercial, tipo de cambio competitivo, acumulaci\u00f3n de reservas y desarrollo con inclusi\u00f3n.<\/span><\/p>\n<p><span style=\"font-weight: 400;\">Ricardo Pignanelli, del Sindicato de Mec\u00e1nicos (SMATA), fiel a la consigna, se\u00f1al\u00f3 que \u201ca la empresa no le puedo sacar m\u00e1s de lo que me puede pagar\u201d. A su vez, en relaci\u00f3n al conflicto de los trabajadores del neum\u00e1tico (SUTNA), explic\u00f3 que \u201ccuando por cualquier problema macro se me cae la producci\u00f3n, yo sufro. Porque cuando pierdo la confianza de los trabajadores, no la pierdo s\u00f3lo yo. Por eso, cuando faltaron las cubiertas, les dije ponete a fabricar caballetes hasta que aparezcan las cubiertas\u201d.<\/span><\/p>\n<\/div>\n<\/div>\n","protected":false},"excerpt":{"rendered":"<p>Con el lema \u201cceder para crecer\u201d se desarroll\u00f3 en Mar del Plata el 58\u00b0 Coloquio del Instituto para el Desarrollo Empresarial de la Argentina (IDEA). En un comunicado de convocatoria al evento, la entidad augur\u00f3 que los problemas del pa\u00eds (entre los que enumer\u00f3, adem\u00e1s de la pobreza y la inflaci\u00f3n, a la \u201ccrisis educativa\u201d [&hellip;]<\/p>\n","protected":false},"author":2,"featured_media":6881,"comment_status":"open","ping_status":"open","sticky":false,"template":"","format":"standard","meta":{"_exactmetrics_skip_tracking":false,"_exactmetrics_sitenote_active":false,"_exactmetrics_sitenote_note":"","_exactmetrics_sitenote_category":0,"jnews-multi-image_gallery":[],"jnews_single_post":{"source_name":"","source_url":"","via_name":"","via_url":"","override_template":"0","override":[{"template":"1","single_blog_custom":"","parallax":"1","fullscreen":"1","layout":"right-sidebar","sidebar":"default-sidebar","second_sidebar":"default-sidebar","sticky_sidebar":"1","share_position":"top","share_float_style":"share-monocrhome","show_share_counter":"1","show_view_counter":"1","show_featured":"1","show_post_meta":"1","show_post_author":"1","show_post_author_image":"1","show_post_date":"1","post_date_format":"default","post_date_format_custom":"Y\/m\/d","show_post_category":"1","show_post_reading_time":"0","post_reading_time_wpm":"300","show_zoom_button":"0","zoom_button_out_step":"2","zoom_button_in_step":"3","show_post_tag":"1","show_prev_next_post":"1","show_popup_post":"1","number_popup_post":"1","show_author_box":"0","show_post_related":"0","show_inline_post_related":"0"}],"override_image_size":"0","image_override":[{"single_post_thumbnail_size":"crop-500","single_post_gallery_size":"crop-500"}],"trending_post":"0","trending_post_position":"meta","trending_post_label":"Trending","sponsored_post":"0","sponsored_post_label":"Sponsored by","sponsored_post_name":"","sponsored_post_url":"","sponsored_post_logo_enable":"0","sponsored_post_logo":"","sponsored_post_desc":""},"jnews_primary_category":{"id":"22"},"jnews_social_meta":{"fb_title":"","fb_description":"","fb_image":"","twitter_title":"","twitter_description":"","twitter_image":""},"jnews_override_counter":{"override_view_counter":"0","view_counter_number":"0","override_share_counter":"0","share_counter_number":"0","override_like_counter":"0","like_counter_number":"0","override_dislike_counter":"0","dislike_counter_number":"0"},"_joinchat":[],"footnotes":""},"categories":[22],"tags":[268,228],"class_list":["post-6880","post","type-post","status-publish","format-standard","has-post-thumbnail","hentry","category-actualidad","tag-edicion-100","tag-sector"],"_links":{"self":[{"href":"https:\/\/tribunavm.com.ar\/index.php\/wp-json\/wp\/v2\/posts\/6880"}],"collection":[{"href":"https:\/\/tribunavm.com.ar\/index.php\/wp-json\/wp\/v2\/posts"}],"about":[{"href":"https:\/\/tribunavm.com.ar\/index.php\/wp-json\/wp\/v2\/types\/post"}],"author":[{"embeddable":true,"href":"https:\/\/tribunavm.com.ar\/index.php\/wp-json\/wp\/v2\/users\/2"}],"replies":[{"embeddable":true,"href":"https:\/\/tribunavm.com.ar\/index.php\/wp-json\/wp\/v2\/comments?post=6880"}],"version-history":[{"count":1,"href":"https:\/\/tribunavm.com.ar\/index.php\/wp-json\/wp\/v2\/posts\/6880\/revisions"}],"predecessor-version":[{"id":6882,"href":"https:\/\/tribunavm.com.ar\/index.php\/wp-json\/wp\/v2\/posts\/6880\/revisions\/6882"}],"wp:featuredmedia":[{"embeddable":true,"href":"https:\/\/tribunavm.com.ar\/index.php\/wp-json\/wp\/v2\/media\/6881"}],"wp:attachment":[{"href":"https:\/\/tribunavm.com.ar\/index.php\/wp-json\/wp\/v2\/media?parent=6880"}],"wp:term":[{"taxonomy":"category","embeddable":true,"href":"https:\/\/tribunavm.com.ar\/index.php\/wp-json\/wp\/v2\/categories?post=6880"},{"taxonomy":"post_tag","embeddable":true,"href":"https:\/\/tribunavm.com.ar\/index.php\/wp-json\/wp\/v2\/tags?post=6880"}],"curies":[{"name":"wp","href":"https:\/\/api.w.org\/{rel}","templated":true}]}}