{"id":6883,"date":"2022-10-24T03:59:45","date_gmt":"2022-10-24T03:59:45","guid":{"rendered":"https:\/\/tribunavm.com.ar\/?p=6883"},"modified":"2022-10-24T03:59:45","modified_gmt":"2022-10-24T03:59:45","slug":"gobierno-implementa-cambios-en-la-distribucion-de-carne-vacuna","status":"publish","type":"post","link":"https:\/\/tribunavm.com.ar\/index.php\/2022\/10\/24\/gobierno-implementa-cambios-en-la-distribucion-de-carne-vacuna\/","title":{"rendered":"Gobierno implementa cambios en la distribuci\u00f3n de carne vacuna"},"content":{"rendered":"<div class=\"row clearfix\">\n<div class=\"col-md-8\">\n<div class=\"intro-text\">\n<p><span style=\"font-weight: 400;\">Confirm\u00f3 que en noviembre la carne vacuna en Argentina ya no se comercializar\u00e1 a trav\u00e9s de la &#8220;media res&#8221;, sino que se implementar\u00e1 el sistema de &#8220;troceo&#8221; de carne.<\/span><\/p>\n<\/div>\n<p><span style=\"font-weight: 400;\"><span class=\"dropcap \" style=\"background-color: #ffffff; color: #dd9933; border-color: #ffffff;\">L<\/span>a medida, aprobada el a\u00f1o pasado pero postergada hasta su \u00faltima pr\u00f3rroga debido a la falta de acuerdo para su implementaci\u00f3n, establece la obligatoriedad del \u201cfraccionamiento de las medias reses en trozos cuyos pesos individuales no superar\u00e1n los treinta y dos kilogramos&#8221;.<\/span><\/p>\n<p><span style=\"font-weight: 400;\">La Federaci\u00f3n de Industrias Frigor\u00edficas Regionales Argentinas (Fifra) y la C\u00e1mara Argentina de Matarifes y Abastecedores (CAMyA) anunciaron que ir\u00e1n a la Justicia para evitar su aplicaci\u00f3n.<\/span><\/p>\n<p><span style=\"font-weight: 400;\">Daniel Urc\u00eda, vicepresidente de Fifra, explic\u00f3 que \u201cuna cosa es la salud del trabajador y otra muy distinta es la comercializaci\u00f3n. Y es ah\u00ed donde estamos en contra porque se cercena y afecta derechos constitucionales al diferenciar el negocio minorista con los comercios mayoristas que s\u00ed tienen la posibilidad de usar medios mec\u00e1nicos\u201d.<\/span><\/p>\n<p><span style=\"font-weight: 400;\">Por su parte, el Consorcio de Exportadores de Carnes Argentinas ABC, en un comunicado, defendi\u00f3 la pol\u00edtica al se\u00f1alar que \u201cel cuarteo de la carne llega precisamente para modernizar un sistema que contin\u00faa con m\u00e9todos antiguos y obsoletos, de una \u00e9poca que debe quedar atr\u00e1s\u201d.<\/span><\/p>\n<\/div>\n<\/div>\n","protected":false},"excerpt":{"rendered":"<p>Confirm\u00f3 que en noviembre la carne vacuna en Argentina ya no se comercializar\u00e1 a trav\u00e9s de la &#8220;media res&#8221;, sino que se implementar\u00e1 el sistema de &#8220;troceo&#8221; de carne. La medida, aprobada el a\u00f1o pasado pero postergada hasta su \u00faltima pr\u00f3rroga debido a la falta de acuerdo para su implementaci\u00f3n, establece la obligatoriedad del \u201cfraccionamiento [&hellip;]<\/p>\n","protected":false},"author":2,"featured_media":6884,"comment_status":"open","ping_status":"open","sticky":false,"template":"","format":"standard","meta":{"_exactmetrics_skip_tracking":false,"_exactmetrics_sitenote_active":false,"_exactmetrics_sitenote_note":"","_exactmetrics_sitenote_category":0,"jnews-multi-image_gallery":[],"jnews_single_post":{"source_name":"","source_url":"","via_name":"","via_url":"","override_template":"0","override":[{"template":"1","single_blog_custom":"","parallax":"1","fullscreen":"1","layout":"right-sidebar","sidebar":"default-sidebar","second_sidebar":"default-sidebar","sticky_sidebar":"1","share_position":"top","share_float_style":"share-monocrhome","show_share_counter":"1","show_view_counter":"1","show_featured":"1","show_post_meta":"1","show_post_author":"1","show_post_author_image":"1","show_post_date":"1","post_date_format":"default","post_date_format_custom":"Y\/m\/d","show_post_category":"1","show_post_reading_time":"0","post_reading_time_wpm":"300","show_zoom_button":"0","zoom_button_out_step":"2","zoom_button_in_step":"3","show_post_tag":"1","show_prev_next_post":"1","show_popup_post":"1","number_popup_post":"1","show_author_box":"0","show_post_related":"0","show_inline_post_related":"0"}],"override_image_size":"0","image_override":[{"single_post_thumbnail_size":"crop-500","single_post_gallery_size":"crop-500"}],"trending_post":"0","trending_post_position":"meta","trending_post_label":"Trending","sponsored_post":"0","sponsored_post_label":"Sponsored by","sponsored_post_name":"","sponsored_post_url":"","sponsored_post_logo_enable":"0","sponsored_post_logo":"","sponsored_post_desc":""},"jnews_primary_category":{"id":"22"},"jnews_social_meta":{"fb_title":"","fb_description":"","fb_image":"","twitter_title":"","twitter_description":"","twitter_image":""},"jnews_override_counter":{"override_view_counter":"0","view_counter_number":"0","override_share_counter":"0","share_counter_number":"0","override_like_counter":"0","like_counter_number":"0","override_dislike_counter":"0","dislike_counter_number":"0"},"_joinchat":[],"footnotes":""},"categories":[22],"tags":[268,228],"class_list":["post-6883","post","type-post","status-publish","format-standard","has-post-thumbnail","hentry","category-actualidad","tag-edicion-100","tag-sector"],"_links":{"self":[{"href":"https:\/\/tribunavm.com.ar\/index.php\/wp-json\/wp\/v2\/posts\/6883"}],"collection":[{"href":"https:\/\/tribunavm.com.ar\/index.php\/wp-json\/wp\/v2\/posts"}],"about":[{"href":"https:\/\/tribunavm.com.ar\/index.php\/wp-json\/wp\/v2\/types\/post"}],"author":[{"embeddable":true,"href":"https:\/\/tribunavm.com.ar\/index.php\/wp-json\/wp\/v2\/users\/2"}],"replies":[{"embeddable":true,"href":"https:\/\/tribunavm.com.ar\/index.php\/wp-json\/wp\/v2\/comments?post=6883"}],"version-history":[{"count":1,"href":"https:\/\/tribunavm.com.ar\/index.php\/wp-json\/wp\/v2\/posts\/6883\/revisions"}],"predecessor-version":[{"id":6885,"href":"https:\/\/tribunavm.com.ar\/index.php\/wp-json\/wp\/v2\/posts\/6883\/revisions\/6885"}],"wp:featuredmedia":[{"embeddable":true,"href":"https:\/\/tribunavm.com.ar\/index.php\/wp-json\/wp\/v2\/media\/6884"}],"wp:attachment":[{"href":"https:\/\/tribunavm.com.ar\/index.php\/wp-json\/wp\/v2\/media?parent=6883"}],"wp:term":[{"taxonomy":"category","embeddable":true,"href":"https:\/\/tribunavm.com.ar\/index.php\/wp-json\/wp\/v2\/categories?post=6883"},{"taxonomy":"post_tag","embeddable":true,"href":"https:\/\/tribunavm.com.ar\/index.php\/wp-json\/wp\/v2\/tags?post=6883"}],"curies":[{"name":"wp","href":"https:\/\/api.w.org\/{rel}","templated":true}]}}