{"id":6914,"date":"2022-11-14T00:49:17","date_gmt":"2022-11-14T00:49:17","guid":{"rendered":"https:\/\/tribunavm.com.ar\/?p=6914"},"modified":"2022-11-14T00:49:17","modified_gmt":"2022-11-14T00:49:17","slug":"alemania-nuevas-huelgas-por-mejoras-salariales","status":"publish","type":"post","link":"https:\/\/tribunavm.com.ar\/index.php\/2022\/11\/14\/alemania-nuevas-huelgas-por-mejoras-salariales\/","title":{"rendered":"Alemania: nuevas huelgas por mejoras salariales"},"content":{"rendered":"<div class=\"row clearfix\">\n<div class=\"col-md-8\">\n<div class=\"intro-text\">\n<p><span style=\"font-weight: 400;\">En el marco de una alta escalada inflacionaria, trabajadores del sector metal\u00fargico y energ\u00e9tico se suman a la huelga convocada por IG Metall para reclamar por mejoras salariales.<\/span><\/p>\n<\/div>\n<p><span style=\"font-weight: 400;\"><span class=\"dropcap \" style=\"background-color: #ffffff; color: #dd9933; border-color: #ffffff;\">D<\/span>esde hace meses la crisis inflacionaria que afecta a Alemania, y a toda Europa en general, ha dado lugar a un fuerte descontento entre las familias trabajadoras que ven que sus ingresos quedan rezagados frente al aumento de los precios.<\/span><\/p>\n<p><span style=\"font-weight: 400;\">En este marco particular, el sindicato IG Metall, organizaci\u00f3n con m\u00e1s de dos millones de miembros, llam\u00f3 a \u201chuelgas de advertencia\u201d en el marco de las negociaciones con la patronal.<\/span><\/p>\n<p><span style=\"font-weight: 400;\">El reclamo central del sindicato, que nuclea a los trabajadores de la metalurgia, es el aumento de los salarios en un 8% para intentar compensar una inflaci\u00f3n que ha escalado al 10%, el nivel m\u00e1s alto desde la reunificaci\u00f3n de Alemania en 1990.<\/span><\/p>\n<p><span style=\"font-weight: 400;\">Frente al pedido de IG Metall, la patronal no ha dado especificaciones en cuanto a su oferta salarial. Sin embargo, han puesto sobre la mesa de negociaciones la posibilidad de un &#8220;bono de compensaci\u00f3n de la inflaci\u00f3n&#8221; libre de impuestos y aranceles de 3.000 euros y la promesa de un futuro aumento en los salarios. Ante la propuesta, los sindicatos se han mantenido firmes con su demanda.<\/span><\/p>\n<p><img loading=\"lazy\" decoding=\"async\" class=\"aligncenter size-full wp-image-6916\" src=\"https:\/\/tribunavm.com.ar\/wp-content\/uploads\/2022\/11\/Alemania-2.jpg\" alt=\"\" width=\"700\" height=\"394\" srcset=\"https:\/\/tribunavm.com.ar\/wp-content\/uploads\/2022\/11\/Alemania-2.jpg 700w, https:\/\/tribunavm.com.ar\/wp-content\/uploads\/2022\/11\/Alemania-2-300x169.jpg 300w\" sizes=\"(max-width: 700px) 100vw, 700px\" \/><\/p>\n<p><span style=\"font-weight: 400;\">Las \u201chuelgas de advertencia\u201d, son un tipo de medida de duraci\u00f3n limitada, utilizada regularmente en las negociaciones salariales en Alemania, y han dado lugar a la suspensi\u00f3n de actividades en una de las industrias m\u00e1s fuertes del pa\u00eds teut\u00f3n. En este sentido, desde el sindicato se ha informado que unos 20.000 empleados de la industria metal\u00fargica y el\u00e9ctrica del distrito de Berl\u00edn-Brandeburgo-Sajonia dejaron de trabajar en las dos primeras semanas de la medida de fuerza.<\/span><\/p>\n<\/div>\n<\/div>\n","protected":false},"excerpt":{"rendered":"<p>En el marco de una alta escalada inflacionaria, trabajadores del sector metal\u00fargico y energ\u00e9tico se suman a la huelga convocada por IG Metall para reclamar por mejoras salariales. Desde hace meses la crisis inflacionaria que afecta a Alemania, y a toda Europa en general, ha dado lugar a un fuerte descontento entre las familias trabajadoras [&hellip;]<\/p>\n","protected":false},"author":2,"featured_media":6917,"comment_status":"open","ping_status":"open","sticky":false,"template":"","format":"standard","meta":{"_exactmetrics_skip_tracking":false,"_exactmetrics_sitenote_active":false,"_exactmetrics_sitenote_note":"","_exactmetrics_sitenote_category":0,"jnews-multi-image_gallery":[],"jnews_single_post":{"source_name":"","source_url":"","via_name":"","via_url":"","override_template":"0","override":[{"template":"1","single_blog_custom":"","parallax":"1","fullscreen":"1","layout":"right-sidebar","sidebar":"default-sidebar","second_sidebar":"default-sidebar","sticky_sidebar":"1","share_position":"top","share_float_style":"share-monocrhome","show_share_counter":"1","show_view_counter":"1","show_featured":"1","show_post_meta":"1","show_post_author":"1","show_post_author_image":"1","show_post_date":"1","post_date_format":"default","post_date_format_custom":"Y\/m\/d","show_post_category":"1","show_post_reading_time":"0","post_reading_time_wpm":"300","show_zoom_button":"0","zoom_button_out_step":"2","zoom_button_in_step":"3","show_post_tag":"1","show_prev_next_post":"1","show_popup_post":"1","number_popup_post":"1","show_author_box":"0","show_post_related":"0","show_inline_post_related":"0"}],"override_image_size":"0","image_override":[{"single_post_thumbnail_size":"crop-500","single_post_gallery_size":"crop-500"}],"trending_post":"0","trending_post_position":"meta","trending_post_label":"Trending","sponsored_post":"0","sponsored_post_label":"Sponsored by","sponsored_post_name":"","sponsored_post_url":"","sponsored_post_logo_enable":"0","sponsored_post_logo":"","sponsored_post_desc":""},"jnews_primary_category":{"id":"22"},"jnews_social_meta":{"fb_title":"","fb_description":"","fb_image":"","twitter_title":"","twitter_description":"","twitter_image":""},"jnews_override_counter":{"override_view_counter":"0","view_counter_number":"0","override_share_counter":"0","share_counter_number":"0","override_like_counter":"0","like_counter_number":"0","override_dislike_counter":"0","dislike_counter_number":"0"},"_joinchat":[],"footnotes":""},"categories":[22],"tags":[269,75,35],"class_list":["post-6914","post","type-post","status-publish","format-standard","has-post-thumbnail","hentry","category-actualidad","tag-edicion-101","tag-internacional","tag-trabajadores"],"_links":{"self":[{"href":"https:\/\/tribunavm.com.ar\/index.php\/wp-json\/wp\/v2\/posts\/6914"}],"collection":[{"href":"https:\/\/tribunavm.com.ar\/index.php\/wp-json\/wp\/v2\/posts"}],"about":[{"href":"https:\/\/tribunavm.com.ar\/index.php\/wp-json\/wp\/v2\/types\/post"}],"author":[{"embeddable":true,"href":"https:\/\/tribunavm.com.ar\/index.php\/wp-json\/wp\/v2\/users\/2"}],"replies":[{"embeddable":true,"href":"https:\/\/tribunavm.com.ar\/index.php\/wp-json\/wp\/v2\/comments?post=6914"}],"version-history":[{"count":1,"href":"https:\/\/tribunavm.com.ar\/index.php\/wp-json\/wp\/v2\/posts\/6914\/revisions"}],"predecessor-version":[{"id":6918,"href":"https:\/\/tribunavm.com.ar\/index.php\/wp-json\/wp\/v2\/posts\/6914\/revisions\/6918"}],"wp:featuredmedia":[{"embeddable":true,"href":"https:\/\/tribunavm.com.ar\/index.php\/wp-json\/wp\/v2\/media\/6917"}],"wp:attachment":[{"href":"https:\/\/tribunavm.com.ar\/index.php\/wp-json\/wp\/v2\/media?parent=6914"}],"wp:term":[{"taxonomy":"category","embeddable":true,"href":"https:\/\/tribunavm.com.ar\/index.php\/wp-json\/wp\/v2\/categories?post=6914"},{"taxonomy":"post_tag","embeddable":true,"href":"https:\/\/tribunavm.com.ar\/index.php\/wp-json\/wp\/v2\/tags?post=6914"}],"curies":[{"name":"wp","href":"https:\/\/api.w.org\/{rel}","templated":true}]}}