{"id":6933,"date":"2022-11-14T01:09:41","date_gmt":"2022-11-14T01:09:41","guid":{"rendered":"https:\/\/tribunavm.com.ar\/?p=6933"},"modified":"2022-11-14T01:09:41","modified_gmt":"2022-11-14T01:09:41","slug":"lula-gana-la-presidencia-bolsonaro-los-parlamentos","status":"publish","type":"post","link":"https:\/\/tribunavm.com.ar\/index.php\/2022\/11\/14\/lula-gana-la-presidencia-bolsonaro-los-parlamentos\/","title":{"rendered":"Lula gana la presidencia, Bolsonaro los parlamentos"},"content":{"rendered":"<div class=\"row clearfix\">\n<div class=\"col-md-8\">\n<div class=\"intro-text\">\n<p><span style=\"font-weight: 400;\">El Partido de los Trabajadores gana en Brasil pero las bancas en el Parlamento quedan repartidas.<\/span><\/p>\n<\/div>\n<p><span style=\"font-weight: 400;\"><span class=\"dropcap \" style=\"background-color: #ffffff; color: #dd9933; border-color: #ffffff;\">E<\/span>l pasado domingo 30 de octubre, se llev\u00f3 a cabo la segunda vuelta de las elecciones presidenciales en Brasil. Lula da Silva del Partido de los Trabajadores se convirti\u00f3 en el pr\u00f3ximo presidente con el 50.9% de los votos, frente al 49.1% obtenido por su opositor, Jair Bolsonaro, representante del Partido Liberal.\u00a0<\/span><\/p>\n<p><img loading=\"lazy\" decoding=\"async\" class=\"aligncenter size-full wp-image-6934\" src=\"https:\/\/tribunavm.com.ar\/wp-content\/uploads\/2022\/11\/Tribunal-Superior-Electoral-de-Brasil-.png\" alt=\"\" width=\"634\" height=\"311\" srcset=\"https:\/\/tribunavm.com.ar\/wp-content\/uploads\/2022\/11\/Tribunal-Superior-Electoral-de-Brasil-.png 634w, https:\/\/tribunavm.com.ar\/wp-content\/uploads\/2022\/11\/Tribunal-Superior-Electoral-de-Brasil--300x147.png 300w\" sizes=\"(max-width: 634px) 100vw, 634px\" \/><\/p>\n<p><span style=\"font-weight: 400;\">En simult\u00e1neo tambi\u00e9n se eligieron 513 diputados federales, 54 senadores, 1.059 diputados estatales y 27 gobernadores.\u00a0<\/span><\/p>\n<p><span style=\"font-weight: 400;\">Los votos en blanco y con car\u00e1cter de nulidad alcanzaron el 5%, es decir 5.700.443 votos. Mientras que, 32.200.558 votos corresponden a abstenciones.\u00a0\u00a0\u00a0<\/span><\/p>\n<p><span style=\"font-weight: 400;\">En los tres estados m\u00e1s poblados y con mayor econom\u00eda del pa\u00eds: Brasilia, San Pablo y R\u00edo de Janeiro, logr\u00f3 imponerse el actual mandatario Bolsonaro, mientras que Lula alcanz\u00f3 la ventaja ganando los estados del norte.\u00a0<\/span><\/p>\n<p><span style=\"font-weight: 400;\">Pese a que Lula gan\u00f3 los comicios, las bancas parlamentarias quedaron distribuidas mayoritariamente en manos del Partido Liberal. El mismo tendr\u00e1 en la C\u00e1mara de Diputados 99 esca\u00f1os frente a 68 del PT y en el Senado 8 bancas m\u00e1s a las que ten\u00eda el a\u00f1o pasado, quedando con 14 bancas frente a 9 del PT.\u00a0<\/span><\/p>\n<figure id=\"attachment_6935\" aria-describedby=\"caption-attachment-6935\" style=\"width: 768px\" class=\"wp-caption aligncenter\"><img loading=\"lazy\" decoding=\"async\" class=\"size-full wp-image-6935\" src=\"https:\/\/tribunavm.com.ar\/wp-content\/uploads\/2022\/11\/Fuente-Infobae-e1668388067640.png\" alt=\"\" width=\"768\" height=\"768\" srcset=\"https:\/\/tribunavm.com.ar\/wp-content\/uploads\/2022\/11\/Fuente-Infobae-e1668388067640.png 768w, https:\/\/tribunavm.com.ar\/wp-content\/uploads\/2022\/11\/Fuente-Infobae-e1668388067640-300x300.png 300w, https:\/\/tribunavm.com.ar\/wp-content\/uploads\/2022\/11\/Fuente-Infobae-e1668388067640-150x150.png 150w, https:\/\/tribunavm.com.ar\/wp-content\/uploads\/2022\/11\/Fuente-Infobae-e1668388067640-75x75.png 75w, https:\/\/tribunavm.com.ar\/wp-content\/uploads\/2022\/11\/Fuente-Infobae-e1668388067640-750x750.png 750w\" sizes=\"(max-width: 768px) 100vw, 768px\" \/><figcaption id=\"caption-attachment-6935\" class=\"wp-caption-text\">Fuente: Infobae<\/figcaption><\/figure>\n<p><span style=\"font-weight: 400;\">Cabe remarcar que durante las elecciones y posterior a las mismas camioneros de Brasil cortaron rutas en apoyo a Bolsonaro en m\u00e1s de 15 estados. Los manifestantes reclamaron por una intervenci\u00f3n de las Fuerzas Armadas para impedir la asunci\u00f3n de Lula da Silva el pr\u00f3ximo 1 de enero.\u00a0<\/span><\/p>\n<p><span style=\"font-weight: 400;\">Por su parte Jair Bolsonaro, tuvo que pedir a los manifestantes que \u201cliberar\u00e1n las carreteras\u201d. En tanto, el presidente de la Asociaci\u00f3n Nacional de Transportes de Brasil, Jos\u00e9 Roberto Stringasci, se\u00f1al\u00f3 que las acciones que culminaron en los bloqueos de rutas no fueron organizadas por entidades que representan a los camioneros.<\/span><\/p>\n<p><span style=\"font-weight: 400;\">Desde Argentina, el presidente Alberto Fern\u00e1ndez, public\u00f3 un mensaje de apoyo tras conocerse la victoria de Lula da Silva y viaj\u00f3 el lunes post elecciones para mantener una reuni\u00f3n con el futuro mandatario.\u00a0<\/span><\/p>\n<div class=\"jeg_video_container jeg_video_content\"><iframe loading=\"lazy\" title=\"El presidente Alberto Fern\u00e1ndez se reuni\u00f3 con el presidente electo de Brasil, Lula da Silva\" width=\"500\" height=\"281\" src=\"https:\/\/www.youtube.com\/embed\/8FBZGbTlolU?feature=oembed\" frameborder=\"0\" allow=\"accelerometer; autoplay; clipboard-write; encrypted-media; gyroscope; picture-in-picture; web-share\" referrerpolicy=\"strict-origin-when-cross-origin\" allowfullscreen><\/iframe><\/div>\n<blockquote><p><span style=\"font-weight: 400;\">&#8220;Los brasile\u00f1os llevaron a Lula al lugar en el que est\u00e1 hoy: es merecido y le hace mucho bien a la regi\u00f3n, porque es un l\u00edder regional muy importante&#8221;, anunci\u00f3 a los medios el jefe de estado argentino.<\/span><\/p><\/blockquote>\n<\/div>\n<\/div>\n","protected":false},"excerpt":{"rendered":"<p>El Partido de los Trabajadores gana en Brasil pero las bancas en el Parlamento quedan repartidas. El pasado domingo 30 de octubre, se llev\u00f3 a cabo la segunda vuelta de las elecciones presidenciales en Brasil. Lula da Silva del Partido de los Trabajadores se convirti\u00f3 en el pr\u00f3ximo presidente con el 50.9% de los votos, [&hellip;]<\/p>\n","protected":false},"author":2,"featured_media":6936,"comment_status":"open","ping_status":"open","sticky":false,"template":"","format":"standard","meta":{"_exactmetrics_skip_tracking":false,"_exactmetrics_sitenote_active":false,"_exactmetrics_sitenote_note":"","_exactmetrics_sitenote_category":0,"jnews-multi-image_gallery":[],"jnews_single_post":{"source_name":"","source_url":"","via_name":"","via_url":"","override_template":"0","override":[{"template":"1","single_blog_custom":"","parallax":"1","fullscreen":"1","layout":"right-sidebar","sidebar":"default-sidebar","second_sidebar":"default-sidebar","sticky_sidebar":"1","share_position":"top","share_float_style":"share-monocrhome","show_share_counter":"1","show_view_counter":"1","show_featured":"1","show_post_meta":"1","show_post_author":"1","show_post_author_image":"1","show_post_date":"1","post_date_format":"default","post_date_format_custom":"Y\/m\/d","show_post_category":"1","show_post_reading_time":"0","post_reading_time_wpm":"300","show_zoom_button":"0","zoom_button_out_step":"2","zoom_button_in_step":"3","show_post_tag":"1","show_prev_next_post":"1","show_popup_post":"1","number_popup_post":"1","show_author_box":"0","show_post_related":"0","show_inline_post_related":"0"}],"override_image_size":"0","image_override":[{"single_post_thumbnail_size":"crop-500","single_post_gallery_size":"crop-500"}],"trending_post":"0","trending_post_position":"meta","trending_post_label":"Trending","sponsored_post":"0","sponsored_post_label":"Sponsored by","sponsored_post_name":"","sponsored_post_url":"","sponsored_post_logo_enable":"0","sponsored_post_logo":"","sponsored_post_desc":""},"jnews_primary_category":{"id":"22"},"jnews_social_meta":{"fb_title":"","fb_description":"","fb_image":"","twitter_title":"","twitter_description":"","twitter_image":""},"jnews_override_counter":{"override_view_counter":"0","view_counter_number":"0","override_share_counter":"0","share_counter_number":"0","override_like_counter":"0","like_counter_number":"0","override_dislike_counter":"0","dislike_counter_number":"0"},"_joinchat":[],"footnotes":""},"categories":[22],"tags":[269,222,69],"class_list":["post-6933","post","type-post","status-publish","format-standard","has-post-thumbnail","hentry","category-actualidad","tag-edicion-101","tag-elecciones","tag-latinoamerica"],"_links":{"self":[{"href":"https:\/\/tribunavm.com.ar\/index.php\/wp-json\/wp\/v2\/posts\/6933"}],"collection":[{"href":"https:\/\/tribunavm.com.ar\/index.php\/wp-json\/wp\/v2\/posts"}],"about":[{"href":"https:\/\/tribunavm.com.ar\/index.php\/wp-json\/wp\/v2\/types\/post"}],"author":[{"embeddable":true,"href":"https:\/\/tribunavm.com.ar\/index.php\/wp-json\/wp\/v2\/users\/2"}],"replies":[{"embeddable":true,"href":"https:\/\/tribunavm.com.ar\/index.php\/wp-json\/wp\/v2\/comments?post=6933"}],"version-history":[{"count":2,"href":"https:\/\/tribunavm.com.ar\/index.php\/wp-json\/wp\/v2\/posts\/6933\/revisions"}],"predecessor-version":[{"id":6938,"href":"https:\/\/tribunavm.com.ar\/index.php\/wp-json\/wp\/v2\/posts\/6933\/revisions\/6938"}],"wp:featuredmedia":[{"embeddable":true,"href":"https:\/\/tribunavm.com.ar\/index.php\/wp-json\/wp\/v2\/media\/6936"}],"wp:attachment":[{"href":"https:\/\/tribunavm.com.ar\/index.php\/wp-json\/wp\/v2\/media?parent=6933"}],"wp:term":[{"taxonomy":"category","embeddable":true,"href":"https:\/\/tribunavm.com.ar\/index.php\/wp-json\/wp\/v2\/categories?post=6933"},{"taxonomy":"post_tag","embeddable":true,"href":"https:\/\/tribunavm.com.ar\/index.php\/wp-json\/wp\/v2\/tags?post=6933"}],"curies":[{"name":"wp","href":"https:\/\/api.w.org\/{rel}","templated":true}]}}